{"id":169293,"date":"2019-06-14T13:06:00","date_gmt":"2019-06-14T10:06:00","guid":{"rendered":"http:\/\/www.tvturk.com\/index.php\/yozgatli-besiz-kardesler-karne-heyecani-yasadi\/"},"modified":"2019-06-14T13:06:00","modified_gmt":"2019-06-14T10:06:00","slug":"yozgatli-besiz-kardesler-karne-heyecani-yasadi","status":"publish","type":"post","link":"http:\/\/www.tvturk.com\/index.php\/yozgatli-besiz-kardesler-karne-heyecani-yasadi\/","title":{"rendered":"Yozgatl\u0131 be\u015fiz karde\u015fler karne heyecan\u0131 ya\u015fad\u0131"},"content":{"rendered":"<p>Yozgat\u2019\u0131n Akda\u011fmadeni il\u00e7esinde ya\u015fayan \u00d6zlem ve \u0130brahim Bulut \u00e7iftinin, 75. Y\u0131l Cumhuriyet ilk\u00f6\u011fretim Okulu 1-A s\u0131n\u0131f\u0131nda e\u011fitim g\u00f6ren be\u015fiz \u00e7ocuklar\u0131, karne heyecan\u0131 ya\u015fad\u0131.<\/p>\n<p>Akda\u011fmadeni il\u00e7esinde ya\u015fayan \u0130brahim ve \u00d6zlem Bulut \u00e7iftinin 2012 y\u0131l\u0131nda premat\u00fcre d\u00fcnyaya gelen be\u015fiz \u00e7ocuklar\u0131 karne sevinci ya\u015fad\u0131. Akda\u011fmadeni 75. Y\u0131l Cumhuriyet ilk\u00f6\u011fretim Okulu 1-A s\u0131n\u0131f\u0131nda e\u011fitim g\u00f6ren be\u015fiz karde\u015fler, Zeynep Muteber, Yunus Kerem, Davut Ege, Muhammed Emin ve \u00d6mer Faruk karnelerini s\u0131n\u0131f \u00f6\u011fretmenleri Mesut \u015eafak\u2019tan ald\u0131. Babalar\u0131 ile karne almaya okula gelen be\u015fiz karde\u015fler, ikinci s\u0131n\u0131fa ge\u00e7menin heyecan\u0131n\u0131 ya\u015fad\u0131.<\/p>\n<p>Ailece \u00e7ocuklar\u0131n\u0131n birinci s\u0131n\u0131f\u0131 ba\u015far\u0131yla tamamlamas\u0131n\u0131n mutlulu\u011funu ya\u015fad\u0131klar\u0131n\u0131 dile getiren baba \u0130brahim Bulut yapt\u0131\u011f\u0131 a\u00e7\u0131klamada, \u201c\u00c7ocuklar\u0131m ile e\u011fitim y\u0131l\u0131 boyunca tek tek ilgilendim. Vermi\u015f oldu\u011fumuz emeklerin kar\u015f\u0131l\u0131\u011f\u0131n\u0131 \u00e7ok \u015f\u00fck\u00fcr ald\u0131k. \u00c7ocuklar\u0131m\u0131z\u0131n hepsi de okuma ve yazmalar\u0131nda gayet ba\u015far\u0131l\u0131 oldu. \u00d6\u011fretmenlerine hizmetlerinden dolay\u0131 te\u015fekk\u00fcr ediyorum&#8221; dedi.<\/p>\n<p>S\u0131n\u0131f \u00f6\u011fretmeni Mesut \u015eafak ise s\u0131n\u0131f\u0131nda be\u015fiz \u00f6\u011frencilerine e\u011fitim vermekten duydu\u011fu memnuniyeti dile getirdi. \u015eafak, &#8220;Ba\u015far\u0131l\u0131 bir e\u011fitim s\u00fcreci ge\u00e7irdik. \u00d6\u011frencilerimizin hepsi de okuma yazmay\u0131 \u00f6\u011frendi. \u0130n\u015fallah ikinci s\u0131n\u0131fta daha g\u00fczel \u00e7al\u0131\u015fmalarla ba\u015far\u0131l\u0131 e\u011fitimlerine devam edece\u011fiz&#8221; \u015feklinde konu\u015ftu.<\/p>\n<p>Karne heyecan\u0131 ya\u015fayan be\u015fizler t\u00f6ren sonras\u0131 s\u0131n\u0131f arkada\u015flar\u0131 ile hat\u0131ra foto\u011fraf\u0131 \u00e7ektirdi.<\/p>\n","protected":false},"excerpt":{"rendered":"<p>YOZGATLI BE\u015e\u0130Z KARDE\u015eLER KARNE HEYECANI YA\u015eADI<\/p>\n","protected":false},"author":1,"featured_media":169294,"comment_status":"closed","ping_status":"open","sticky":false,"template":"","format":"standard","meta":{"jetpack_post_was_ever_published":false,"_jetpack_newsletter_access":"","_jetpack_dont_email_post_to_subs":false,"_jetpack_newsletter_tier_id":0,"_jetpack_memberships_contains_paywalled_content":false,"_jetpack_memberships_contains_paid_content":false,"footnotes":"","jetpack_publicize_message":"","jetpack_publicize_feature_enabled":true,"jetpack_social_post_already_shared":true,"jetpack_social_options":{"image_generator_settings":{"template":"highway","default_image_id":0,"font":"","enabled":false},"version":2}},"categories":[1],"tags":[40699,1179,4874,39150,8303,18742],"class_list":["post-169293","post","type-post","status-publish","format-standard","has-post-thumbnail","hentry","category-genel","tag-besiz","tag-heyecani","tag-kardesler","tag-karne","tag-yasadi","tag-yozgatli"],"jetpack_publicize_connections":[],"jetpack_featured_media_url":"https:\/\/i0.wp.com\/www.tvturk.com\/wp-content\/uploads\/2019\/06\/yozgatli-besiz-kardesler-karne-heyecani-yasadi_71f0806.jpg?fit=1000%2C562","jetpack_sharing_enabled":true,"jetpack_shortlink":"https:\/\/wp.me\/paKIfm-I2x","_links":{"self":[{"href":"http:\/\/www.tvturk.com\/index.php\/wp-json\/wp\/v2\/posts\/169293","targetHints":{"allow":["GET"]}}],"collection":[{"href":"http:\/\/www.tvturk.com\/index.php\/wp-json\/wp\/v2\/posts"}],"about":[{"href":"http:\/\/www.tvturk.com\/index.php\/wp-json\/wp\/v2\/types\/post"}],"author":[{"embeddable":true,"href":"http:\/\/www.tvturk.com\/index.php\/wp-json\/wp\/v2\/users\/1"}],"replies":[{"embeddable":true,"href":"http:\/\/www.tvturk.com\/index.php\/wp-json\/wp\/v2\/comments?post=169293"}],"version-history":[{"count":0,"href":"http:\/\/www.tvturk.com\/index.php\/wp-json\/wp\/v2\/posts\/169293\/revisions"}],"wp:featuredmedia":[{"embeddable":true,"href":"http:\/\/www.tvturk.com\/index.php\/wp-json\/wp\/v2\/media\/169294"}],"wp:attachment":[{"href":"http:\/\/www.tvturk.com\/index.php\/wp-json\/wp\/v2\/media?parent=169293"}],"wp:term":[{"taxonomy":"category","embeddable":true,"href":"http:\/\/www.tvturk.com\/index.php\/wp-json\/wp\/v2\/categories?post=169293"},{"taxonomy":"post_tag","embeddable":true,"href":"http:\/\/www.tvturk.com\/index.php\/wp-json\/wp\/v2\/tags?post=169293"}],"curies":[{"name":"wp","href":"https:\/\/api.w.org\/{rel}","templated":true}]}}