{"id":169295,"date":"2019-06-14T13:06:04","date_gmt":"2019-06-14T10:06:04","guid":{"rendered":"http:\/\/www.tvturk.com\/index.php\/sehit-ogretmen-necmettin-yilmazin-ogrencileri-ilkokuldan-mezun-oldu\/"},"modified":"2019-06-14T13:06:04","modified_gmt":"2019-06-14T10:06:04","slug":"sehit-ogretmen-necmettin-yilmazin-ogrencileri-ilkokuldan-mezun-oldu","status":"publish","type":"post","link":"http:\/\/www.tvturk.com\/index.php\/sehit-ogretmen-necmettin-yilmazin-ogrencileri-ilkokuldan-mezun-oldu\/","title":{"rendered":"\u015eehit \u00f6\u011fretmen Necmettin Y\u0131lmaz\u2019\u0131n \u00f6\u011frencileri ilkokuldan mezun oldu"},"content":{"rendered":"<p>\u015eanl\u0131urfa\u2019n\u0131 Siverek il\u00e7esinden memleketi G\u00fcm\u00fc\u015fhane\u2019ye giderken Tunceli\u2019de ter\u00f6r \u00f6rg\u00fct\u00fc PKK mensuplar\u0131nca ka\u00e7\u0131r\u0131l\u0131p, \u015fehit edilen s\u0131n\u0131f \u00f6\u011fretmeni Necmettin Y\u0131lmaz\u2019\u0131n \u00f6\u011frencileri, karnelerini alarak, ilkokuldan mezun oldu.<\/p>\n<p>\u015eehit \u00f6\u011fretmenin g\u00f6rev yapt\u0131\u011f\u0131 ve isminin verildi\u011fi okulda Siverek \u0130l\u00e7e Kaymakam\u0131 Mustafa \u00c7ift\u00e7iler\u2019in kat\u0131l\u0131m\u0131yla ger\u00e7ekle\u015ftirilen karne ve mezuniyet t\u00f6reninde duygulu anlar ya\u015fand\u0131. Yaz\u0131 tahtas\u0131nda b\u00fcy\u00fck harflerle \u2018seni \u00e7ok \u00f6zledik \u00f6\u011fretmenin\u2019 yazan \u00f6\u011frenciler, \u015fehit \u00f6\u011fretmenlerini sayg\u0131yla and\u0131. Mezuniyetlerini pasta keserek kutlayan \u00f6\u011frencileri Kaymakam \u00c7ift\u00e7iler tebrik etti.<\/p>\n<p>Karne da\u011f\u0131t\u0131m\u0131ndan sonra a\u00e7\u0131klama yapan Siverek \u0130l\u00e7e Kaymakam\u0131 Mustafa \u00c7ift\u00e7iler,\u201d 2018-2019 e\u011fitim \u00f6\u011fretim y\u0131l\u0131 sonunda karne t\u00f6renimizi \u00f6zel bir okulda ger\u00e7ekle\u015ftirmeyi ama\u00e7lad\u0131k. Daha \u00f6nce PKK taraf\u0131ndan haince \u015fehit ettirilen \u00f6\u011fretmenimizin \u00f6\u011frencilerinin mezun oldu\u011fu bu okulumuzda karne t\u00f6renimizi d\u00fczenlemek istedik. Bug\u00fcn \u015eehit \u00f6\u011fretmenimizin hayali olan b\u00fcy\u00fck okulumuzu hem ziyaret edece\u011fiz ve hem de ortaokula ge\u00e7ecek olan \u00f6\u011frencilerimizin mezuniyet sevin\u00e7lerine ortak olmaya geldik. Hala onlar \u00f6\u011fretmenlerini \u00e7ok seviyorlar, \u00f6\u011fretmenlerini unutmam\u0131\u015flar. Bizde Necmettin \u00f6\u011fretmenimizi sayg\u0131yla, rahmetle, \u00f6zlemle an\u0131yoruz ve vatan\u0131m\u0131z\u0131n b\u00f6l\u00fcnmez b\u00fct\u00fcnl\u00fc\u011f\u00fc sonsuza kadar s\u00fcrece\u011fini belirtiyoruz\u201d dedi<\/p>\n<p>D\u00f6rd\u00fcnc\u00fc s\u0131n\u0131f\u0131 bitirerek ilkokuldan mezun olan Aliye Sunkar, \u2018h\u00fcz\u00fcn ve mutlulu\u011fu bir arada ya\u015fad\u0131klar\u0131n\u0131\u2019 belirterek,\u201d Bug\u00fcn karne g\u00fcn\u00fcm\u00fcz ve bende te\u015fekk\u00fcr belgesini ald\u0131m, bu te\u015fekk\u00fcr belgemi Necmettin \u00f6\u011fretmenime hediye ediyorum&#8221; diye konu\u015ftu.<\/p>\n<p>Necmettin Y\u0131lmaz\u2019\u0131n \u00f6\u011frencilerinden olan Birg\u00fcl Subay\u2019da \u015fehit \u00f6\u011fretmeni \u00e7ok sevdi\u011fini s\u00f6yleyerek, onun g\u00f6sterdi\u011fi yolda y\u00fcr\u00fcyece\u011fini\u2019 belirtti<\/p>\n","protected":false},"excerpt":{"rendered":"<p>\u015eEH\u0130T \u00d6\u011eRETMEN NECMETT\u0130N YILMAZ\u2019IN \u00d6\u011eRENC\u0130LER\u0130 \u0130LKOKULDAN MEZUN OLDU<\/p>\n","protected":false},"author":1,"featured_media":169296,"comment_status":"closed","ping_status":"open","sticky":false,"template":"","format":"standard","meta":{"jetpack_post_was_ever_published":false,"_jetpack_newsletter_access":"","_jetpack_dont_email_post_to_subs":false,"_jetpack_newsletter_tier_id":0,"_jetpack_memberships_contains_paywalled_content":false,"_jetpack_memberships_contains_paid_content":false,"footnotes":"","jetpack_publicize_message":"","jetpack_publicize_feature_enabled":true,"jetpack_social_post_already_shared":true,"jetpack_social_options":{"image_generator_settings":{"template":"highway","default_image_id":0,"font":"","enabled":false},"version":2}},"categories":[1],"tags":[40700,8906,19379,1491,1904,77,237,23350],"class_list":["post-169295","post","type-post","status-publish","format-standard","has-post-thumbnail","hentry","category-genel","tag-ilkokuldan","tag-mezun","tag-necmettin","tag-ogrencileri","tag-ogretmen","tag-oldu","tag-sehit","tag-yilmazin"],"jetpack_publicize_connections":[],"jetpack_featured_media_url":"https:\/\/i0.wp.com\/www.tvturk.com\/wp-content\/uploads\/2019\/06\/sehit-ogretmen-necmettin-yilmazin-ogrencileri-ilkokuldan-mezun-oldu_e4a3297.jpg?fit=1000%2C666","jetpack_sharing_enabled":true,"jetpack_shortlink":"https:\/\/wp.me\/paKIfm-I2z","_links":{"self":[{"href":"http:\/\/www.tvturk.com\/index.php\/wp-json\/wp\/v2\/posts\/169295","targetHints":{"allow":["GET"]}}],"collection":[{"href":"http:\/\/www.tvturk.com\/index.php\/wp-json\/wp\/v2\/posts"}],"about":[{"href":"http:\/\/www.tvturk.com\/index.php\/wp-json\/wp\/v2\/types\/post"}],"author":[{"embeddable":true,"href":"http:\/\/www.tvturk.com\/index.php\/wp-json\/wp\/v2\/users\/1"}],"replies":[{"embeddable":true,"href":"http:\/\/www.tvturk.com\/index.php\/wp-json\/wp\/v2\/comments?post=169295"}],"version-history":[{"count":0,"href":"http:\/\/www.tvturk.com\/index.php\/wp-json\/wp\/v2\/posts\/169295\/revisions"}],"wp:featuredmedia":[{"embeddable":true,"href":"http:\/\/www.tvturk.com\/index.php\/wp-json\/wp\/v2\/media\/169296"}],"wp:attachment":[{"href":"http:\/\/www.tvturk.com\/index.php\/wp-json\/wp\/v2\/media?parent=169295"}],"wp:term":[{"taxonomy":"category","embeddable":true,"href":"http:\/\/www.tvturk.com\/index.php\/wp-json\/wp\/v2\/categories?post=169295"},{"taxonomy":"post_tag","embeddable":true,"href":"http:\/\/www.tvturk.com\/index.php\/wp-json\/wp\/v2\/tags?post=169295"}],"curies":[{"name":"wp","href":"https:\/\/api.w.org\/{rel}","templated":true}]}}