{"id":169299,"date":"2019-06-14T13:10:16","date_gmt":"2019-06-14T10:10:16","guid":{"rendered":"http:\/\/www.tvturk.com\/index.php\/artvinde-25-bin-ogrenci-karne-heyecani-yasadi\/"},"modified":"2019-06-14T13:10:16","modified_gmt":"2019-06-14T10:10:16","slug":"artvinde-25-bin-ogrenci-karne-heyecani-yasadi","status":"publish","type":"post","link":"http:\/\/www.tvturk.com\/index.php\/artvinde-25-bin-ogrenci-karne-heyecani-yasadi\/","title":{"rendered":"Artvin\u2019de 25 bin \u00f6\u011frenci karne heyecan\u0131 ya\u015fad\u0131"},"content":{"rendered":"<p>E\u011fitim \u00f6\u011fretim y\u0131l\u0131n\u0131n sona ermesiyle birlikte Artvin\u2019de 168 okulda 25 bin 544 \u00f6\u011frenci ve 2 bin 469 \u00f6\u011fretmen i\u00e7in yaz tatili d\u00f6nemi ba\u015flad\u0131.<\/p>\n<p>Artvin Seyitler TOK\u0130 Onur \u0130lhan \u0130lkokulu\u2019nda d\u00fczenlenen karne t\u00f6renine kat\u0131lan Artvin Valisi Y\u0131lmaz Doruk, Garnizon Komutan\u0131 Piyade Albay Abdurrahman Cengiz \u00c7er\u00e7i ve \u0130l Milli E\u011fitim M\u00fcd\u00fcr\u00fc Abd\u00fclcelil Kahveci \u00f6\u011frencilere karnelerini da\u011f\u0131tt\u0131lar.<\/p>\n<p>Burada \u00f6\u011frencilerin durumlar\u0131 hakk\u0131nda \u00f6\u011fretmenlerinden bilgi alan Vali Doruk, velilerle de sohbet ederek \u00f6\u011frencilerin yaz tatilini nas\u0131l ge\u00e7irmesi gerekti\u011fi konusunda tavsiyelerde bulundu.<\/p>\n<p>Burada bas\u0131n mensuplar\u0131na de\u011ferlendirmelerde bulunan \u0130l Milli E\u011fitim M\u00fcd\u00fcr\u00fc Abd\u00fclcelil Kahveci  \u201cBu  e\u011fitim \u00f6\u011fretim y\u0131l\u0131 itibariyle ilimizde toplam 168 okulumuzda 25 bin 544 \u00f6\u011frenci \u00f6\u011frenim g\u00f6rmektedir. Okul ve kurumlar\u0131m\u0131zda 2 bin 469 y\u00f6netici ve \u00f6\u011fretmen g\u00f6rev yapmaktad\u0131r. 2018-2019 e\u011fitim \u00f6\u011fretim y\u0131l\u0131nda, Milli E\u011fitim Bakanl\u0131\u011f\u0131m\u0131z\u0131n belirledi\u011fi 2023 hedefleri do\u011frultusunda t\u00fcm e\u011fitim payda\u015flar\u0131m\u0131zla birlikte imk\u00e2nlar\u0131m\u0131z\u0131 seferber ederek \u00f6\u011frenci, \u00f6\u011fretmen, velilerimiz ve payda\u015f kurumlar\u0131m\u0131zla hizmet verdik\u201d dedi.<\/p>\n<p>T\u00fcm \u00f6\u011frencileri gayretlerinden dolay\u0131 kutlayan Kahveci, \u201c\u00d6\u011frencilerimizin notlar\u0131 ne olursa olsun hi\u00e7bir zaman \u00fcmitlerini ve azimlerini kaybetmemeli. Ba\u015farmak i\u00e7in gayret etmeliler.<\/p>\n<p>Ba\u015fta \u00f6\u011fretmenlerimiz ve anne-babalar\u0131n\u0131z olmak \u00fczere, hepimiz \u00f6\u011frencilerimize destek olmak, sorunlar\u0131n\u0131z\u0131 \u00e7\u00f6zmek, g\u00fczel ve mutlu bir e\u011fitim ortam\u0131nda ba\u015far\u0131l\u0131 \u00f6\u011frencilik ge\u00e7irmeleri i\u00e7in elimizden geleni yap\u0131yoruz yapmayanda devam edece\u011fiz\u201d diye konu\u015ftu.<\/p>\n<p>Kahveci devam\u0131nda \u00f6\u011fretmen ve \u00f6\u011frencilere iyi tatiller diledi.<\/p>\n","protected":false},"excerpt":{"rendered":"<p>ARTV\u0130N\u2019DE 2018-2019 E\u011e\u0130T\u0130M \u00d6\u011eRET\u0130M YILININ SON ERMES\u0130 \u0130LE GENEL\u0130NDE 25 B\u0130N 544 \u00d6\u011eRENC\u0130 KARNE HEYECANI YA\u015eADI.<\/p>\n","protected":false},"author":1,"featured_media":169300,"comment_status":"closed","ping_status":"open","sticky":false,"template":"","format":"standard","meta":{"jetpack_post_was_ever_published":false,"_jetpack_newsletter_access":"","_jetpack_dont_email_post_to_subs":false,"_jetpack_newsletter_tier_id":0,"_jetpack_memberships_contains_paywalled_content":false,"_jetpack_memberships_contains_paid_content":false,"footnotes":"","jetpack_publicize_message":"","jetpack_publicize_feature_enabled":true,"jetpack_social_post_already_shared":true,"jetpack_social_options":{"image_generator_settings":{"template":"highway","default_image_id":0,"font":"","enabled":false},"version":2}},"categories":[1],"tags":[20020,213,1179,39150,773,8303],"class_list":["post-169299","post","type-post","status-publish","format-standard","has-post-thumbnail","hentry","category-genel","tag-artvinde","tag-bin","tag-heyecani","tag-karne","tag-ogrenci","tag-yasadi"],"jetpack_publicize_connections":[],"jetpack_featured_media_url":"https:\/\/i0.wp.com\/www.tvturk.com\/wp-content\/uploads\/2019\/06\/artvinde-25-bin-ogrenci-karne-heyecani-yasadi_264cf37.jpg?fit=1000%2C666","jetpack_sharing_enabled":true,"jetpack_shortlink":"https:\/\/wp.me\/paKIfm-I2D","_links":{"self":[{"href":"http:\/\/www.tvturk.com\/index.php\/wp-json\/wp\/v2\/posts\/169299","targetHints":{"allow":["GET"]}}],"collection":[{"href":"http:\/\/www.tvturk.com\/index.php\/wp-json\/wp\/v2\/posts"}],"about":[{"href":"http:\/\/www.tvturk.com\/index.php\/wp-json\/wp\/v2\/types\/post"}],"author":[{"embeddable":true,"href":"http:\/\/www.tvturk.com\/index.php\/wp-json\/wp\/v2\/users\/1"}],"replies":[{"embeddable":true,"href":"http:\/\/www.tvturk.com\/index.php\/wp-json\/wp\/v2\/comments?post=169299"}],"version-history":[{"count":0,"href":"http:\/\/www.tvturk.com\/index.php\/wp-json\/wp\/v2\/posts\/169299\/revisions"}],"wp:featuredmedia":[{"embeddable":true,"href":"http:\/\/www.tvturk.com\/index.php\/wp-json\/wp\/v2\/media\/169300"}],"wp:attachment":[{"href":"http:\/\/www.tvturk.com\/index.php\/wp-json\/wp\/v2\/media?parent=169299"}],"wp:term":[{"taxonomy":"category","embeddable":true,"href":"http:\/\/www.tvturk.com\/index.php\/wp-json\/wp\/v2\/categories?post=169299"},{"taxonomy":"post_tag","embeddable":true,"href":"http:\/\/www.tvturk.com\/index.php\/wp-json\/wp\/v2\/tags?post=169299"}],"curies":[{"name":"wp","href":"https:\/\/api.w.org\/{rel}","templated":true}]}}