{"id":169301,"date":"2019-06-14T13:10:20","date_gmt":"2019-06-14T10:10:20","guid":{"rendered":"http:\/\/www.tvturk.com\/index.php\/suriye-sinirindaki-kiliste-jandarma-genel-komutanliginin-kurulus-yildonumu-kutlandi\/"},"modified":"2019-06-14T13:10:20","modified_gmt":"2019-06-14T10:10:20","slug":"suriye-sinirindaki-kiliste-jandarma-genel-komutanliginin-kurulus-yildonumu-kutlandi","status":"publish","type":"post","link":"http:\/\/www.tvturk.com\/index.php\/suriye-sinirindaki-kiliste-jandarma-genel-komutanliginin-kurulus-yildonumu-kutlandi\/","title":{"rendered":"Suriye s\u0131n\u0131r\u0131ndaki Kilis\u2019te Jandarma Genel Komutanl\u0131\u011f\u0131n\u0131n kurulu\u015f y\u0131ld\u00f6n\u00fcm\u00fc kutland\u0131"},"content":{"rendered":"<p>Suriye s\u0131n\u0131r\u0131ndaki Kilis\u2019te, Jandarma Genel Komutanl\u0131\u011f\u0131n\u0131n 180\u2019inci kurulu\u015f y\u0131ld\u00f6n\u00fcm\u00fc g\u00f6rkemli t\u00f6renlerle kutland\u0131.<\/p>\n<p>Jandarma Genel Komutanl\u0131\u011f\u0131n\u0131n 180\u2019inci kurulu\u015f y\u0131ld\u00f6n\u00fcm\u00fc Kilis\u2019te de kutland\u0131. Sayg\u0131 duru\u015funda bulunulmas\u0131 ve \u0130stiklal Mar\u015f\u0131\u2019n\u0131n okunmas\u0131ndan sonra \u0130l Jandarma Komutan\u0131 Jandarma K\u0131demli Albay Hakan Ba\u015fakl\u0131gil bir konu\u015fma yapt\u0131. Ba\u015fakl\u0131gil, &#8220;Jandarma te\u015fkilat\u0131 kuruldu\u011fundan bu yana halk\u0131m\u0131z\u0131n sevgisine mahzar olmu\u015ftur. Milletimizin huzur ve g\u00fcvenli\u011fiyle, kamu d\u00fczeninin sa\u011flanmas\u0131 hizmetleriyle ulusumuzun her zaman takdirini kazanm\u0131\u015ft\u0131r. Jandarma Genel Komutanl\u0131\u011f\u0131 ve personeli olarak bizler, milletimizin tevecc\u00fch\u00fcn\u00fc var olan sevgi ba\u011f\u0131n\u0131 korumak, per\u00e7inlemek, daha da g\u00fc\u00e7lendirmek azim ve kararl\u0131\u011f\u0131nday\u0131z\u201d dedi.<\/p>\n<p>Konu\u015fman\u0131n ard\u0131ndan jandarma k\u00f6pek timinin g\u00f6sterisi uzun s\u00fcre alk\u0131\u015fland\u0131. Kilis Halk E\u011fitim Merkezi Mehter Tak\u0131m\u0131n\u0131n g\u00f6sterisi de b\u00fcy\u00fck ilgi g\u00f6rd\u00fc. Jandarma Haftas\u0131 nedeniyle dereceye giren \u00f6\u011frencilere \u00e7e\u015fitli hediyeler verildi. Jandarmalar\u0131n kulland\u0131\u011f\u0131 son teknoloji silahlar ve malzemelerin yer ald\u0131\u011f\u0131 stand gezildi. T\u00f6ren y\u00fcr\u00fcy\u00fc\u015f\u00fcn\u00fcn yap\u0131lmas\u0131 ile program sona erdi.<\/p>\n<p>Programa Kilis Valisi Recep Soyt\u00fcrk, Kilis Belediye Ba\u015fkan Vekili Mehmet Fatih Yal\u00e7\u0131n, Garnizon ve 1\u2019inci Hudut Alay Komutan\u0131 Piyade Albay Hasan Ufuk Ar\u0131can, \u0130l Jandarma Komutan\u0131 Jandarma Hakan Ba\u015fakl\u0131gil, Cumhuriyet Ba\u015fsavc\u0131s\u0131 Serdar Durmu\u015f, \u0130l Emniyet M\u00fcd\u00fcr\u00fc G\u00fcnter \u015eenses, 7 Aral\u0131k \u00dcniversitesi Rekt\u00f6r\u00fc Prof. Dr. Mustafa Do\u011fan Karacu\u015fkun, askeri personel, daire amir ve m\u00fcd\u00fcrleri ile \u00e7ok say\u0131da vatanda\u015f kat\u0131ld\u0131.<\/p>\n","protected":false},"excerpt":{"rendered":"<p>SUR\u0130YE SINIRINDAK\u0130 K\u0130L\u0130S\u2019TE, JANDARMA TE\u015eK\u0130LATININ 180. KURULU\u015e YILD\u00d6N\u00dcM\u00dc G\u00d6RKEML\u0130 T\u00d6RENLERLE KUTLANDI.<\/p>\n","protected":false},"author":1,"featured_media":169302,"comment_status":"closed","ping_status":"open","sticky":false,"template":"","format":"standard","meta":{"jetpack_post_was_ever_published":false,"_jetpack_newsletter_access":"","_jetpack_dont_email_post_to_subs":false,"_jetpack_newsletter_tier_id":0,"_jetpack_memberships_contains_paywalled_content":false,"_jetpack_memberships_contains_paid_content":false,"footnotes":"","jetpack_publicize_message":"","jetpack_publicize_feature_enabled":true,"jetpack_social_post_already_shared":true,"jetpack_social_options":{"image_generator_settings":{"template":"highway","default_image_id":0,"font":"","enabled":false},"version":2}},"categories":[1],"tags":[869,942,6273,40655,4037,2822,18439,6521,3101],"class_list":["post-169301","post","type-post","status-publish","format-standard","has-post-thumbnail","hentry","category-genel","tag-genel","tag-jandarma","tag-kiliste","tag-komutanliginin","tag-kurulus","tag-kutlandi","tag-sinirindaki","tag-suriye","tag-yildonumu"],"jetpack_publicize_connections":[],"jetpack_featured_media_url":"https:\/\/i0.wp.com\/www.tvturk.com\/wp-content\/uploads\/2019\/06\/suriye-sinirindaki-kiliste-jandarma-genel-komutanliginin-kurulus-yildonumu-kutlandi_4f9d5d7.jpg?fit=1000%2C666","jetpack_sharing_enabled":true,"jetpack_shortlink":"https:\/\/wp.me\/paKIfm-I2F","_links":{"self":[{"href":"http:\/\/www.tvturk.com\/index.php\/wp-json\/wp\/v2\/posts\/169301","targetHints":{"allow":["GET"]}}],"collection":[{"href":"http:\/\/www.tvturk.com\/index.php\/wp-json\/wp\/v2\/posts"}],"about":[{"href":"http:\/\/www.tvturk.com\/index.php\/wp-json\/wp\/v2\/types\/post"}],"author":[{"embeddable":true,"href":"http:\/\/www.tvturk.com\/index.php\/wp-json\/wp\/v2\/users\/1"}],"replies":[{"embeddable":true,"href":"http:\/\/www.tvturk.com\/index.php\/wp-json\/wp\/v2\/comments?post=169301"}],"version-history":[{"count":0,"href":"http:\/\/www.tvturk.com\/index.php\/wp-json\/wp\/v2\/posts\/169301\/revisions"}],"wp:featuredmedia":[{"embeddable":true,"href":"http:\/\/www.tvturk.com\/index.php\/wp-json\/wp\/v2\/media\/169302"}],"wp:attachment":[{"href":"http:\/\/www.tvturk.com\/index.php\/wp-json\/wp\/v2\/media?parent=169301"}],"wp:term":[{"taxonomy":"category","embeddable":true,"href":"http:\/\/www.tvturk.com\/index.php\/wp-json\/wp\/v2\/categories?post=169301"},{"taxonomy":"post_tag","embeddable":true,"href":"http:\/\/www.tvturk.com\/index.php\/wp-json\/wp\/v2\/tags?post=169301"}],"curies":[{"name":"wp","href":"https:\/\/api.w.org\/{rel}","templated":true}]}}