{"id":169305,"date":"2019-06-14T13:15:00","date_gmt":"2019-06-14T10:15:00","guid":{"rendered":"http:\/\/www.tvturk.com\/index.php\/cin-disisleri-bakanligi-kimse-umman-korfezinde-savas-gormek-istemiyor\/"},"modified":"2019-06-14T13:15:00","modified_gmt":"2019-06-14T10:15:00","slug":"cin-disisleri-bakanligi-kimse-umman-korfezinde-savas-gormek-istemiyor","status":"publish","type":"post","link":"http:\/\/www.tvturk.com\/index.php\/cin-disisleri-bakanligi-kimse-umman-korfezinde-savas-gormek-istemiyor\/","title":{"rendered":"\u00c7in D\u0131\u015fi\u015fleri Bakanl\u0131\u011f\u0131: \u201cKimse Umman K\u00f6rfezi\u2019nde sava\u015f g\u00f6rmek istemiyor\u201d"},"content":{"rendered":"<p>\u00c7in D\u0131\u015fi\u015fleri Bakanl\u0131\u011f\u0131 S\u00f6zc\u00fcs\u00fc Geng Shuang, Umman K\u00f6rfezi\u2019nde Panama band\u0131ral\u0131 ve Mar\u015fal Adalar\u0131 band\u0131ral\u0131 Front Altair adl\u0131 iki tankere d\u00fczenlenen sald\u0131r\u0131 sonras\u0131 yapt\u0131\u011f\u0131 a\u00e7\u0131klamada, hi\u00e7 kimsenin sava\u015f g\u00f6rmek istemedi\u011fini, t\u00fcm taraflar\u0131n diyalog yoluyla sorunu \u00e7\u00f6zebilece\u011fini s\u00f6yledi.<\/p>\n<p>\u00c7in D\u0131\u015fi\u015fleri Bakanl\u0131\u011f\u0131 S\u00f6zc\u00fcs\u00fc Geng Shuang, \u00c7in\u2019in artan gerginlikten derin endi\u015fe duydu\u011funu s\u00f6yleyerek, \u201cKimse Umman K\u00f6rfezi\u2019nde sava\u015f g\u00f6rmek istemiyor. Bu kimsenin ilgisini \u00e7ekmiyor\u201d ifadelerini kulland\u0131. Pekin\u2019de a\u00e7\u0131klamalarda bulunan Shuang, b\u00fct\u00fcn ilgili taraflar\u0131n sakin kalmas\u0131 ve gerginli\u011fin daha da artmas\u0131n\u0131n engellenmesi gerekti\u011fini belirterek, \u201cT\u00fcm taraflar\u0131n ilgili sulardaki seyir g\u00fcvenli\u011fini, b\u00f6lgesel bar\u0131\u015f ve istikrar\u0131 ortak bir \u015fekilde koruyabilece\u011fini umuyoruz\u201d \u015feklinde konu\u015ftu.<\/p>\n<p>\u00c7in ve \u0130ran\u2019\u0131n enerji sekt\u00f6r\u00fcnde yak\u0131n ba\u011flar\u0131 oldu\u011funu belirten Shuang, \u00c7in\u2019in enerji g\u00fcvenli\u011fini ve \u015firketlerinin yasal haklar\u0131n\u0131 korumaya devam edece\u011fini de s\u00f6zlerine ekledi.<\/p>\n<p>ABD, d\u00fcn ger\u00e7ekle\u015ftirilen Umman K\u00f6rfezi\u2019ndeki iki petrol tankerine y\u00f6nelik sald\u0131r\u0131lardan \u0130ran\u2019\u0131 sorumlu tutmu\u015f ve bir video payla\u015farak \u0130ran\u2019\u0131n petrol gemilerine sald\u0131rd\u0131\u011f\u0131n\u0131 iddia etmi\u015fti. \u0130ran ise petrol tankerlerine y\u00f6nelik sald\u0131r\u0131dan sorumlu olmad\u0131\u011f\u0131n\u0131 a\u00e7\u0131klam\u0131\u015ft\u0131.<\/p>\n","protected":false},"excerpt":{"rendered":"<p>\u00c7\u0130N DI\u015e\u0130\u015eLER\u0130 BAKANLI\u011eI S\u00d6ZC\u00dcS\u00dc GENG SHUANG, UMMAN K\u00d6RFEZ\u0130&#8217;NDE PANAMA BANDIRALI VE MAR\u015eAL ADALARI BANDIRALI FRONT ALTA\u0130R ADLI \u0130K\u0130 TANKERE D\u00dcZENLENEN SALDIRI SONRASI YAPTI\u011eI A\u00c7IKLAMADA, H\u0130\u00c7 K\u0130MSEN\u0130N SAVA\u015e G\u00d6RMEK \u0130STEMED\u0130\u011e\u0130N\u0130, T\u00dcM TARAFLARIN D\u0130YALOG YOLUYLA SORUNU \u00c7\u00d6ZEB\u0130LECE\u011e\u0130N\u0130 S\u00d6YLED\u0130.<\/p>\n","protected":false},"author":1,"featured_media":169306,"comment_status":"closed","ping_status":"open","sticky":false,"template":"","format":"standard","meta":{"jetpack_post_was_ever_published":false,"_jetpack_newsletter_access":"","_jetpack_dont_email_post_to_subs":false,"_jetpack_newsletter_tier_id":0,"_jetpack_memberships_contains_paywalled_content":false,"_jetpack_memberships_contains_paid_content":false,"footnotes":"","jetpack_publicize_message":"","jetpack_publicize_feature_enabled":true,"jetpack_social_post_already_shared":true,"jetpack_social_options":{"image_generator_settings":{"template":"highway","default_image_id":0,"font":"","enabled":false},"version":2}},"categories":[10],"tags":[4581,9825,4733,1498,13301,14598,2442,160,40519],"class_list":["post-169305","post","type-post","status-publish","format-standard","has-post-thumbnail","hentry","category-dunya","tag-kimse","tag-bakanligi","tag-cin","tag-disisleri","tag-gormek","tag-istemiyor","tag-korfezinde","tag-savas","tag-umman"],"jetpack_publicize_connections":[],"jetpack_featured_media_url":"https:\/\/i0.wp.com\/www.tvturk.com\/wp-content\/uploads\/2019\/06\/cin-disisleri-bakanligi-kimse-umman-korfezinde-savas-gormek-istemiyor_2a0880a.jpg?fit=639%2C1000","jetpack_sharing_enabled":true,"jetpack_shortlink":"https:\/\/wp.me\/paKIfm-I2J","_links":{"self":[{"href":"http:\/\/www.tvturk.com\/index.php\/wp-json\/wp\/v2\/posts\/169305","targetHints":{"allow":["GET"]}}],"collection":[{"href":"http:\/\/www.tvturk.com\/index.php\/wp-json\/wp\/v2\/posts"}],"about":[{"href":"http:\/\/www.tvturk.com\/index.php\/wp-json\/wp\/v2\/types\/post"}],"author":[{"embeddable":true,"href":"http:\/\/www.tvturk.com\/index.php\/wp-json\/wp\/v2\/users\/1"}],"replies":[{"embeddable":true,"href":"http:\/\/www.tvturk.com\/index.php\/wp-json\/wp\/v2\/comments?post=169305"}],"version-history":[{"count":0,"href":"http:\/\/www.tvturk.com\/index.php\/wp-json\/wp\/v2\/posts\/169305\/revisions"}],"wp:featuredmedia":[{"embeddable":true,"href":"http:\/\/www.tvturk.com\/index.php\/wp-json\/wp\/v2\/media\/169306"}],"wp:attachment":[{"href":"http:\/\/www.tvturk.com\/index.php\/wp-json\/wp\/v2\/media?parent=169305"}],"wp:term":[{"taxonomy":"category","embeddable":true,"href":"http:\/\/www.tvturk.com\/index.php\/wp-json\/wp\/v2\/categories?post=169305"},{"taxonomy":"post_tag","embeddable":true,"href":"http:\/\/www.tvturk.com\/index.php\/wp-json\/wp\/v2\/tags?post=169305"}],"curies":[{"name":"wp","href":"https:\/\/api.w.org\/{rel}","templated":true}]}}