{"id":169383,"date":"2019-06-14T14:39:26","date_gmt":"2019-06-14T11:39:26","guid":{"rendered":"http:\/\/www.tvturk.com\/index.php\/turk-yildizlari-18-yil-sonra-yine-isparta-semalarinda\/"},"modified":"2019-06-14T14:39:26","modified_gmt":"2019-06-14T11:39:26","slug":"turk-yildizlari-18-yil-sonra-yine-isparta-semalarinda","status":"publish","type":"post","link":"http:\/\/www.tvturk.com\/index.php\/turk-yildizlari-18-yil-sonra-yine-isparta-semalarinda\/","title":{"rendered":"T\u00fcrk Y\u0131ld\u0131zlar\u0131 18 y\u0131l sonra yine Isparta semalar\u0131nda"},"content":{"rendered":"<p>T\u00fcrkiye\u2019nin milli gururu T\u00fcrk Y\u0131ld\u0131zlar\u0131, 18 y\u0131l aradan sonra Isparta semalar\u0131nda g\u00f6steri yapacak. Isparta Belediye Ba\u015fkan\u0131 \u015e\u00fckr\u00fc Ba\u015fde\u011firmen, yar\u0131n saat 17.00\u2019de t\u00fcm vatanda\u015flar\u0131 G\u00f6kkubbe Fuar ve Kongre Merkezi\u2019ne davet etti.<\/p>\n<p>T\u00fcrkiye\u2019nin ve T\u00fcrk Hava Kuvvetleri\u2019nin milli gururu ve g\u00f6ky\u00fcz\u00fcndeki milli tak\u0131m\u0131 olan T\u00fcrk Y\u0131ld\u0131zlar\u0131, yar\u0131n saat 17.00\u2019de Isparta semalar\u0131nda olacak. Isparta\u2019da 2. Ulusal G\u00fcl, Kozmetik \u00dcr\u00fcnleri Fuar\u0131 ve 5. D\u00fcnya Koku G\u00fcn\u00fc kapsam\u0131nda, Isparta\u2019n\u0131n fark\u0131ndal\u0131\u011f\u0131n\u0131 artt\u0131racak, tan\u0131t\u0131m\u0131na da b\u00fcy\u00fck katk\u0131 sunacak olan T\u00fcrk Y\u0131ld\u0131zlar\u0131\u2019n\u0131n 6 u\u00e7ak ile yakla\u015f\u0131k 30 dakika s\u00fcreyle ger\u00e7ekle\u015ftirece\u011fi g\u00f6steriler G\u00f6kkubbe Fuar ve Kongre Merkezi\u2019nden izlenebilecek.<\/p>\n<p>T\u00fcrk Y\u0131ld\u0131zlar\u0131\u2019nda g\u00f6rev yapan teknik ekip g\u00f6steri \u00f6ncesinde Isparta\u2019ya gelerek bir dizi \u00e7al\u0131\u015fma ger\u00e7ekle\u015ftirirken, Belediye Ba\u015fkan\u0131 \u015e\u00fckr\u00fc Ba\u015fde\u011firmen\u2019i de makam\u0131nda ziyaret etti. Kar\u015f\u0131l\u0131kl\u0131 g\u00f6r\u00fc\u015f al\u0131\u015fveri\u015finin ger\u00e7ekle\u015fti\u011fi ziyarette Ba\u015fkan Ba\u015fde\u011firmen, Ispartal\u0131 vatanda\u015flar\u0131 ve kom\u015fu illeri cumartesi g\u00fcn\u00fc ger\u00e7ekle\u015fecek T\u00fcrk Y\u0131ld\u0131zlar\u0131\u2019n\u0131n g\u00f6sterisini izlemeye davet etti.<\/p>\n<p>\u201cMilli gururumuz T\u00fcrk Y\u0131ld\u0131zlar\u0131 6 u\u00e7ak ile 30 dakikal\u0131k bir g\u00f6steri yapacak\u201d<\/p>\n<p>T\u00fcrk Y\u0131ld\u0131zlar\u0131\u2019n\u0131n, T\u00fcrkiye\u2019nin g\u00f6zbebe\u011fi oldu\u011funu kaydeden Isparta Belediye Ba\u015fkan\u0131 \u015e\u00fckr\u00fc Ba\u015fde\u011firmen, T\u00fcrk Y\u0131ld\u0131zlar\u0131 ile b\u00fcy\u00fck gurur duyduklar\u0131n\u0131 s\u00f6yledi. Ba\u015fde\u011firmen, \u201cT\u00fcrk Y\u0131ld\u0131zlar\u0131m\u0131zla cumartesi g\u00fcn\u00fc birlikte olaca\u011f\u0131z. Bizleri k\u0131rmad\u0131lar, davetimizi kabul ettiler ve kalabal\u0131k bir ekiple \u015fehrimize geldiler. Milli gururumuz T\u00fcrk Y\u0131ld\u0131zlar\u0131 6 u\u00e7ak ile G\u00f6kkubbe \u00fczerinde 30 dakikal\u0131k bir g\u00f6steri yapacak. Hem\u015fehrilerimizle, kom\u015fu illerimizde ya\u015fayan vatanda\u015flar\u0131m\u0131zla birlikte olmak, 18 y\u0131l aradan sonra \u015fehrimize gelen T\u00fcrk Y\u0131ld\u0131zlar\u0131m\u0131z\u0131n g\u00f6sterisini hep birlikte izlemek istiyoruz. Bu g\u00f6sterilerden herkesin istifade etmesini istiyoruz. T\u00fcm vatanda\u015flar\u0131m\u0131z\u0131 bu g\u00f6sterileri izlemeye davet ediyorum. Arkada\u015flar\u0131m\u0131za da buraya kadar gelip yapm\u0131\u015f olduklar\u0131 ziyaret ve \u00e7al\u0131\u015fmalar\u0131ndan dolay\u0131 te\u015fekk\u00fcr ediyorum\u201d dedi.<\/p>\n","protected":false},"excerpt":{"rendered":"<p>T\u00dcRK\u0130YE\u2019N\u0130N M\u0130L\u0130 GURURU T\u00dcRK YILDIZLARI, 18 YIL ARADAN SONRA ISPARTA SEMALARINDA G\u00d6STER\u0130 YAPACAK. ISPARTA BELED\u0130YE BA\u015eKANI \u015e\u00dcKR\u00dc BA\u015eDE\u011e\u0130RMEN, YARIN SAAT 17.00\u2019DE T\u00dcM VATANDA\u015eLARI G\u00d6KKUBBE FUAR VE KONGRE MERKEZ\u0130\u2019NE DAVET ETT\u0130.<\/p>\n","protected":false},"author":1,"featured_media":169384,"comment_status":"closed","ping_status":"open","sticky":false,"template":"","format":"standard","meta":{"jetpack_post_was_ever_published":false,"_jetpack_newsletter_access":"","_jetpack_dont_email_post_to_subs":false,"_jetpack_newsletter_tier_id":0,"_jetpack_memberships_contains_paywalled_content":false,"_jetpack_memberships_contains_paid_content":false,"footnotes":"","jetpack_publicize_message":"","jetpack_publicize_feature_enabled":true,"jetpack_social_post_already_shared":true,"jetpack_social_options":{"image_generator_settings":{"template":"highway","default_image_id":0,"font":"","enabled":false},"version":2}},"categories":[1],"tags":[6796,19233,2022,957,3860,231,13549],"class_list":["post-169383","post","type-post","status-publish","format-standard","has-post-thumbnail","hentry","category-genel","tag-isparta","tag-semalarinda","tag-sonra","tag-turk","tag-yine","tag-yil","tag-yildizlari"],"jetpack_publicize_connections":[],"jetpack_featured_media_url":"https:\/\/i0.wp.com\/www.tvturk.com\/wp-content\/uploads\/2019\/06\/turk-yildizlari-18-yil-sonra-yine-isparta-semalarinda_86134b6.jpg?fit=1000%2C666","jetpack_sharing_enabled":true,"jetpack_shortlink":"https:\/\/wp.me\/paKIfm-I3Z","_links":{"self":[{"href":"http:\/\/www.tvturk.com\/index.php\/wp-json\/wp\/v2\/posts\/169383","targetHints":{"allow":["GET"]}}],"collection":[{"href":"http:\/\/www.tvturk.com\/index.php\/wp-json\/wp\/v2\/posts"}],"about":[{"href":"http:\/\/www.tvturk.com\/index.php\/wp-json\/wp\/v2\/types\/post"}],"author":[{"embeddable":true,"href":"http:\/\/www.tvturk.com\/index.php\/wp-json\/wp\/v2\/users\/1"}],"replies":[{"embeddable":true,"href":"http:\/\/www.tvturk.com\/index.php\/wp-json\/wp\/v2\/comments?post=169383"}],"version-history":[{"count":0,"href":"http:\/\/www.tvturk.com\/index.php\/wp-json\/wp\/v2\/posts\/169383\/revisions"}],"wp:featuredmedia":[{"embeddable":true,"href":"http:\/\/www.tvturk.com\/index.php\/wp-json\/wp\/v2\/media\/169384"}],"wp:attachment":[{"href":"http:\/\/www.tvturk.com\/index.php\/wp-json\/wp\/v2\/media?parent=169383"}],"wp:term":[{"taxonomy":"category","embeddable":true,"href":"http:\/\/www.tvturk.com\/index.php\/wp-json\/wp\/v2\/categories?post=169383"},{"taxonomy":"post_tag","embeddable":true,"href":"http:\/\/www.tvturk.com\/index.php\/wp-json\/wp\/v2\/tags?post=169383"}],"curies":[{"name":"wp","href":"https:\/\/api.w.org\/{rel}","templated":true}]}}