{"id":169425,"date":"2019-06-14T15:42:21","date_gmt":"2019-06-14T12:42:21","guid":{"rendered":"http:\/\/www.tvturk.com\/index.php\/genclik-ve-spor-bakanligindan-gonulluluk-seferberligi\/"},"modified":"2019-06-14T15:42:21","modified_gmt":"2019-06-14T12:42:21","slug":"genclik-ve-spor-bakanligindan-gonulluluk-seferberligi","status":"publish","type":"post","link":"http:\/\/www.tvturk.com\/index.php\/genclik-ve-spor-bakanligindan-gonulluluk-seferberligi\/","title":{"rendered":"Gen\u00e7lik ve Spor Bakanl\u0131\u011f\u0131\u2019ndan \u201cg\u00f6n\u00fcll\u00fcl\u00fck\u201d seferberli\u011fi"},"content":{"rendered":"<p>2019 y\u0131l\u0131n\u0131 &#8220;G\u00f6n\u00fcll\u00fcl\u00fck Y\u0131l\u0131&#8221; olarak ilan eden Gen\u00e7lik ve Spor Bakanl\u0131\u011f\u0131, 43 ba\u015fl\u0131k alt\u0131nda eylem plan\u0131 haz\u0131rlad\u0131.<\/p>\n<p>Gen\u00e7lik ve Spor Bakan\u0131 Dr. Mehmet Muharrem Kasapo\u011flu, \u201c5 Aral\u0131k D\u00fcnya G\u00f6n\u00fcll\u00fcler G\u00fcn\u00fc, G\u00f6n\u00fcll\u00fcler Dayan\u0131kl\u0131 Toplumlar \u0130n\u015fa Ediyor&#8221; etkinli\u011finin tan\u0131t\u0131m toplant\u0131s\u0131nda2019\u2019u \u201cG\u00f6n\u00fcll\u00fcl\u00fck Y\u0131l\u0131\u201d ilan etmesinin ard\u0131ndan, bakanl\u0131k \u00e7al\u0131\u015fmalar\u0131na h\u0131z kesmeden devam ediyor.<\/p>\n<p>Gen\u00e7lik ve Spor Bakanl\u0131\u011f\u0131, 22 Mart\u2019ta \u0130stanbul L\u00fctfi K\u0131rdar\u2019da yap\u0131lan \u2018G\u00f6n\u00fcll\u00fck Lansman\u0131\u2019n\u0131n ard\u0131ndan \u2018G\u00f6n\u00fcll\u00fcl\u00fck Projesi\u2019 ile ilgili 43 ba\u015fl\u0131ktan olu\u015fan bir eylem plan\u0131 haz\u0131rlad\u0131. G\u00f6n\u00fcll\u00fcl\u00fck kavram\u0131n\u0131 sa\u011flamla\u015ft\u0131rmak, kurumsalla\u015ft\u0131rmak ve gen\u00e7leri harekete ge\u00e7irmek i\u00e7in koordineli bir \u015fekilde \u00e7al\u0131\u015fan Bakanl\u0131k, belirledi\u011fi alt\u0131 stratejik hedefe y\u00f6nelik \u00e7al\u0131\u015fmalarda bulunarak g\u00f6n\u00fcll\u00fcl\u00fck k\u00fclt\u00fcr\u00fcn\u00fcn g\u00fc\u00e7lendirilmesini ama\u00e7l\u0131yor.<\/p>\n<p>Teknolojinin daha etkin kullan\u0131m\u0131 sa\u011flanacak<\/p>\n<p>Proje kapsam\u0131nda hayata ge\u00e7irilen \u201cGen\u00e7 G\u00f6n\u00fcll\u00fcler Platformu\u201d internet sitesi, daha geni\u015f kitlelere ula\u015fmas\u0131 ad\u0131na g\u00fcncellenecek. Ayr\u0131ca platformun yeni s\u00fcr\u00fcm\u00fc ve mobil uygulamas\u0131 da hizmete sunulacak.<\/p>\n<p>Kurumlararas\u0131 ili\u015fkiler g\u00fc\u00e7lendirilecek<\/p>\n<p>Gen\u00e7lik ve Spor Bakanl\u0131\u011f\u0131\u2019n\u0131n t\u00fcm birimlerinin katk\u0131 verdi\u011fi eylem plan\u0131nda, \u00fclkemizde g\u00fc\u00e7l\u00fc bir g\u00f6n\u00fcll\u00fcl\u00fck k\u00fclt\u00fcr\u00fcn\u00fcn olu\u015fturabilmesi ve Ulusal G\u00f6n\u00fcll\u00fc Hizmet Program\u0131n\u0131n hayata ge\u00e7irilmesine y\u00f6nelik \u00e7al\u0131\u015fmalar da yer al\u0131yor. \u00d6zel sekt\u00f6r ve sivil toplum kurulu\u015flar\u0131na kadar t\u00fcm payda\u015flarla koordineli y\u00fcr\u00fct\u00fclecek olan proje kapsam\u0131nda, ilgili kurum ve kurulu\u015flarla da i\u015f birli\u011fi protokolleri imzalanacak.<\/p>\n<p>\u201cOrtak Hareket Edece\u011fiz\u201d<\/p>\n<p>Gen\u00e7lik ve Spor Bakan\u0131 Dr. Mehmet Muharrem Kasapo\u011flu, g\u00f6n\u00fcll\u00fcl\u00fc\u011f\u00fc kurumsalla\u015ft\u0131rmak i\u00e7in ortak \u00e7al\u0131\u015fmalar\u0131n \u00f6nemini vurgulayarak, \u015fu mesaj\u0131 verdi:<\/p>\n<p>\u201c\u00c7a\u011fda\u015f manada g\u00f6n\u00fcll\u00fcl\u00fc\u011f\u00fc kurumsalla\u015ft\u0131rmak i\u00e7in ortak bir \u015fekilde bir araya gelip hareket edilmesini \u00f6nemli ve stratejik buluyoruz. Bu konudaki \u00e7al\u0131\u015fmalara \u00f6nc\u00fcl\u00fck etme imkan\u0131 buluyoruz. Strateji belgemiz 6 temel odaktan olu\u015fuyor. G\u00f6n\u00fcll\u00fcl\u00fck k\u00fclt\u00fcr\u00fcn\u00fcn g\u00fc\u00e7lendirilmesi, teknolojinin daha etkin kullan\u0131m\u0131, daha etkili d\u00fczenleme ve risk y\u00f6netimi, g\u00f6n\u00fcll\u00fc y\u00f6netiminin g\u00fc\u00e7lendirilmesi ve e\u011fitimin art\u0131r\u0131lmas\u0131, kurumlar aras\u0131 ili\u015fkilerin g\u00fc\u00e7lendirilmesi, g\u00f6n\u00fcll\u00fcl\u00fc\u011f\u00fcn tan\u0131nmas\u0131 ve de\u011ferlendirilmesi. Bu alt\u0131 temel oda\u011f\u0131 hep birlikte olu\u015fturaca\u011f\u0131z.\u201d<\/p>\n","protected":false},"excerpt":{"rendered":"<p>2019 YILINI &#8220;G\u00d6N\u00dcLL\u00dcL\u00dcK YILI&#8221; OLARAK \u0130LAN EDEN GEN\u00c7L\u0130K VE SPOR BAKANLI\u011eI, 43 BA\u015eLIK ALTINDA EYLEM PLANI HAZIRLADI.<\/p>\n","protected":false},"author":1,"featured_media":169426,"comment_status":"closed","ping_status":"open","sticky":false,"template":"","format":"standard","meta":{"jetpack_post_was_ever_published":false,"_jetpack_newsletter_access":"","_jetpack_dont_email_post_to_subs":false,"_jetpack_newsletter_tier_id":0,"_jetpack_memberships_contains_paywalled_content":false,"_jetpack_memberships_contains_paid_content":false,"footnotes":"","jetpack_publicize_message":"","jetpack_publicize_feature_enabled":true,"jetpack_social_post_already_shared":true,"jetpack_social_options":{"image_generator_settings":{"template":"highway","default_image_id":0,"font":"","enabled":false},"version":2}},"categories":[1],"tags":[34,512,11296,7691,1619],"class_list":["post-169425","post","type-post","status-publish","format-standard","has-post-thumbnail","hentry","category-genel","tag-bakanligindan","tag-genclik","tag-gonulluluk","tag-seferberligi","tag-spor"],"jetpack_publicize_connections":[],"jetpack_featured_media_url":"https:\/\/i0.wp.com\/www.tvturk.com\/wp-content\/uploads\/2019\/06\/genclik-ve-spor-bakanligindan-gonulluluk-seferberligi_b990c9d.jpg?fit=660%2C454","jetpack_sharing_enabled":true,"jetpack_shortlink":"https:\/\/wp.me\/paKIfm-I4F","_links":{"self":[{"href":"http:\/\/www.tvturk.com\/index.php\/wp-json\/wp\/v2\/posts\/169425","targetHints":{"allow":["GET"]}}],"collection":[{"href":"http:\/\/www.tvturk.com\/index.php\/wp-json\/wp\/v2\/posts"}],"about":[{"href":"http:\/\/www.tvturk.com\/index.php\/wp-json\/wp\/v2\/types\/post"}],"author":[{"embeddable":true,"href":"http:\/\/www.tvturk.com\/index.php\/wp-json\/wp\/v2\/users\/1"}],"replies":[{"embeddable":true,"href":"http:\/\/www.tvturk.com\/index.php\/wp-json\/wp\/v2\/comments?post=169425"}],"version-history":[{"count":0,"href":"http:\/\/www.tvturk.com\/index.php\/wp-json\/wp\/v2\/posts\/169425\/revisions"}],"wp:featuredmedia":[{"embeddable":true,"href":"http:\/\/www.tvturk.com\/index.php\/wp-json\/wp\/v2\/media\/169426"}],"wp:attachment":[{"href":"http:\/\/www.tvturk.com\/index.php\/wp-json\/wp\/v2\/media?parent=169425"}],"wp:term":[{"taxonomy":"category","embeddable":true,"href":"http:\/\/www.tvturk.com\/index.php\/wp-json\/wp\/v2\/categories?post=169425"},{"taxonomy":"post_tag","embeddable":true,"href":"http:\/\/www.tvturk.com\/index.php\/wp-json\/wp\/v2\/tags?post=169425"}],"curies":[{"name":"wp","href":"https:\/\/api.w.org\/{rel}","templated":true}]}}