{"id":169431,"date":"2019-06-14T15:50:50","date_gmt":"2019-06-14T12:50:50","guid":{"rendered":"http:\/\/www.tvturk.com\/index.php\/aztopal-ince-eleyip-sik-dokuyacagiz-hata-yapma-luksumuz-yok\/"},"modified":"2019-06-14T15:50:50","modified_gmt":"2019-06-14T12:50:50","slug":"aztopal-ince-eleyip-sik-dokuyacagiz-hata-yapma-luksumuz-yok","status":"publish","type":"post","link":"http:\/\/www.tvturk.com\/index.php\/aztopal-ince-eleyip-sik-dokuyacagiz-hata-yapma-luksumuz-yok\/","title":{"rendered":"Aztopal: \u201c\u0130nce eleyip s\u0131k dokuyaca\u011f\u0131z, hata yapma l\u00fcks\u00fcm\u00fcz yok\u201d"},"content":{"rendered":"<p>Y\u0131lport Samsunspor Genel Menajeri Mustafa Aztopal, Yeni sezona Samsunspor, bir tak\u0131m takviyelerle daha g\u00fc\u00e7lenerek, hedefe daha kitlenmi\u015f vaziyette girmesi gerekiyor. Dolay\u0131s\u0131yla ince eleyip s\u0131k dokuyaca\u011f\u0131z, hata yapma l\u00fcks\u00fcm\u00fcz yok\u201d dedi.<\/p>\n<p>Genel Menajer Mustafa Aztopal ve Teknik Menajer Y\u00fccel Uyar, spor muhabirleriyle bir araya geldi.  Yeni sezon \u00e7al\u0131\u015fmalar\u0131 hakk\u0131nda a\u00e7\u0131klamalar yapan Genel Menajer Mustafa Aztopal, bas\u0131na yans\u0131yan transferlere de a\u00e7\u0131kl\u0131k getirdi.<\/p>\n<p>\u0130rfan Buz\u2019un Samsunspor ile ilgili \u00e7ok ciddi hedeflerinin oldu\u011funu belirten Mustafa Aztopal, \u201cBize faydas\u0131 dokunaca\u011f\u0131n\u0131 d\u00fc\u015f\u00fcnd\u00fc\u011f\u00fcm\u00fcz isimleri belirleyece\u011fiz. Yeni bir teknik yap\u0131lanmam\u0131z var. \u0130rfan hocam\u0131z da kendi g\u00f6r\u00fc\u015flerini bizimle payla\u015facak. Ortaya do\u011fru bir komplikasyon \u00e7\u0131kacak. Onlar\u0131n do\u011frultusunda da hareket edece\u011fiz. \u015eu anda bir teknik direkt\u00f6r de\u011fi\u015fikli\u011fine gittik. \u0130rfan hocam\u0131z\u0131n imza t\u00f6reninde kendisini \u00e7ok iyi ifade etti\u011fini d\u00fc\u015f\u00fcn\u00fcyorum. Samsunspor ile ilgili \u00e7ok ciddi hedefleri var. Kendisi ile ilgili de hedefleri var. Samsunspor gibi bir camiada, \u015fu anda bulundu\u011fu bu ligde g\u00f6rev almas\u0131n\u0131n sebebi pe\u015f pe\u015fe ba\u015far\u0131l\u0131 y\u0131llar ge\u00e7irmektir. Bunu arzuluyor. Do\u011fru bir e\u015fle\u015fme oldu\u011funu d\u00fc\u015f\u00fcn\u00fcyorum. Dolay\u0131s\u0131yla bu hamleyi ger\u00e7ekle\u015ftirdi\u011fimiz i\u00e7in mutluyuz. \u015eimdi bundan sonras\u0131na bakmam\u0131z gerekiyor. Bundan sonra da bizler i\u00e7in \u00e7ok hareketli ge\u00e7ecek\u201d diye konu\u015ftu.<\/p>\n<p>Yeni sezonda do\u011fru kadro yap\u0131lanmas\u0131n\u0131 olu\u015fturacaklar\u0131n\u0131 ifade eden Mustafa Aztopal, \u201cT\u00fcrkiye\u2019deki \u015fu anda futbol d\u00fcnyas\u0131n\u0131n ekonomik durumu bizi baz\u0131 noktalarda \u00e7ok daha ihtiyatl\u0131 olmaya itiyor. Stratejik hamleler yapmam\u0131z laz\u0131m. Do\u011fru anlarda, do\u011fru zamanlarda hamleleri yapmam\u0131z gerekiyor. \u00c7\u00fcnk\u00fc piyasa dedi\u011fimiz ortam daha hen\u00fcz a\u00e7\u0131lmad\u0131. Bazen \u00e7ok aceleci davranmakta hatalara sebebiyet verebiliyor. Dolay\u0131s\u0131yla en do\u011fru hamlelerle biz bu s\u00fcreci ba\u015far\u0131l\u0131 bir \u015fekilde ge\u00e7irece\u011fimizi d\u00fc\u015f\u00fcn\u00fcyorum. Yeni sezonu hem elimizdeki mevcut oyuncularla hem gelecek do\u011fru oyuncularla iyi bir kadro yap\u0131lanmas\u0131n\u0131 olu\u015fturaca\u011f\u0131m\u0131za inan\u0131yoruz\u201d \u015feklinde konu\u015ftu.<\/p>\n<p>&#8220;Ge\u00e7en seneki transferlerden yeterince faydalanamad\u0131k&#8221;<\/p>\n<p>Ge\u00e7en sezon tak\u0131m\u0131n en b\u00fcy\u00fck sorununun tak\u0131m olamamas\u0131 oldu\u011funu s\u00f6yleyen Mustafa Aztopal, \u201cGe\u00e7en sene iyi niyetli bir tak\u0131m olu\u015fturulmu\u015f ve bu tak\u0131m 73 puan ald\u0131. Aksakl\u0131klar ya da yap\u0131lan hamlelerde bir tak\u0131m yanl\u0131\u015fl\u0131klar olsa bile devre aras\u0131 transferleri de i\u00e7ene katarak s\u00f6yl\u00fcyorum \u00e7\u00fcnk\u00fc o transferlerden yeterince faydalanamad\u0131k. Hatta hemen hemen hi\u00e7 faydalanamad\u0131k. Halbuki kariyer olarak, futbol birikimi ve yetene\u011fi olarak \u00f6nemli isimlerdi. Sezon ba\u015f\u0131ndaki gelen isimleri de bir araya getirdi\u011finizde Samsunspor\u2019un en b\u00fcy\u00fck sorunu bir t\u00fcrl\u00fc tak\u0131m olamamakt\u0131. Bununla ilgili biz her t\u00fcrl\u00fc \u00f6zele\u015ftiriyi de yap\u0131yoruz ve yapt\u0131k da. Bundan sonras\u0131 i\u00e7in b\u00f6yle bir l\u00fcks\u00fcm\u00fcz yok. Samsunspor\u2019un bu olmad\u0131\u011f\u0131n\u0131 hepimiz biliyoruz. Bununla ilgili al\u0131nmas\u0131 gereken t\u00fcm dersler al\u0131nd\u0131. \u00dczerine ciddi bir \u015fekilde gidiliyor. O yap\u0131y\u0131 tam olu\u015fturabilmi\u015f olsayd\u0131k \u015fampiyon olurduk. \u00c7\u00fcnk\u00fc 73 puan \u00e7ok iyi bir puan, \u00fczerine 4-5 puan daha koysak zaten \u015fampiyon olacakt\u0131k. Demek ki arada eksiklikler var. O eksiklikleri Samsunspor\u2019un gidermesi gerekiyor. Tekrar bu sene ayn\u0131 hatalar\u0131 yapma l\u00fcks\u00fcm\u00fcz yok. O y\u00fczden ger\u00e7ekten ince eleyip s\u0131k dokuduk ve dokumaya da devam ediyoruz. Bir tak\u0131m hamleleri ba\u015flatt\u0131k ama frene basarak gidiyoruz. \u00c7\u00fcnk\u00fc do\u011fru adamlar getirmek laz\u0131m, do\u011fru hamleleri yapmak laz\u0131m. Ama bug\u00fcn bizim \u015fartlar\u0131m\u0131zda, bizim istedi\u011fimiz bir oyuncu \u2018tamam\u2019 derse ben yar\u0131n da imza att\u0131rabilirim. Acele etmeyelim derken, b\u00f6yle bir f\u0131rsat varsa da \u00f6telemeyiz. Ama hep temkinli ve ihtiyatl\u0131 gitmek laz\u0131m. Samsunspor mutlaka belli mevcut oyuncular\u0131n ve yeni gelecek oyuncular\u0131n kat\u0131l\u0131m\u0131 ile \u00e7ok daha g\u00fc\u00e7l\u00fc bir kadro kuracakt\u0131r\u201d \u015feklinde konu\u015ftu.<\/p>\n<p>Oyuncular ile ilgili \u0130rfan Buz\u2019un bir rapor haz\u0131rlayaca\u011f\u0131n\u0131 belirten Mustafa Aztopal, \u201cBizim listemizde bize katk\u0131 sa\u011flayabilece\u011fini d\u00fc\u015f\u00fcnd\u00fc\u011f\u00fcm\u00fcz gurbet\u00e7i oyuncular var. Bunlar \u0130rfan hocam\u0131zda da var. Bunlarla ilgili \u00e7al\u0131\u015fmalar yap\u0131yoruz. Elbette gidecek olan oyuncular olacak. \u00c7\u00fcnk\u00fc yeterli rand\u0131man\u0131 alamad\u0131\u011f\u0131n\u0131z oyuncular oldu\u011funu d\u00fc\u015f\u00fcn\u00fcyorsan\u0131z o performans\u0131 g\u00f6sterecek insanlarla devam etmemiz laz\u0131m. Dolay\u0131s\u0131yla gidecek olan oyuncular olacak. Bu oyuncular\u0131n say\u0131s\u0131 ve isimleriyle ilgili bizim kendi g\u00f6r\u00fc\u015flerimiz var. Teknik direkt\u00f6r\u00fcm\u00fcz de bize bir rapor verecek. O da \u00f6n\u00fcm\u00fczdeki hafta bitecek. Ortaya bir rapor \u00e7\u0131kacak. Ondan sonras\u0131 strateji.  Samsunspor kul\u00fcb\u00fcnde oynayan bir futbolcu piyasaya sahip bir futbolcudur. Dolay\u0131s\u0131yla onlarla ilgili ilgilenenler olabilir. Onlara her t\u00fcrl\u00fc kolayl\u0131\u011f\u0131 da sa\u011flar\u0131z ama i\u015fin \u00f6z\u00fcnde mutlaka bu kadrodan gidecek oyuncular olacakt\u0131r. \u015eu an piyasa inan\u0131lmaz durgun. Herkes beklemede. Ne ben birine bir teklifte bulundum ne de biri bana teklifte bulundu. S\u00fcper Lig de dahil \u015fu anda kimse kimseye teklifte bulunmad\u0131. Ama mutlaka olacakt\u0131r. Oldu\u011fu zamanda oyuncu gitmek isterse her t\u00fcrl\u00fc kolayl\u0131\u011f\u0131 sa\u011flar\u0131z. Samsunspor formas\u0131 bu sene giymi\u015f oyuncular i\u00e7in tekliflerin gelmesi do\u011frudur\u201d diye konu\u015ftu.<\/p>\n<p>Transfer konusunda acele etmeyeceklerini belirten Mustafa Aztopal, \u201cT\u00fcrk futbol piyasas\u0131 \u015fu anda ekonomik olarak \u00e7ok s\u0131k\u0131nt\u0131l\u0131 bir d\u00f6nemde. Ben S\u00fcper Lig\u2019de bir\u00e7ok oyuncu tan\u0131yorum. O platformda olman\u0131n keyfini ya\u015famakla beraber neredeyse 1 y\u0131ll\u0131k alaca\u011f\u0131n\u0131n i\u00e7eride olan oyuncular\u0131n oldu\u011funu biliyorum. Bu alt liglerde daha da fazla oldu\u011funu g\u00f6steriyor ve ya\u015fanmaya da devam edecek. Acele etmeyelim derken olabilecek en iyi b\u00fct\u00e7elerle kadromuza katmak zorunday\u0131z. Bunlar b\u00fct\u00e7e ve hedef meselesi ama ge\u00e7en seneki b\u00fct\u00e7e veya bu seneki b\u00fct\u00e7e ile ilgili bir \u015fey s\u00f6ylemesem de kesinlikle hedefe oynayacak bir oyuncu grubunu olabilecek en iyi b\u00fct\u00e7e ile olu\u015fturmak zorunday\u0131z. Bunun bilincindeyiz. Samsunspor elindeki ya da mevcut b\u00fct\u00e7esine ek yapar m\u0131, biraz azalt\u0131r m\u0131 bilmiyorum ama mevcut oyuncu kalitesini biraz artt\u0131rmak zorunda\u201d \u015feklinde konu\u015ftu.<\/p>\n<p>\u201cAlt yap\u0131 Samsunspor\u2019un olmazsa olmaz\u0131\u201d<\/p>\n<p>Alt yap\u0131ya b\u00fcy\u00fck \u00f6nem verdi\u011fini belirten Mustafa Aztopal, \u201cAlt yap\u0131 Samsunspor\u2019un olmazsa olmaz\u0131. Samsunspor\u2019da \u015firketle\u015fme yap\u0131ld\u0131ktan sonra 4, 5 veya 6 sene sonra her sene kadrosuna 2-3 tane altyap\u0131dan oyuncu getirebiliyorsa m\u00fckemmel bir i\u015f yap\u0131yor demektir. O y\u00fczden bununla ilgili herhangi bir erteleme yok. Bu sene U17 ve U19 tak\u0131mlar\u0131ndan 3-4 tane oyuncuyu idmanlara alabiliriz. Y\u00fccel Uyar hocam\u0131z\u0131n bununla ilgili bir tak\u0131m planlar\u0131 var. Ama bu gen\u00e7leri direk ilk 11\u2019e alal\u0131m, oynatal\u0131m ve buradan y\u0131ld\u0131zlar yeti\u015ftirelim derseniz bu seneki hedeflere biraz sekte vurmu\u015f olursunuz. Samsunspor\u2019un 4-5 sene sonraki 25 ki\u015filik kadrosunda 6-7 belki artarak devam eden Samsunlu oyuncu olmak zorunda. Ekonomik olarak da y\u00fcr\u00fcme \u015fans\u0131 yok. Her sene ben 10 tane transfer yapacaksam y\u00fcr\u00fctemem. Ben yeti\u015ftirip Samsunspor\u2019a kazand\u0131ram\u0131yorsam, Samsunspor\u2019a kazand\u0131rd\u0131klar\u0131mdan para kazanam\u0131yorsam bu i\u015fi do\u011fru yapm\u0131yorum demektir\u201d a\u00e7\u0131klamas\u0131nda bulundu.<\/p>\n<p>Y\u0131lport Samsunspor\u2019un \u00f6nemli projelerinin oldu\u011funu belirten Mustafa Aztopal, \u015funlar\u0131 s\u00f6yledi:<\/p>\n<p>\u201cScout ekibi \u015fu anda 4 ki\u015fi. \u015eu a\u015famada k\u0131sa zamanda ekleme d\u00fc\u015f\u00fcnm\u00fcyoruz. Bu seneye bir ba\u015flayal\u0131m ve gidi\u015fat\u0131 bir g\u00f6relim. \u0130n\u015fallah bu sene iyi ba\u015flayacak. Hocam\u0131zla devaml\u0131 kontak halindeyiz. Hocam\u0131z da \u00e7ok heyecanl\u0131. D\u00fc\u015f\u00fcnd\u00fc\u011f\u00fc tek \u015fey tak\u0131m\u0131n toplanmas\u0131, idmanlar\u0131n ba\u015flamas\u0131. Havaya bir an \u00f6nce girmek istiyor. Bu yar\u0131\u015fmac\u0131 tak\u0131m\u0131n olu\u015fmas\u0131 d\u0131\u015f\u0131nda Samsunspor\u2019un yapmas\u0131 gereken \u00f6nemli projeler var. Altyap\u0131 tesisleri, mevcut tesisleri bir sosyal tesisler haline getirip A tak\u0131m i\u00e7in Atakum il\u00e7esi civar\u0131nda yap\u0131lmas\u0131 gibi b\u00fcy\u00fck projeleri var. Bunlarla ilgili belediyelerin mutlaka deste\u011fi olacakt\u0131r. Bunlar bug\u00fcnden yar\u0131na de\u011fil, orta ve uzun vadeli planlarla yap\u0131lacak \u015feyler. \u00dclke insan\u0131 olarak biraz sab\u0131rs\u0131z\u0131z. 2 ayl\u0131k transfer d\u00f6neminde de sab\u0131rs\u0131z\u0131z. \u015eu anda mevcut tesislerimizi seviyoruz. \u00c7ok g\u00fczel bir yerde. \u00c7ok daha g\u00fczel bir tesisin olmas\u0131n\u0131 hepimiz istiyoruz. Ama bunlar bug\u00fcnden yar\u0131na de\u011fil, 1-2 sene s\u00fcrecek \u015feylerdir.\u201d<\/p>\n<p>\u201c5 y\u0131lda Samsunspor \u00e7ok g\u00fczel yerde olur\u201d<\/p>\n<p>Medyada yer alan isimlerin hi\u00e7biriyle ilgilenmediklerini ifade eden Mustafa Aztopal, \u201cBu oyuncular\u0131n hi\u00e7biriyle ilgilenmiyoruz, ilgilenmeyece\u011fiz. Bir\u00e7ok isim \u00e7\u0131kacak ben \u00e7o\u011funa \u2018ger\u00e7e\u011fi yans\u0131tm\u0131yor\u2019 deme ihtiyac\u0131 duymayaca\u011f\u0131m. \u00d6rne\u011fin Adem B\u00fcy\u00fck ismi \u00e7\u0131kt\u0131. Adem B\u00fcy\u00fck benim ki\u015fisel ili\u015fkilerim olan bir insan. Benim ad\u0131mla Adem\u2019in ad\u0131 yan yana gelip haber oluyorsa rahats\u0131zl\u0131k olu\u015fturabilecek bir \u015fey. \u00d6yle bir \u015fey oldu\u011fu zaman ben bunun do\u011fru olmad\u0131\u011f\u0131n\u0131 s\u00f6ylemek zorunday\u0131m. 5 y\u0131lda Avrupa hedefimiz devam ediyor. 5 y\u0131lda Samsunspor \u00e7ok g\u00fczel yerde olur. Bundan \u00e7ok \u00e7ok daha iyi yerde olaca\u011f\u0131m\u0131z\u0131 biliyorum. Bizim bir transfer komitemiz var. Transferlerde tek ba\u015f\u0131ma karar vermiyorum ama g\u00f6r\u00fc\u015fmelerde y\u00fczde 100 bende yer alaca\u011f\u0131m. Kendimi herhangi bir bask\u0131 alt\u0131nda hissetmiyorum. Teknik adamlar i\u00e7in en ideal kadronun kamp d\u00f6neminde elinde olmas\u0131d\u0131r. M\u00fcmk\u00fcn mertebe bununla ilgili de bir \u00e7al\u0131\u015fma yapaca\u011f\u0131z. \u00d6nemli bir liste var. Bu listelerle ilgili de \u00e7al\u0131\u015fmalar ba\u015flad\u0131. Biz o \u015fartlar\u0131n olu\u015ftu\u011fu her noktada transferleri bitiririz. Acele etmeyelim derken, hem durgun ve s\u0131k\u0131nt\u0131l\u0131 olan bu piyasada gereksiz finansal tablolarla kar\u015f\u0131la\u015fmamak anlam\u0131nda s\u00f6yledim. Yoksa bug\u00fcn g\u00fcndemimizde olan oyuncuyla anla\u015f\u0131rsak hemen imza atar\u0131z. Biz her oyuncumuzla herhangi bir tak\u0131mdan teklif gelirse onlarla medeni bir \u015fekilde yolumuzu ay\u0131r\u0131r\u0131z. \u2018Gitmek istemiyorum, 1 sene forma giymeyece\u011fim ama tak\u0131mda kalaca\u011f\u0131m\u2019 diyecek profesyonel yap\u0131da bir oyuncunun olaca\u011f\u0131n\u0131 d\u00fc\u015f\u00fcnm\u00fcyorum. \u00c7\u00fcnk\u00fc bu bir meslektir.\u201d<\/p>\n<p>Ladik Belediyespor ile ilgili yap\u0131lmas\u0131 planlanan proje hakk\u0131nda bilgi veren Teknik Menajer Y\u00fccel Uyar ise \u015f\u00f6yle konu\u015ftu: \u201cYar\u0131\u015f\u0131rken, yeti\u015ftirmek zor. Yeti\u015ftirirken yar\u0131\u015f\u0131rs\u0131n\u0131z ama yar\u0131\u015f\u0131rken yeti\u015ftiremezsiniz. Biz \u015fimdi kendimizi biran \u00f6nce bir \u00fcst lige \u00e7\u0131karmam\u0131z laz\u0131m. Onun i\u00e7in burada herkesin sab\u0131rl\u0131 davranmam\u0131z gerekiyor. Biz 5 senelik bir hedef koyduk. Bizim ilk hedefimiz tak\u0131m\u0131m\u0131z\u0131 bir \u00fcst lige \u00e7\u0131karmak. Bunun yan\u0131nda da akademide gereken \u00e7al\u0131\u015fmalar\u0131 yapaca\u011f\u0131z. Daha \u00f6nce Atakum Belediyesi ile ilgili bir proje d\u00fc\u015f\u00fcn\u00fcld\u00fc. O biraz ertelendi. \u0130limizde ikinci bir profesyonel tak\u0131ma ihtiya\u00e7 var. Ladik Belediyespor ile g\u00f6r\u00fc\u015f\u00fcld\u00fc. Hayata ge\u00e7ece\u011fini d\u00fc\u015f\u00fcn\u00fcyorum. Etraf\u0131m\u0131za bak\u0131nca gen\u00e7lerin oynayabilece\u011fi bir profesyonel tak\u0131m\u0131m\u0131z yok.\u201d<\/p>\n<p>Oyuncu al\u0131rken bir tak\u0131m kriterlere bakt\u0131klar\u0131n\u0131 belirten Y\u00fccel Uyar, \u201cOyuncu al\u0131rken bak\u0131labilecek birka\u00e7 kriter var. Birtak\u0131m \u015feyleri ara\u015ft\u0131r\u0131yoruz. Karakter de \u00f6nemli o bizim i\u00e7in olmazsa olmaz\u0131m\u0131zd\u0131r. Ge\u00e7en seneki tak\u0131m\u0131n 73 puan\u0131 var. Di\u011fer grupta 68 puanla bir \u00fcst lige \u00e7\u0131kt\u0131. Bizim b\u0131rakt\u0131\u011f\u0131m\u0131z her oyuncu kendisine sa\u011fl\u0131kl\u0131 kul\u00fcpler bulabilecektir. Ge\u00e7en seneyi iyi analiz yapt\u0131k. Bu sene say\u0131dan \u00e7ok kaliteye odaklanaca\u011f\u0131z. \u00c7\u00fcnk\u00fc elimizde 73 puan toplam\u0131\u015f bir tak\u0131m var. Buna do\u011fru dokunu\u015flar yapt\u0131\u011f\u0131m\u0131zda ba\u015far\u0131l\u0131 olaca\u011f\u0131m\u0131za inan\u0131yoruz\u201d dedi.<\/p>\n","protected":false},"excerpt":{"rendered":"<p>YILPORT SAMSUNSPOR GENEL MENAJER\u0130 MUSTAFA AZTOPAL, YEN\u0130 SEZONA SAMSUNSPOR, B\u0130R TAKIM TAKV\u0130YELERLE DAHA G\u00dc\u00c7LENEREK, HEDEFE DAHA K\u0130TLENM\u0130\u015e VAZ\u0130YETTE G\u0130RMES\u0130 GEREK\u0130YOR. DOLAYISIYLA \u0130NCE ELEY\u0130P SIK DOKUYACA\u011eIZ, HATA YAPMA L\u00dcKS\u00dcM\u00dcZ YOK\u201d DED\u0130.<\/p>\n","protected":false},"author":1,"featured_media":169432,"comment_status":"closed","ping_status":"open","sticky":false,"template":"","format":"standard","meta":{"jetpack_post_was_ever_published":false,"_jetpack_newsletter_access":"","_jetpack_dont_email_post_to_subs":false,"_jetpack_newsletter_tier_id":0,"_jetpack_memberships_contains_paywalled_content":false,"_jetpack_memberships_contains_paid_content":false,"footnotes":"","jetpack_publicize_message":"","jetpack_publicize_feature_enabled":true,"jetpack_social_post_already_shared":true,"jetpack_social_options":{"image_generator_settings":{"template":"highway","default_image_id":0,"font":"","enabled":false},"version":2}},"categories":[657],"tags":[11267,40738,40740,40739,10111,3924,17615,10112,664],"class_list":["post-169431","post","type-post","status-publish","format-standard","has-post-thumbnail","hentry","category-spor","tag-sik","tag-aztopal","tag-dokuyacagiz","tag-eleyip","tag-hata","tag-ince","tag-luksumuz","tag-yapma","tag-yok"],"jetpack_publicize_connections":[],"jetpack_featured_media_url":"https:\/\/i0.wp.com\/www.tvturk.com\/wp-content\/uploads\/2019\/06\/aztopal-ince-eleyip-sik-dokuyacagiz-hata-yapma-luksumuz-yok_629fc3a.jpg?fit=1000%2C797","jetpack_sharing_enabled":true,"jetpack_shortlink":"https:\/\/wp.me\/paKIfm-I4L","_links":{"self":[{"href":"http:\/\/www.tvturk.com\/index.php\/wp-json\/wp\/v2\/posts\/169431","targetHints":{"allow":["GET"]}}],"collection":[{"href":"http:\/\/www.tvturk.com\/index.php\/wp-json\/wp\/v2\/posts"}],"about":[{"href":"http:\/\/www.tvturk.com\/index.php\/wp-json\/wp\/v2\/types\/post"}],"author":[{"embeddable":true,"href":"http:\/\/www.tvturk.com\/index.php\/wp-json\/wp\/v2\/users\/1"}],"replies":[{"embeddable":true,"href":"http:\/\/www.tvturk.com\/index.php\/wp-json\/wp\/v2\/comments?post=169431"}],"version-history":[{"count":0,"href":"http:\/\/www.tvturk.com\/index.php\/wp-json\/wp\/v2\/posts\/169431\/revisions"}],"wp:featuredmedia":[{"embeddable":true,"href":"http:\/\/www.tvturk.com\/index.php\/wp-json\/wp\/v2\/media\/169432"}],"wp:attachment":[{"href":"http:\/\/www.tvturk.com\/index.php\/wp-json\/wp\/v2\/media?parent=169431"}],"wp:term":[{"taxonomy":"category","embeddable":true,"href":"http:\/\/www.tvturk.com\/index.php\/wp-json\/wp\/v2\/categories?post=169431"},{"taxonomy":"post_tag","embeddable":true,"href":"http:\/\/www.tvturk.com\/index.php\/wp-json\/wp\/v2\/tags?post=169431"}],"curies":[{"name":"wp","href":"https:\/\/api.w.org\/{rel}","templated":true}]}}