{"id":169441,"date":"2019-06-14T16:03:20","date_gmt":"2019-06-14T13:03:20","guid":{"rendered":"http:\/\/www.tvturk.com\/index.php\/servis-soforlerinin-plaka-tahdidi-sorunu-cozume-kavustu\/"},"modified":"2019-06-14T16:03:20","modified_gmt":"2019-06-14T13:03:20","slug":"servis-soforlerinin-plaka-tahdidi-sorunu-cozume-kavustu","status":"publish","type":"post","link":"http:\/\/www.tvturk.com\/index.php\/servis-soforlerinin-plaka-tahdidi-sorunu-cozume-kavustu\/","title":{"rendered":"Servis \u015fof\u00f6rlerinin plaka tahdidi sorunu \u00e7\u00f6z\u00fcme kavu\u015ftu"},"content":{"rendered":"<p>\u0130stanbul\u2019daki servis \u015fof\u00f6rlerinin uzun y\u0131llard\u0131r bekledikleri plaka tahdidi sorunu \u00e7\u00f6z\u00fcme kavu\u015ftu. M\u00fcjdeli haberi alan servis \u015fof\u00f6rleri Sara\u00e7hane\u2019deki \u0130BB binas\u0131 \u00f6n\u00fcnde kutlama yapt\u0131. \u0130stanbul Umum Servis Arac\u0131 \u0130\u015fletmecileri Esnaf Odas\u0131 (\u0130SAROD) Ba\u015fkan\u0131 Hamza \u00d6zt\u00fcrk yapt\u0131\u011f\u0131 a\u00e7\u0131klamada, \u201cBug\u00fcn bizim i\u00e7in \u00e7ok \u00f6nemli bir g\u00fcn. Eme\u011fi olan herkese te\u015fekk\u00fcr ediyorum. Hi\u00e7 eme\u011fi olmadan bug\u00fcn \u00f6\u011fleden sonra \u201930 y\u0131ll\u0131k \u00e7aban\u0131n sonucunu ald\u0131k\u2019 diyen, sosyal medyada payla\u015f\u0131m yapan ars\u0131zlar\u0131 da g\u00f6rd\u00fck. Bizim i\u015fimiz esnafa hizmet \u00fcretmek\u201d dedi.<\/p>\n<p>\u0130stanbul B\u00fcy\u00fck\u015fehir Belediye Ba\u015fkanl\u0131\u011f\u0131 Ula\u015f\u0131m Koordinasyon Merkezi (UKOME) Haziran ay\u0131 ola\u011fan toplant\u0131s\u0131n\u0131 ger\u00e7ekle\u015ftirdi. Toplant\u0131da al\u0131nan karar \u00fczerine servis \u015fof\u00f6rlerinin uzun y\u0131llard\u0131r bekledikleri plaka tahdidi sorunu \u00e7\u00f6z\u00fcld\u00fc. Ayr\u0131ca ger\u00e7ek ve t\u00fczel ki\u015fi ad\u0131na d\u00fczenlenen \u201cServis Ta\u015f\u0131mac\u0131l\u0131\u011f\u0131 Yetki Belgesi\u201d ge\u00e7erlilik s\u00fcresi 10 y\u0131ldan 30 y\u0131la \u00e7\u0131kar\u0131ld\u0131. UKOME \u00fcyelerinin imzas\u0131yla resmiyete ba\u011flanan karar, servis \u015fof\u00f6rleri taraf\u0131ndan sevin\u00e7le kar\u015f\u0131land\u0131.<\/p>\n<p>Servis \u015fof\u00f6rleri karardan memnun<\/p>\n<p>M\u00fcjdeli haberin ard\u0131ndan servis \u015fof\u00f6rleri Sara\u00e7hane\u2019deki \u0130BB Ba\u015fkanl\u0131k binas\u0131 \u00f6n\u00fcnde bulu\u015ftu. T\u00fcrk bayraklar\u0131yla birlikte gece yar\u0131s\u0131 kutlama yapan \u015fof\u00f6rler, karardan duyduklar\u0131 memnuniyeti dile getirdi. Plaka tahdidi sorununun \u00e7\u00f6z\u00fclmesine \u00f6nc\u00fcl\u00fck eden Binali Y\u0131ld\u0131r\u0131m\u2019a te\u015fekk\u00fcrlerini ifade etti. Servis \u015fof\u00f6rleri ad\u0131na bas\u0131n a\u00e7\u0131klamas\u0131 yapan \u0130stanbul Umum Servis Arac\u0131 \u0130\u015fletmecileri Esnaf Odas\u0131 (\u0130SAROD) Ba\u015fkan\u0131 Hamza \u00d6zt\u00fcrk, \u201cBug\u00fcn bizim i\u00e7in \u00e7ok \u00f6nemli bir g\u00fcn. Ancak bu i\u015fin bir mazisi var. 25 May\u0131s 2015\u2019te Say\u0131n Cumhurba\u015fkan\u0131m\u0131z\u0131n Sinan Erdem\u2019de ba\u015flay\u0131p bug\u00fcn Sancaktepe Necmettin Erbakan K\u00fclt\u00fcr Merkezi\u2019nde Say\u0131n Binali Y\u0131ld\u0131r\u0131m\u2019\u0131n m\u00fcjdesiyle son bulan tahdit karar\u0131, hepimize \u015fimdiden hay\u0131rl\u0131 olsun. Eme\u011fi olan herkese te\u015fekk\u00fcr ediyorum. Ba\u015fta \u0130BB Genel Sekreterimiz Hayri Bara\u00e7l\u0131\u2019ya, \u0130BB Genel Sekreter Yard\u0131mc\u0131lar\u0131\u2019na, Daire Ba\u015fkanlar\u0131na, Toplu Ula\u015f\u0131m M\u00fcd\u00fcrl\u00fc\u011f\u00fc\u2019ne ve herkese esnaflar\u0131m\u0131z ad\u0131na te\u015fekk\u00fcr ediyorum\u201d dedi.<\/p>\n<p>\u201cUKOME karar\u0131 Resmi Gazete\u2019de de yay\u0131nlanacak\u201d<\/p>\n<p>UKOME karar\u0131n\u0131n ge\u00e7ici oldu\u011fu, Resmi Gazete\u2019de yay\u0131nlanmayaca\u011f\u0131 y\u00f6n\u00fcndeki as\u0131ls\u0131z iddialar\u0131 net bir \u015fekilde yalanlayan \u00d6zt\u00fcrk, \u201cBu tahdidin k\u0131ymetini bilelim. \u0130stanbul Umum Servis Arac\u0131 \u0130\u015fletmecileri Esnaf Odas\u0131 y\u00f6netimine talip olmu\u015f ama hala UKOME kararlar\u0131n\u0131n Resmi Gazete\u2019de yay\u0131nland\u0131\u011f\u0131n\u0131 bilmeyen, ars\u0131zca sosyal medyada payla\u015f\u0131m yapanlar var. Bir \u00f6nceki \u0130BB Ba\u015fkan\u0131m\u0131z Mevl\u00fct Uysal, 15 ay g\u00f6rev yapt\u0131. \u0130stanbul\u2019da en az 15 tane UKOME toplant\u0131s\u0131 yap\u0131ld\u0131. Hi\u00e7birine bir dava a\u00e7\u0131lmad\u0131. Onun i\u00e7in al\u0131nm\u0131\u015f olan bu karar\u0131 yok saymak, k\u00fc\u00e7\u00fcmsemek i\u00e7in \u00f6zellikle sosyal medya \u00fczerinden var g\u00fcc\u00fcyle \u00e7al\u0131\u015fanlar var. Bunlar\u0131n ifade etti\u011fi iddialar\u0131n\u0131n ger\u00e7ekli\u011fi yok. Hi\u00e7 eme\u011fi olmadan bug\u00fcn \u00f6\u011fleden sonra \u201930 y\u0131ll\u0131k \u00e7aban\u0131n sonucunu ald\u0131k\u2019 diyen, sosyal medyada payla\u015f\u0131m yapan ars\u0131zlar\u0131 da g\u00f6rd\u00fck. Bizim i\u015fimiz esnafa hizmet \u00fcretmek\u201d diye konu\u015ftu.<\/p>\n","protected":false},"excerpt":{"rendered":"<p>\u0130STANBUL B\u00dcY\u00dcK\u015eEH\u0130R BELED\u0130YE BA\u015eKANLI\u011eI ULA\u015eIM KOORD\u0130NASYON MERKEZ\u0130 (UKOME) HAZ\u0130RAN AYI OLA\u011eAN TOPLANTISINI GER\u00c7EKLE\u015eT\u0130RD\u0130. TOPLANTIDA ALINAN KARAR \u00dcZER\u0130NE SERV\u0130S \u015eOF\u00d6RLER\u0130N\u0130N UZUN YILLARDIR BEKLED\u0130KLER\u0130 PLAKA TAHD\u0130D\u0130 SORUNU \u00c7\u00d6Z\u00dcLD\u00dc.<\/p>\n","protected":false},"author":1,"featured_media":169442,"comment_status":"closed","ping_status":"open","sticky":false,"template":"","format":"standard","meta":{"jetpack_post_was_ever_published":false,"_jetpack_newsletter_access":"","_jetpack_dont_email_post_to_subs":false,"_jetpack_newsletter_tier_id":0,"_jetpack_memberships_contains_paywalled_content":false,"_jetpack_memberships_contains_paid_content":false,"footnotes":"","jetpack_publicize_message":"","jetpack_publicize_feature_enabled":true,"jetpack_social_post_already_shared":true,"jetpack_social_options":{"image_generator_settings":{"template":"highway","default_image_id":0,"font":"","enabled":false},"version":2}},"categories":[1],"tags":[193,1825,13843,320,30888,9859,40745],"class_list":["post-169441","post","type-post","status-publish","format-standard","has-post-thumbnail","hentry","category-genel","tag-cozume","tag-kavustu","tag-plaka","tag-servis","tag-soforlerinin","tag-sorunu","tag-tahdidi"],"jetpack_publicize_connections":[],"jetpack_featured_media_url":"https:\/\/i0.wp.com\/www.tvturk.com\/wp-content\/uploads\/2019\/06\/servis-soforlerinin-plaka-tahdidi-sorunu-cozume-kavustu_7275be9.jpg?fit=540%2C832","jetpack_sharing_enabled":true,"jetpack_shortlink":"https:\/\/wp.me\/paKIfm-I4V","_links":{"self":[{"href":"http:\/\/www.tvturk.com\/index.php\/wp-json\/wp\/v2\/posts\/169441","targetHints":{"allow":["GET"]}}],"collection":[{"href":"http:\/\/www.tvturk.com\/index.php\/wp-json\/wp\/v2\/posts"}],"about":[{"href":"http:\/\/www.tvturk.com\/index.php\/wp-json\/wp\/v2\/types\/post"}],"author":[{"embeddable":true,"href":"http:\/\/www.tvturk.com\/index.php\/wp-json\/wp\/v2\/users\/1"}],"replies":[{"embeddable":true,"href":"http:\/\/www.tvturk.com\/index.php\/wp-json\/wp\/v2\/comments?post=169441"}],"version-history":[{"count":0,"href":"http:\/\/www.tvturk.com\/index.php\/wp-json\/wp\/v2\/posts\/169441\/revisions"}],"wp:featuredmedia":[{"embeddable":true,"href":"http:\/\/www.tvturk.com\/index.php\/wp-json\/wp\/v2\/media\/169442"}],"wp:attachment":[{"href":"http:\/\/www.tvturk.com\/index.php\/wp-json\/wp\/v2\/media?parent=169441"}],"wp:term":[{"taxonomy":"category","embeddable":true,"href":"http:\/\/www.tvturk.com\/index.php\/wp-json\/wp\/v2\/categories?post=169441"},{"taxonomy":"post_tag","embeddable":true,"href":"http:\/\/www.tvturk.com\/index.php\/wp-json\/wp\/v2\/tags?post=169441"}],"curies":[{"name":"wp","href":"https:\/\/api.w.org\/{rel}","templated":true}]}}