{"id":169445,"date":"2019-06-14T16:14:07","date_gmt":"2019-06-14T13:14:07","guid":{"rendered":"http:\/\/www.tvturk.com\/index.php\/artuklu-universitesinde-mezuniyet-sevinci\/"},"modified":"2019-06-14T16:14:07","modified_gmt":"2019-06-14T13:14:07","slug":"artuklu-universitesinde-mezuniyet-sevinci","status":"publish","type":"post","link":"http:\/\/www.tvturk.com\/index.php\/artuklu-universitesinde-mezuniyet-sevinci\/","title":{"rendered":"Artuklu \u00dcniversitesi\u2019nde mezuniyet sevinci"},"content":{"rendered":"<p>Mardin Artuklu \u00dcniversitesi 2018-2019 akademik y\u0131l\u0131n\u0131n sona ermesi ile mezuniyet t\u00f6reni d\u00fczenlendi.<\/p>\n<p>Mardin Artuklu \u00dcniversitesinde e\u011fitim g\u00f6ren 2 bin 200 \u00f6\u011frenci i\u00e7in Artuklu \u00dcniversitesi kamp\u00fcs\u00fcnde t\u00f6ren d\u00fczenlendi. T\u00f6rene, Mardin Valisi Mustafa Yaman, \u00dcniversite Rekt\u00f6r\u00fc Prof. Dr. Ahmet A\u011f\u0131rak\u00e7a, Artuklu \u0130l\u00e7e Kaymakam\u0131 \u015eakir \u00d6ner \u00d6zt\u00fcrk, Emniyet M\u00fcd\u00fcr\u00fc Hasan Onar, Mardin \u0130l Milli E\u011fitim M\u00fcd\u00fcr\u00fc Yakup Sar\u0131, \u00fcniversitenin akademik ve idari personelinin yan\u0131 s\u0131ra \u00f6\u011frenci aileleri ve \u00e7ok say\u0131da davetli kat\u0131ld\u0131.<\/p>\n<p>Mardin Artuklu \u00dcniversitesi 2018-2019 akademik y\u0131l\u0131 mezunu \u00f6\u011frencileri i\u00e7in d\u00fczenlenen t\u00f6rende konu\u015fan Mardin Valisi Mustafa Yaman, \u00f6\u011frencilerin heyecan\u0131n\u0131 payla\u015ft\u0131\u011f\u0131n\u0131 belirterek \u00f6\u011frencileri ve velileri kutlad\u0131. \u00dclkenin nitelikli insan g\u00fcc\u00fcne mezun katman\u0131n hakl\u0131 gururunu ya\u015fad\u0131klar\u0131n\u0131 ifade ederek mezun \u00f6\u011frencilerin b\u00fcy\u00fcyen, geli\u015fen, hedefleri b\u00fcy\u00fck olan T\u00fcrkiye\u2019nin gen\u00e7leri oldu\u011funun alt\u0131n\u0131 \u00e7izen Vali Yaman, \u201c\u00dcniversitemiz sizleri hayata en g\u00fczel \u015fekilde haz\u0131rlad\u0131. B\u00fcy\u00fck d\u00fc\u015f\u00fcnmeye ve hedeflerinizin b\u00fcy\u00fck olmas\u0131na al\u0131\u015fk\u0131ns\u0131n\u0131z. Hi\u00e7bir zaman y\u0131lmay\u0131n. \u00c7ok \u00e7al\u0131\u015f\u0131n, adaletten ve d\u00fcr\u00fcstl\u00fckten ayr\u0131lmay\u0131n, hep birlikte tek gayemiz milletimiz olsun\u201d dedi.<\/p>\n<p>Mardin Artuklu \u00dcniversitesi Rekt\u00f6r\u00fc Prof. Dr. Ahmet A\u011f\u0131rak\u00e7a \u00f6\u011frencilere art\u0131k meslekta\u015flar\u0131 oldu\u011funu ifade ederek, \u201cMardin Artuklu \u00dcniversitesi\u2019nden mezun olmak bir ayr\u0131cal\u0131kt\u0131r. \u00dcniversitemizin ba\u015far\u0131lar\u0131 sizin onurunuz olacakt\u0131r. Mezun olsan\u0131z dahi \u00fcniversitenizi yaln\u0131z b\u0131rakmayaca\u011f\u0131n\u0131z\u0131 biliyor, yar\u0131nlar\u0131 \u015fekillendiren Artuklu \u00dcniversitesi\u2019ni meslek hayat\u0131n\u0131zdaki ba\u015far\u0131lar\u0131n\u0131z ile d\u00fcnyaya tan\u0131tarak \u00fcniversitenizi d\u0131\u015far\u0131ya ta\u015f\u0131yaca\u011f\u0131n\u0131za inan\u0131yorum. Biz, sizleri bug\u00fcn\u00fcn donan\u0131ml\u0131 meslek el\u00e7ileri, yar\u0131n\u0131n bir akademisyeni, meslekta\u015f\u0131m\u0131z, etkin bir \u00fclke y\u00f6neticisi veya \u00f6nemli bir sekt\u00f6r temsilcisi olarak g\u00f6r\u00fcyoruz\u201d diye konu\u015ftu.<\/p>\n<p>T\u00f6rende \u00f6\u011frencilere gen\u00e7lik merkezleri aras\u0131 k\u00fclt\u00fcr ve sanat yar\u0131\u015fmalar\u0131 T\u00fcrkiye finalinde birincilik kazanan Sa\u011fl\u0131k Y\u00fcksekokulu hem\u015firelik b\u00f6l\u00fcm\u00fc 4. s\u0131n\u0131f \u00f6\u011frencilerinden Cebrail \u0130pek, Ali Co\u015fkun ve Halil \u0130brahim Abak\u2019a ba\u015far\u0131 belgelerinin takdim edilmesinin ard\u0131ndan di\u011fer fak\u00fclte ve y\u00fcksekokullardan dereceye giren \u00f6\u011frencilere de ba\u015far\u0131 belgeleri, plaket ve \u00e7e\u015fitli hediyeler verildi.<\/p>\n<p>\u00d6\u011frenciler geri say\u0131m yaparak t\u00f6rende keplerini g\u00f6ky\u00fcz\u00fcne f\u0131rlatt\u0131.<\/p>\n<p>T\u00f6ren verilen konserle sona erdi.<\/p>\n","protected":false},"excerpt":{"rendered":"<p>MARD\u0130N ARTUKLU \u00dcN\u0130VERS\u0130TES\u0130 2018-2019 AKADEM\u0130K YILININ SONA ERMES\u0130 \u0130LE MEZUN\u0130YET T\u00d6REN\u0130 D\u00dcZENLEND\u0130.<\/p>\n","protected":false},"author":1,"featured_media":169446,"comment_status":"closed","ping_status":"open","sticky":false,"template":"","format":"standard","meta":{"jetpack_post_was_ever_published":false,"_jetpack_newsletter_access":"","_jetpack_dont_email_post_to_subs":false,"_jetpack_newsletter_tier_id":0,"_jetpack_memberships_contains_paywalled_content":false,"_jetpack_memberships_contains_paid_content":false,"footnotes":"","jetpack_publicize_message":"","jetpack_publicize_feature_enabled":true,"jetpack_social_post_already_shared":true,"jetpack_social_options":{"image_generator_settings":{"template":"highway","default_image_id":0,"font":"","enabled":false},"version":2}},"categories":[1],"tags":[6647,820,821,1889],"class_list":["post-169445","post","type-post","status-publish","format-standard","has-post-thumbnail","hentry","category-genel","tag-artuklu","tag-mezuniyet","tag-sevinci","tag-universitesinde"],"jetpack_publicize_connections":[],"jetpack_featured_media_url":"https:\/\/i0.wp.com\/www.tvturk.com\/wp-content\/uploads\/2019\/06\/artuklu-universitesinde-mezuniyet-sevinci_ba7425e.jpg?fit=1000%2C562","jetpack_sharing_enabled":true,"jetpack_shortlink":"https:\/\/wp.me\/paKIfm-I4Z","_links":{"self":[{"href":"http:\/\/www.tvturk.com\/index.php\/wp-json\/wp\/v2\/posts\/169445","targetHints":{"allow":["GET"]}}],"collection":[{"href":"http:\/\/www.tvturk.com\/index.php\/wp-json\/wp\/v2\/posts"}],"about":[{"href":"http:\/\/www.tvturk.com\/index.php\/wp-json\/wp\/v2\/types\/post"}],"author":[{"embeddable":true,"href":"http:\/\/www.tvturk.com\/index.php\/wp-json\/wp\/v2\/users\/1"}],"replies":[{"embeddable":true,"href":"http:\/\/www.tvturk.com\/index.php\/wp-json\/wp\/v2\/comments?post=169445"}],"version-history":[{"count":0,"href":"http:\/\/www.tvturk.com\/index.php\/wp-json\/wp\/v2\/posts\/169445\/revisions"}],"wp:featuredmedia":[{"embeddable":true,"href":"http:\/\/www.tvturk.com\/index.php\/wp-json\/wp\/v2\/media\/169446"}],"wp:attachment":[{"href":"http:\/\/www.tvturk.com\/index.php\/wp-json\/wp\/v2\/media?parent=169445"}],"wp:term":[{"taxonomy":"category","embeddable":true,"href":"http:\/\/www.tvturk.com\/index.php\/wp-json\/wp\/v2\/categories?post=169445"},{"taxonomy":"post_tag","embeddable":true,"href":"http:\/\/www.tvturk.com\/index.php\/wp-json\/wp\/v2\/tags?post=169445"}],"curies":[{"name":"wp","href":"https:\/\/api.w.org\/{rel}","templated":true}]}}