{"id":169465,"date":"2019-06-14T16:54:41","date_gmt":"2019-06-14T13:54:41","guid":{"rendered":"http:\/\/www.tvturk.com\/?p=169465"},"modified":"2019-11-06T16:31:01","modified_gmt":"2019-11-06T13:31:01","slug":"karne-gunu","status":"publish","type":"post","link":"http:\/\/www.tvturk.com\/index.php\/karne-gunu\/","title":{"rendered":"KARNE G\u00dcN\u00dc"},"content":{"rendered":"\n<p>2018-2019 e\u011fitim \u00f6\u011fretim d\u00f6nemi sona erdi bug\u00fcn. Bir veda,\nayn\u0131 zamanda bir ba\u015flang\u0131\u00e7 g\u00fcn\u00fc bug\u00fcn; i\u00e7inde sevin\u00e7, h\u00fcz\u00fcn, korku, endi\u015fe\u2026\nbar\u0131nd\u0131ran. &nbsp;Aman ha, \u00e7ocuklar\u0131n\u0131za karne\nbask\u0131s\u0131 yapmay\u0131n. \u0130yi ya da k\u00f6t\u00fc gelen karne, onun ba\u015far\u0131s\u0131n\u0131n \u00f6l\u00e7\u00fct\u00fc de\u011fil\nbence. \u00c7ocuklar\u0131n\u0131z o karnelerden \u00e7ok \u00e7ok de\u011ferli unutmay\u0131n. Ziller yeni\nac\u0131lara \u00e7almas\u0131n l\u00fctfen!<\/p>\n\n\n\n<p>\u00dclkenin gelece\u011fi i\u00e7in yap\u0131lacak en g\u00fczel, en anlaml\u0131 yat\u0131r\u0131m\n\u00e7ocuklar\u0131n e\u011fitimine yap\u0131land\u0131r. \u00dclkemizde maalesef ki e\u011fitim sistemimiz kan\na\u011fl\u0131yor. Baz\u0131 \u015feyler d\u00fczeltilmeye \u00e7al\u0131\u015f\u0131l\u0131rken, onar\u0131lmas\u0131 imkans\u0131z hasarlara\nneden oluyor. Ve ne yaz\u0131k ki, bizler sadece seyirci kal\u0131yoruz bunlara.<\/p>\n\n\n\n<p>Dershaneler kapat\u0131ld\u0131, memleket kolejlerden ge\u00e7ilmez oldu. Anlaml\u0131,\nanlams\u0131z her noktada kolej var. Kolej isimlerinde yarat\u0131c\u0131l\u0131\u011f\u0131n s\u0131n\u0131rlar\u0131\nzorlan\u0131yor adeta. E\u011fitim ticarethanesi buralar. Bir de kendilerini tan\u0131t\u0131rken, \u201ce\u011fitimde\nbilmem ka\u00e7\u0131nc\u0131 y\u0131l\u201d demiyorlar m\u0131? \u0130nsan\u0131n, hangi e\u011fitimden bahsediyorsunuz siz\ndiyesi geliyor. &nbsp;S\u00fcrekli para kazanman\u0131n,\nyani s\u0131cak paran\u0131n kayna\u011f\u0131 buralar. Ki\u015filere, kurulu\u015flara g\u00f6re g\u00fczel yat\u0131r\u0131m alan\u0131\nyani. &nbsp;Bir de ekol f\u0131rt\u0131nas\u0131 esiyor\nmemlekette. Alman ekol\u00fc mesela. T\u00fcrkiye\u2019ye e\u011fitim ihracat\u0131 yapmaya \u00e7al\u0131\u015fanlar\nda var. Bak\u0131n etraf\u0131n\u0131za. \u00dcstelik sadece kre\u015f, anaokulu e\u011fitim bedelleri, T\u00fcrkiye\u2019nin\n&nbsp;en k\u00f6kl\u00fc, en temel okullar\u0131ndan bile\npahal\u0131. Neymi\u015f, \u00fclkeye sars\u0131lmaz, kan\u0131tlanm\u0131\u015f Alman ekol\u00fcn\u00fc getireceklermi\u015f.\nBir de bunu deneyin siz. Test yapmak i\u00e7in en g\u00f6zde \u00fclke d\u00fcn oldu\u011fu gibi bug\u00fcn\nde T\u00fcrkiye \u00e7\u00fcnk\u00fc!&#8230;<\/p>\n\n\n\n<p>\u00d6zel okul \u00e7ok olunca, \u00f6\u011fretmen a\u00e7\u0131\u011f\u0131 da olmaz nas\u0131lsa. Siz\nsay\u0131lar\u0131 \u00e7o\u011falt\u0131n. \u0130\u00e7i bo\u015falt\u0131lm\u0131\u015f e\u011fitimler ile yeti\u015fen \u00f6\u011fretmenler, sizin ticarethanelerinizde\npersonel olmak i\u00e7in yeti\u015fiyor merak etmeyin! Gerekli eksiklikler, kurslar ile\ntakviye edilip, itina ile ki\u015fisel modifiye yap\u0131l\u0131r \u00e7\u00fcnk\u00fc. Uzaktan e\u011fitim ile pilates\ne\u011fitmenli\u011finin yap\u0131labildi\u011fi, pilates st\u00fcdyolar\u0131n\u0131n a\u00e7\u0131ld\u0131\u011f\u0131 memleketimde bu\nduruma \u015fa\u015f\u0131r\u0131yor muyuz? Tabi ki hay\u0131r, bu da bize normal! <\/p>\n\n\n\n<p>Bizler hala neden k\u00f6y enstit\u00fclerinin kapat\u0131lmas\u0131n\u0131\nele\u015ftiriyoruz? Bir d\u00fc\u015f\u00fcn\u00fcn. Oradaki ruh, e\u011fitim a\u015fk\u0131 ve ulusal bilin\u00e7 ile\nyo\u011furuluyordu. Zorluklar da\u011f gibi bile olsa, insanlar\u0131n o zorluklar\u0131 a\u015facak dev\ngibi y\u00fcrekleri vard\u0131. Bu dev y\u00fcrekli \u00f6\u011fretmenler bug\u00fcn yok mu? Olmaz m\u0131, var\nama say\u0131lar\u0131 \u00e7ok az. (\u00c7ok de\u011ferli Beh\u00e7et Yavuz \u00f6\u011fretmenime selamlar olsun.)<\/p>\n\n\n\n<p>E\u011fitim Bakanl\u0131\u011f\u0131ndan sivil toplum \u00f6rg\u00fctlerine kadar hepimize\n\u00e7ok i\u015f d\u00fc\u015f\u00fcyor. <\/p>\n\n\n\n<p><strong>\u00d6zel okullar\u0131n say\u0131s\u0131na bir s\u0131n\u0131rlama getirilmeli.<\/strong> Fiyatlar\u0131n\u0131\nd\u00fc\u015f\u00fcrd\u00fck\u00e7e d\u00fc\u015f\u00fcren \u00f6zel okullar, devlet okullar\u0131na \u00f6\u011frenci b\u0131rakmayacak. Oralar,\ntamamen T\u00fcrkiye\u2019de keyiflerince ya\u015fayan Suriyelilerin istilas\u0131nda gibi.<\/p>\n\n\n\n<p><strong>\u00d6zel okul a\u00e7ma standartlar\u0131 zorla\u015ft\u0131r\u0131lmal\u0131.<\/strong> Her k\u00f6\u015fe\nba\u015f\u0131nda, yol kenar\u0131nda, apartman aral\u0131\u011f\u0131nda kolejler a\u00e7\u0131l\u0131yor. Burada okuyan\n\u00e7ocuklar, nefes bile alam\u0131yor? Okul dedi\u011finde bir gelenek olur. Gecekondu\nmant\u0131\u011f\u0131nda kolej e\u011fitimi olamaz!<\/p>\n\n\n\n<p><strong>Devlet okullar\u0131na \u00e7ok \u00e7ok \u00f6nem verilmeli. <\/strong>E\u011fitimimizin giderek daha \u00e7ok paral\u0131 hale geldi\u011fi g\u00fcn\u00fcm\u00fczde, iddia ediyorum<strong>; \u00f6zel okullar\u0131, ancak devlet okullar\u0131 hizaya getirebilir.<\/strong> <\/p>\n\n\n\n<p>Devlet okullar\u0131nda yabanc\u0131 dil e\u011fitimine daha \u00e7ok \u00f6nem verilirse,\n<\/p>\n\n\n\n<p>Bilimsel at\u00f6lyeler \u00e7o\u011falt\u0131l\u0131rsa, <\/p>\n\n\n\n<p>Sanatsal ve sportif faaliyetler artt\u0131r\u0131l\u0131rsa, <\/p>\n\n\n\n<p>Devlet okullar\u0131 sadece imam hatip okullar\u0131 olur alg\u0131s\u0131 ortadan\nkald\u0131r\u0131l\u0131p daha laik bir e\u011fitim verilebilirse velilerin tercihini devlet\nokullar\u0131ndan yana kullanacaklar\u0131na eminim.<\/p>\n\n\n\n<p>Gelece\u011fimizi \u015fekillendirirken \u00e7ocuklar\u0131m\u0131z\u0131n kafas\u0131n\u0131 daha\nfazla kar\u0131\u015ft\u0131rmaya gerek yok. Zaten onlar teknoloji, bilgi h\u0131z\u0131, de\u011fi\u015fen,\ngeli\u015fen, \u00e7abucak t\u00fckenen bir \u00e7a\u011f\u0131n insanlar\u0131. \u00dczerlerindeki bask\u0131 bizimkilerden\ndaha fazla ve belki de daha a\u011f\u0131r. <\/p>\n\n\n\n<p>Sevgili e\u015fimin \u00e7ocuklar\u0131m\u0131z ve bizler i\u00e7in bir dile\u011fi: \u201cAllah hepsini ortak ya\u015fam\u0131 \u00f6\u011frenmi\u015f, farkl\u0131l\u0131klar\u0131 ile beraber ya\u015famay\u0131 bilen, sevgiyi, sayg\u0131y\u0131 ve adaleti ana de\u011fer sayan mutlu bireyler olarak g\u00f6rmeyi nasip etsin.\u201d Sizce kat\u0131lmamak m\u00fcmk\u00fcn m\u00fc? <\/p>\n","protected":false},"excerpt":{"rendered":"<p>2018-2019 e\u011fitim \u00f6\u011fretim d\u00f6nemi sona erdi bug\u00fcn. Bir veda, ayn\u0131 zamanda bir ba\u015flang\u0131\u00e7 g\u00fcn\u00fc bug\u00fcn; i\u00e7inde sevin\u00e7, h\u00fcz\u00fcn, korku, endi\u015fe\u2026 bar\u0131nd\u0131ran. &nbsp;Aman ha, \u00e7ocuklar\u0131n\u0131za karne bask\u0131s\u0131 yapmay\u0131n. \u0130yi ya da k\u00f6t\u00fc gelen karne, onun ba\u015far\u0131s\u0131n\u0131n \u00f6l\u00e7\u00fct\u00fc de\u011fil bence. \u00c7ocuklar\u0131n\u0131z o karnelerden \u00e7ok \u00e7ok de\u011ferli unutmay\u0131n. Ziller yeni ac\u0131lara \u00e7almas\u0131n l\u00fctfen! \u00dclkenin gelece\u011fi i\u00e7in yap\u0131lacak en [&hellip;]<\/p>\n","protected":false},"author":3,"featured_media":169480,"comment_status":"closed","ping_status":"open","sticky":false,"template":"","format":"standard","meta":{"jetpack_post_was_ever_published":false,"_jetpack_newsletter_access":"","_jetpack_dont_email_post_to_subs":false,"_jetpack_newsletter_tier_id":0,"_jetpack_memberships_contains_paywalled_content":false,"_jetpack_memberships_contains_paid_content":false,"footnotes":"","jetpack_publicize_message":"","jetpack_publicize_feature_enabled":true,"jetpack_social_post_already_shared":true,"jetpack_social_options":{"image_generator_settings":{"template":"highway","default_image_id":0,"font":"","enabled":false},"version":2}},"categories":[8,659,646],"tags":[9712,40751,14178,40753,40749,39150,13406],"class_list":["post-169465","post","type-post","status-publish","format-standard","has-post-thumbnail","hentry","category-analiz","category-egitim","category-kose-yazilari","tag-2018-2019","tag-alman-ekolu","tag-dershane","tag-egitim-bakanligi","tag-egitim-sistemi","tag-karne","tag-kolej"],"jetpack_publicize_connections":[],"jetpack_featured_media_url":"https:\/\/i0.wp.com\/www.tvturk.com\/wp-content\/uploads\/2019\/06\/62601426_2361840567422652_8055800364441534464_n-1.jpg?fit=720%2C540","jetpack_sharing_enabled":true,"jetpack_shortlink":"https:\/\/wp.me\/paKIfm-I5j","_links":{"self":[{"href":"http:\/\/www.tvturk.com\/index.php\/wp-json\/wp\/v2\/posts\/169465","targetHints":{"allow":["GET"]}}],"collection":[{"href":"http:\/\/www.tvturk.com\/index.php\/wp-json\/wp\/v2\/posts"}],"about":[{"href":"http:\/\/www.tvturk.com\/index.php\/wp-json\/wp\/v2\/types\/post"}],"author":[{"embeddable":true,"href":"http:\/\/www.tvturk.com\/index.php\/wp-json\/wp\/v2\/users\/3"}],"replies":[{"embeddable":true,"href":"http:\/\/www.tvturk.com\/index.php\/wp-json\/wp\/v2\/comments?post=169465"}],"version-history":[{"count":2,"href":"http:\/\/www.tvturk.com\/index.php\/wp-json\/wp\/v2\/posts\/169465\/revisions"}],"predecessor-version":[{"id":169581,"href":"http:\/\/www.tvturk.com\/index.php\/wp-json\/wp\/v2\/posts\/169465\/revisions\/169581"}],"wp:featuredmedia":[{"embeddable":true,"href":"http:\/\/www.tvturk.com\/index.php\/wp-json\/wp\/v2\/media\/169480"}],"wp:attachment":[{"href":"http:\/\/www.tvturk.com\/index.php\/wp-json\/wp\/v2\/media?parent=169465"}],"wp:term":[{"taxonomy":"category","embeddable":true,"href":"http:\/\/www.tvturk.com\/index.php\/wp-json\/wp\/v2\/categories?post=169465"},{"taxonomy":"post_tag","embeddable":true,"href":"http:\/\/www.tvturk.com\/index.php\/wp-json\/wp\/v2\/tags?post=169465"}],"curies":[{"name":"wp","href":"https:\/\/api.w.org\/{rel}","templated":true}]}}