{"id":169466,"date":"2019-06-14T16:50:22","date_gmt":"2019-06-14T13:50:22","guid":{"rendered":"http:\/\/www.tvturk.com\/index.php\/kibris-gazilerine-madalya-ve-berat\/"},"modified":"2019-06-14T16:50:22","modified_gmt":"2019-06-14T13:50:22","slug":"kibris-gazilerine-madalya-ve-berat","status":"publish","type":"post","link":"http:\/\/www.tvturk.com\/index.php\/kibris-gazilerine-madalya-ve-berat\/","title":{"rendered":"K\u0131br\u0131s gazilerine madalya ve berat"},"content":{"rendered":"<p>Bursa\u2019n\u0131n Mudanya il\u00e7esinde ya\u015fayan K\u0131br\u0131s gazilerine Kuzey K\u0131br\u0131s T\u00fcrk Cumhuriyeti taraf\u0131ndan g\u00f6nderilen Milli M\u00fccadele Madalyas\u0131 ve Beratlar\u0131 d\u00fczenlenen t\u00f6renle verildi.<\/p>\n<p>1974 y\u0131l\u0131nda ger\u00e7ekle\u015ftirilen K\u0131br\u0131s Bar\u0131\u015f Harekat\u0131\u2019na kat\u0131lan Mudanyal\u0131 45 K\u0131br\u0131s gazisine Kuzey K\u0131br\u0131s T\u00fcrk Cumhuriyeti (KKTC) taraf\u0131ndan haz\u0131rlanan \u2018Milli M\u00fccadele Madalyas\u0131 ve Berat\u0131\u2019 U\u011fur Mumcu K\u00fclt\u00fcr Merkezi\u2019nde d\u00fczenlenen t\u00f6renle verildi.<\/p>\n<p>T\u00f6rende konu\u015fan Mudanya Kaymakam\u0131 Faik Oktay S\u00f6zer, anlaml\u0131 bir t\u00f6rende bulunman\u0131n mutlulu\u011funu ya\u015fad\u0131\u011f\u0131n\u0131 belirterek, \u201cBundan tam 45 y\u0131l \u00f6nce K\u0131br\u0131s T\u00fcrkleri\u2019nin mal\u0131n\u0131, can\u0131n\u0131, namusunu korumak i\u00e7in gazilerimizin verdi\u011fi m\u00fccadele takdire \u015fayand\u0131r. Hepsinden Allah raz\u0131 olsun. Bu madalyalar gazilerimizin onuru ve \u015ferefidir\u201d dedi.<\/p>\n<p>Mudanya Muharip Gaziler Derne\u011fi Ba\u015fkan\u0131 Halil Y\u0131lmaz da, \u201cK\u0131br\u0131s Bar\u0131\u015f Harekat\u0131\u2019ndan 45 y\u0131l sonra bizlere tevcih edilecek mili m\u00fccadele madalyalar\u0131n\u0131 g\u00f6\u011fs\u00fcm\u00fczde bir onur ni\u015fanesi olarak gururla ta\u015f\u0131yaca\u011f\u0131z. K\u0131br\u0131s Bar\u0131\u015f Harekat\u0131\u2019nda \u015fehit olan arkada\u015flar\u0131m\u0131z\u0131 ve aram\u0131zdan ayr\u0131lan gazi karde\u015flerimizi sayg\u0131 ve rahmetle an\u0131yoruz\u201d diye konu\u015ftu.<\/p>\n<p>Konu\u015fmalar\u0131n ard\u0131ndan gazilere madalya ve beratlar\u0131 Kaymakam Faik Oktay S\u00f6zer taraf\u0131ndan verildi.<\/p>\n","protected":false},"excerpt":{"rendered":"<p>BURSA\u2019NIN MUDANYA \u0130L\u00c7ES\u0130NDE YA\u015eAYAN KIBRIS GAZ\u0130LER\u0130NE KUZEY KIBRIS T\u00dcRK CUMHUR\u0130YET\u0130 TARAFINDAN G\u00d6NDER\u0130LEN M\u0130LL\u0130 M\u00dcCADELE MADALYASI VE BERATLARI D\u00dcZENLENEN T\u00d6RENLE VER\u0130LD\u0130.<\/p>\n","protected":false},"author":1,"featured_media":169467,"comment_status":"closed","ping_status":"open","sticky":false,"template":"","format":"standard","meta":{"jetpack_post_was_ever_published":false,"_jetpack_newsletter_access":"","_jetpack_dont_email_post_to_subs":false,"_jetpack_newsletter_tier_id":0,"_jetpack_memberships_contains_paywalled_content":false,"_jetpack_memberships_contains_paid_content":false,"footnotes":"","jetpack_publicize_message":"","jetpack_publicize_feature_enabled":true,"jetpack_social_post_already_shared":true,"jetpack_social_options":{"image_generator_settings":{"template":"highway","default_image_id":0,"font":"","enabled":false},"version":2}},"categories":[1],"tags":[13187,33891,7566,3800],"class_list":["post-169466","post","type-post","status-publish","format-standard","has-post-thumbnail","hentry","category-genel","tag-berat","tag-gazilerine","tag-kibris","tag-madalya"],"jetpack_publicize_connections":[],"jetpack_featured_media_url":"https:\/\/i0.wp.com\/www.tvturk.com\/wp-content\/uploads\/2019\/06\/kibris-gazilerine-madalya-ve-berat_7ae4d2b.jpg?fit=1000%2C588","jetpack_sharing_enabled":true,"jetpack_shortlink":"https:\/\/wp.me\/paKIfm-I5k","_links":{"self":[{"href":"http:\/\/www.tvturk.com\/index.php\/wp-json\/wp\/v2\/posts\/169466","targetHints":{"allow":["GET"]}}],"collection":[{"href":"http:\/\/www.tvturk.com\/index.php\/wp-json\/wp\/v2\/posts"}],"about":[{"href":"http:\/\/www.tvturk.com\/index.php\/wp-json\/wp\/v2\/types\/post"}],"author":[{"embeddable":true,"href":"http:\/\/www.tvturk.com\/index.php\/wp-json\/wp\/v2\/users\/1"}],"replies":[{"embeddable":true,"href":"http:\/\/www.tvturk.com\/index.php\/wp-json\/wp\/v2\/comments?post=169466"}],"version-history":[{"count":0,"href":"http:\/\/www.tvturk.com\/index.php\/wp-json\/wp\/v2\/posts\/169466\/revisions"}],"wp:featuredmedia":[{"embeddable":true,"href":"http:\/\/www.tvturk.com\/index.php\/wp-json\/wp\/v2\/media\/169467"}],"wp:attachment":[{"href":"http:\/\/www.tvturk.com\/index.php\/wp-json\/wp\/v2\/media?parent=169466"}],"wp:term":[{"taxonomy":"category","embeddable":true,"href":"http:\/\/www.tvturk.com\/index.php\/wp-json\/wp\/v2\/categories?post=169466"},{"taxonomy":"post_tag","embeddable":true,"href":"http:\/\/www.tvturk.com\/index.php\/wp-json\/wp\/v2\/tags?post=169466"}],"curies":[{"name":"wp","href":"https:\/\/api.w.org\/{rel}","templated":true}]}}