{"id":169525,"date":"2019-06-14T17:51:30","date_gmt":"2019-06-14T14:51:30","guid":{"rendered":"http:\/\/www.tvturk.com\/index.php\/yksye-girecek-olan-ogrenciler-kutsal-mekanlarda-dua-etti\/"},"modified":"2019-06-14T17:51:30","modified_gmt":"2019-06-14T14:51:30","slug":"yksye-girecek-olan-ogrenciler-kutsal-mekanlarda-dua-etti","status":"publish","type":"post","link":"http:\/\/www.tvturk.com\/index.php\/yksye-girecek-olan-ogrenciler-kutsal-mekanlarda-dua-etti\/","title":{"rendered":"YKS\u2019ye girecek olan \u00f6\u011frenciler kutsal mekanlarda dua etti"},"content":{"rendered":"<p>\u015eanl\u0131urfa\u2019da \u00f6\u011frenciler hafta sonu yap\u0131lacak olan Y\u00fcksek\u00f6\u011fretim Kurumlar\u0131 S\u0131nav\u0131 (YKS) \u00f6ncesi Bal\u0131kg\u00f6l Platosu ve Hz. Eyy\u00fcb sab\u0131r makam\u0131nda namaz k\u0131l\u0131p dua etti.<\/p>\n<p>\u015eanl\u0131urfa\u2019da \u00f6\u011frencileri hafta sonu ger\u00e7ekle\u015ftirilecek olan Y\u00fcksek\u00f6\u011fretim Kurumlar\u0131 S\u0131nav\u0131 (YKS) tela\u015f\u0131 sard\u0131. Bir y\u0131l boyunca ders \u00e7al\u0131\u015farak s\u0131nava haz\u0131rlanan \u00f6\u011frenciler, s\u0131nav \u00f6ncesi Bal\u0131kl\u0131g\u00f6l Platosu ve Hz. Eyy\u00fcb peygamber sab\u0131r makam\u0131nda giderek namaz k\u0131l\u0131p dua etti. Bal\u0131kl\u0131g\u00f6l Platosunda yer alan Hazreti \u0130brahim\u2019in do\u011fdu\u011funa inan\u0131lan ma\u011faran\u0131n \u00f6n\u00fcnde ve i\u00e7erisinde dua eden \u00f6\u011frenciler, bal\u0131klara yem atarak, s\u0131nav \u00f6ncesi stres att\u0131. \u00d6\u011frenciler, bir y\u0131l boyunca \u00fcniversite s\u0131navlar\u0131na \u00e7al\u0131\u015ft\u0131ktan sonra kutsal mekanlara gelerek, namaz k\u0131l\u0131p dua etti.<\/p>\n","protected":false},"excerpt":{"rendered":"<p>\u015eANLIURFA\u2019DA \u00d6\u011eRENC\u0130LER HAFTA SONU YAPILACAK OLAN Y\u00dcKSEK\u00d6\u011eRET\u0130M KURUMLARI SINAVI (YKS) \u00d6NCES\u0130 BALIKG\u00d6L PLATOSU VE HZ. EYY\u00dcB SABIR MAKAMINDA NAMAZ KILIP DUA ETT\u0130.<\/p>\n","protected":false},"author":1,"featured_media":169526,"comment_status":"closed","ping_status":"open","sticky":false,"template":"","format":"standard","meta":{"jetpack_post_was_ever_published":false,"_jetpack_newsletter_access":"","_jetpack_dont_email_post_to_subs":false,"_jetpack_newsletter_tier_id":0,"_jetpack_memberships_contains_paywalled_content":false,"_jetpack_memberships_contains_paid_content":false,"footnotes":"","jetpack_publicize_message":"","jetpack_publicize_feature_enabled":true,"jetpack_social_post_already_shared":true,"jetpack_social_options":{"image_generator_settings":{"template":"highway","default_image_id":0,"font":"","enabled":false},"version":2}},"categories":[1],"tags":[7402,207,11540,16841,40772,1293,572,38774],"class_list":["post-169525","post","type-post","status-publish","format-standard","has-post-thumbnail","hentry","category-genel","tag-dua","tag-etti","tag-girecek","tag-kutsal","tag-mekanlarda","tag-ogrenciler","tag-olan","tag-yksye"],"jetpack_publicize_connections":[],"jetpack_featured_media_url":"https:\/\/i0.wp.com\/www.tvturk.com\/wp-content\/uploads\/2019\/06\/yksye-girecek-olan-ogrenciler-kutsal-mekanlarda-dua-etti_8b9a538.jpg?fit=1000%2C666","jetpack_sharing_enabled":true,"jetpack_shortlink":"https:\/\/wp.me\/paKIfm-I6h","_links":{"self":[{"href":"http:\/\/www.tvturk.com\/index.php\/wp-json\/wp\/v2\/posts\/169525","targetHints":{"allow":["GET"]}}],"collection":[{"href":"http:\/\/www.tvturk.com\/index.php\/wp-json\/wp\/v2\/posts"}],"about":[{"href":"http:\/\/www.tvturk.com\/index.php\/wp-json\/wp\/v2\/types\/post"}],"author":[{"embeddable":true,"href":"http:\/\/www.tvturk.com\/index.php\/wp-json\/wp\/v2\/users\/1"}],"replies":[{"embeddable":true,"href":"http:\/\/www.tvturk.com\/index.php\/wp-json\/wp\/v2\/comments?post=169525"}],"version-history":[{"count":0,"href":"http:\/\/www.tvturk.com\/index.php\/wp-json\/wp\/v2\/posts\/169525\/revisions"}],"wp:featuredmedia":[{"embeddable":true,"href":"http:\/\/www.tvturk.com\/index.php\/wp-json\/wp\/v2\/media\/169526"}],"wp:attachment":[{"href":"http:\/\/www.tvturk.com\/index.php\/wp-json\/wp\/v2\/media?parent=169525"}],"wp:term":[{"taxonomy":"category","embeddable":true,"href":"http:\/\/www.tvturk.com\/index.php\/wp-json\/wp\/v2\/categories?post=169525"},{"taxonomy":"post_tag","embeddable":true,"href":"http:\/\/www.tvturk.com\/index.php\/wp-json\/wp\/v2\/tags?post=169525"}],"curies":[{"name":"wp","href":"https:\/\/api.w.org\/{rel}","templated":true}]}}