{"id":169527,"date":"2019-06-14T17:52:22","date_gmt":"2019-06-14T14:52:22","guid":{"rendered":"http:\/\/www.tvturk.com\/index.php\/turk-havacilik-alaninda-cok-uluslu-bir-yapinin-temeli-atildi\/"},"modified":"2019-06-14T17:52:22","modified_gmt":"2019-06-14T14:52:22","slug":"turk-havacilik-alaninda-cok-uluslu-bir-yapinin-temeli-atildi","status":"publish","type":"post","link":"http:\/\/www.tvturk.com\/index.php\/turk-havacilik-alaninda-cok-uluslu-bir-yapinin-temeli-atildi\/","title":{"rendered":"T\u00fcrk havac\u0131l\u0131k alan\u0131nda \u00e7ok uluslu bir yap\u0131n\u0131n temeli at\u0131ld\u0131"},"content":{"rendered":"<p>Havac\u0131l\u0131k alan\u0131nda vermi\u015f oldu\u011fu e\u011fitimlerle gen\u00e7 pilotlar yeti\u015ftiren Girne Amerikan \u00dcniversitesi (GA\u00dc),  Atlantik U\u00e7u\u015f Okulu (AFA) ile havac\u0131l\u0131k ve pilotaj alanlar\u0131nda yeni bir anla\u015fmaya imza att\u0131.<\/p>\n<p>T\u00fcrk ve uluslararas\u0131 \u00f6\u011frencilerin havac\u0131l\u0131k ve pilotaj alanlar\u0131nda nitelikli olarak yeti\u015fmesini sa\u011flayacak anla\u015fma, GA\u00dc Millenium Binas\u0131 Ba\u015fkanl\u0131k Ofisinde imzaland\u0131. \u0130mza t\u00f6renine GA\u00dc Ad\u0131na, Kurucu Rekt\u00f6r Serhat Akp\u0131nar ile bilrikte, Rekt\u00f6r Prof. Dr. Kutsal \u00d6zt\u00fcrk, GA\u00dc ATO Uyumluluk \u0130zleme ve Emniyet M\u00fcd\u00fcr\u00fc Sayg\u0131n G\u00f6n\u00e7, GA\u00dc ATO E\u011fitim M\u00fcd\u00fcr\u00fc Ruhi Turan ve GA\u00dc Pilotaj B\u00f6l\u00fcm Ba\u015fkan\u0131 Erdo\u011fan Kaygan kat\u0131l\u0131rken, AFA ad\u0131na ise Genel M\u00fcd\u00fcr Oytun Bilgen ve Kalite M\u00fcd\u00fcr\u00fc Kaan Dolmayc\u0131 kat\u0131ld\u0131.<\/p>\n<p>Akp\u0131nar: \u201cAFA ile yeni bir d\u00f6neme ad\u0131m atman\u0131n memnuniyeti i\u00e7erisindeyiz\u201d<\/p>\n<p>Girne Amerikan \u00dcniversitesi ve Atlantik U\u00e7u\u015f Akademisi (AFA) aras\u0131nda imzalanan anla\u015fma ile ilgili GA\u00dc Kurucu Rekt\u00f6r\u00fc ve M\u00fctevelli Heyeti Ba\u015fkan\u0131 Serhat Akp\u0131nar yapt\u0131\u011f\u0131 a\u00e7\u0131klamada, GA\u00dc\u2019de havac\u0131l\u0131k ve pilotaj\u0131n temellerinin ilk olarak AFA ile beraber at\u0131ld\u0131\u011f\u0131n\u0131 belirterek, bu s\u00fcre\u00e7 i\u00e7erisinde kendilerine b\u00fcy\u00fck destek veren d\u00f6nemin AFA Genel M\u00fcd\u00fcr\u00fc ve \u015fuanda AtlasGlobal Havayollar\u0131\u2019n\u0131n Genel M\u00fcd\u00fcr\u00fc olan Sermet Temizkan ile birlikte \u00e7ok g\u00fczel ad\u0131mlar att\u0131klar\u0131n\u0131 s\u00f6yledi.<\/p>\n<p>Akp\u0131nar a\u00e7\u0131klamalar\u0131n devam\u0131nda ise \u015funlar\u0131 s\u00f6yledi;<\/p>\n<p>\u201cBug\u00fcn gelmi\u015f oldu\u011fumuz noktada; bug\u00fcne kadar hizmet ak\u0131\u015f\u0131nda Uluslararas\u0131 Havac\u0131l\u0131k Akademisi\u2019nin vermi\u015f oldu\u011fu e\u011fitim ve  ilgili s\u00fcre\u00e7lerle ilgili ihtiya\u00e7lar\u0131m\u0131z ve \u00e7ok daha iyilerine ad\u0131m atabilmek i\u00e7in AFA ile yeni bir d\u00f6neme ad\u0131m atman\u0131n memnuniyeti i\u00e7erisindeyiz. Bu s\u00fcre\u00e7te vermi\u015f olduklar\u0131 destekle e\u011fitimlerini tamamlayacak olan, e\u011fitimleri sonras\u0131nda da gerek T\u00fcrkiye Cumhuriyeti\u2019nde, KKTC ve Uluslararas\u0131 bir\u00e7ok cephede pilot olacak adaylar\u0131m\u0131za \u015fimdiden ba\u015far\u0131lar diliyorum.&#8221;<\/p>\n<p>Bilgen: \u201cUluslu bir yap\u0131ya sahip olaca\u011f\u0131z\u201d<\/p>\n<p>AFA Genel M\u00fcd\u00fcr\u00fc Oytun Bilgen ise a\u00e7\u0131klamas\u0131nda; GA\u00dc\u2019n\u00fcn bu yola ilk \u00e7\u0131kt\u0131\u011f\u0131nda AFA ile beraber oldu\u011funu ve tekrardan bu anla\u015fma ile birlikte olman\u0131n kendilerini \u00e7ok mutlu etti\u011fini s\u00f6yledi. Bilgen, GA\u00dc ile yap\u0131lan anla\u015fma ile birlikte, b\u00fcnyelerine kat\u0131lacak olan yabanc\u0131 \u00f6\u011frenciler ile birlikte \u00e7ok uluslu bir yap\u0131ya sahip olacaklar\u0131n\u0131 ifade etti. \u0130lerleyen d\u00f6nemlerde de farkl\u0131 projelerle de GA\u00dc ile iyi i\u015fler yapacaklar\u0131na inanc\u0131n\u0131n tam oldu\u011funu belirten Bilgen, i\u015fbirli\u011finin hay\u0131rl\u0131 olmas\u0131n\u0131 diledi.<\/p>\n","protected":false},"excerpt":{"rendered":"<p>HAVACILIK ALANINDA VERM\u0130\u015e OLDU\u011eU E\u011e\u0130T\u0130MLERLE GEN\u00c7 P\u0130LOTLAR YET\u0130\u015eT\u0130REN G\u0130RNE AMER\u0130KAN \u00dcN\u0130VERS\u0130TES\u0130 (GA\u00dc),  ATLANT\u0130K U\u00c7U\u015e OKULU (AFA) \u0130LE HAVACILIK VE P\u0130LOTAJ ALANLARINDA YEN\u0130 B\u0130R ANLA\u015eMAYA \u0130MZA ATTI.<\/p>\n","protected":false},"author":1,"featured_media":169528,"comment_status":"closed","ping_status":"open","sticky":false,"template":"","format":"standard","meta":{"jetpack_post_was_ever_published":false,"_jetpack_newsletter_access":"","_jetpack_dont_email_post_to_subs":false,"_jetpack_newsletter_tier_id":0,"_jetpack_memberships_contains_paywalled_content":false,"_jetpack_memberships_contains_paid_content":false,"footnotes":"","jetpack_publicize_message":"","jetpack_publicize_feature_enabled":true,"jetpack_social_post_already_shared":true,"jetpack_social_options":{"image_generator_settings":{"template":"highway","default_image_id":0,"font":"","enabled":false},"version":2}},"categories":[1],"tags":[7052,3030,125,105,3079,5300,957,40773,40774],"class_list":["post-169527","post","type-post","status-publish","format-standard","has-post-thumbnail","hentry","category-genel","tag-alaninda","tag-atildi","tag-bir","tag-cok","tag-havacilik","tag-temeli","tag-turk","tag-uluslu","tag-yapinin"],"jetpack_publicize_connections":[],"jetpack_featured_media_url":"https:\/\/i0.wp.com\/www.tvturk.com\/wp-content\/uploads\/2019\/06\/turk-havacilik-alaninda-cok-uluslu-bir-yapinin-temeli-atildi_3e1d6a7.jpg?fit=1000%2C666","jetpack_sharing_enabled":true,"jetpack_shortlink":"https:\/\/wp.me\/paKIfm-I6j","_links":{"self":[{"href":"http:\/\/www.tvturk.com\/index.php\/wp-json\/wp\/v2\/posts\/169527","targetHints":{"allow":["GET"]}}],"collection":[{"href":"http:\/\/www.tvturk.com\/index.php\/wp-json\/wp\/v2\/posts"}],"about":[{"href":"http:\/\/www.tvturk.com\/index.php\/wp-json\/wp\/v2\/types\/post"}],"author":[{"embeddable":true,"href":"http:\/\/www.tvturk.com\/index.php\/wp-json\/wp\/v2\/users\/1"}],"replies":[{"embeddable":true,"href":"http:\/\/www.tvturk.com\/index.php\/wp-json\/wp\/v2\/comments?post=169527"}],"version-history":[{"count":0,"href":"http:\/\/www.tvturk.com\/index.php\/wp-json\/wp\/v2\/posts\/169527\/revisions"}],"wp:featuredmedia":[{"embeddable":true,"href":"http:\/\/www.tvturk.com\/index.php\/wp-json\/wp\/v2\/media\/169528"}],"wp:attachment":[{"href":"http:\/\/www.tvturk.com\/index.php\/wp-json\/wp\/v2\/media?parent=169527"}],"wp:term":[{"taxonomy":"category","embeddable":true,"href":"http:\/\/www.tvturk.com\/index.php\/wp-json\/wp\/v2\/categories?post=169527"},{"taxonomy":"post_tag","embeddable":true,"href":"http:\/\/www.tvturk.com\/index.php\/wp-json\/wp\/v2\/tags?post=169527"}],"curies":[{"name":"wp","href":"https:\/\/api.w.org\/{rel}","templated":true}]}}