{"id":169533,"date":"2019-06-14T18:14:17","date_gmt":"2019-06-14T15:14:17","guid":{"rendered":"http:\/\/www.tvturk.com\/index.php\/nallihanda-karne-sevinci\/"},"modified":"2019-06-14T18:14:17","modified_gmt":"2019-06-14T15:14:17","slug":"nallihanda-karne-sevinci","status":"publish","type":"post","link":"http:\/\/www.tvturk.com\/index.php\/nallihanda-karne-sevinci\/","title":{"rendered":"Nall\u0131han\u2019da karne sevinci"},"content":{"rendered":"<p>Nall\u0131han\u2019da anaokulu, ilkokul, ortaokul ve lisede e\u011fitim g\u00f6ren yakla\u015f\u0131k 4 bin 372 \u00f6\u011frenci karnelerini alarak yaz tatiline girdi.<\/p>\n<p>2018 &#8211; 2019 e\u011fitim &#8211; \u00f6\u011fretim y\u0131l\u0131n\u0131n sona ermesi nedeniyle, \u00c7ay\u0131rhan Cumhuriyet \u0130lkokulu ve H\u00fcsamettin De\u011firmenci Ortaokulu\u2019nda karne da\u011f\u0131t\u0131m t\u00f6reni ger\u00e7ekle\u015fti. T\u00f6rene Nall\u0131han \u0130l\u00e7e Kaymakam\u0131 Murat Kahraman, Belediye Ba\u015fkan\u0131 \u0130smail \u00d6nta\u015f, \u0130l\u00e7e Jandarma Komutan\u0131 J. \u00dcst\u011f. Ufuk \u00c7ampa\u015fal\u0131, \u0130l\u00e7e Milli E\u011fitim M\u00fcd\u00fcr\u00fc Bayram Benlice, okul idarecileri, \u00f6\u011frenciler ve \u00e7ok say\u0131da veli kat\u0131ld\u0131.<\/p>\n<p>\u00d6\u011frencilerin karne sevincine ortak olan \u0130smail \u00d6nta\u015f \u00f6\u011frencilere karnelerini teslim etti. \u00d6nta\u015f yapt\u0131\u011f\u0131 konu\u015fmas\u0131nda \u201cBa\u015fta bu e\u011fitim \u00f6\u011fretim y\u0131l\u0131nda gayret g\u00f6steren t\u00fcm \u00f6\u011fretmen arkada\u015flar\u0131m\u0131z\u0131 sevgili \u00f6\u011frenci karde\u015flerimizi \u00e7al\u0131\u015fmalar\u0131ndan ve ba\u015far\u0131lar\u0131ndan dolay\u0131 tebrik ediyorum. Yo\u011fun bir okul d\u00f6nemi sonunda tatile girecek \u00f6\u011frencilerimizin dinlenmeleri oyun oynamalar\u0131 daha fazla kitap okumalar\u0131 ve sevdikleriyle birlikte zaman ge\u00e7irmeleri i\u00e7in bir f\u0131rsat olacakt\u0131r\u201d ifadelerini kulland\u0131.<\/p>\n","protected":false},"excerpt":{"rendered":"<p>NALLIHAN&#8217;DA ANAOKULU, \u0130LKOKUL, ORTAOKUL VE L\u0130SEDE E\u011e\u0130T\u0130M G\u00d6REN YAKLA\u015eIK 4 B\u0130N 372 \u00d6\u011eRENC\u0130 KARNELER\u0130N\u0130 ALARAK YAZ TAT\u0130L\u0130NE G\u0130RD\u0130.<\/p>\n","protected":false},"author":1,"featured_media":169534,"comment_status":"closed","ping_status":"open","sticky":false,"template":"","format":"standard","meta":{"jetpack_post_was_ever_published":false,"_jetpack_newsletter_access":"","_jetpack_dont_email_post_to_subs":false,"_jetpack_newsletter_tier_id":0,"_jetpack_memberships_contains_paywalled_content":false,"_jetpack_memberships_contains_paid_content":false,"footnotes":"","jetpack_publicize_message":"","jetpack_publicize_feature_enabled":true,"jetpack_social_post_already_shared":true,"jetpack_social_options":{"image_generator_settings":{"template":"highway","default_image_id":0,"font":"","enabled":false},"version":2}},"categories":[1],"tags":[39150,21830,821],"class_list":["post-169533","post","type-post","status-publish","format-standard","has-post-thumbnail","hentry","category-genel","tag-karne","tag-nallihanda","tag-sevinci"],"jetpack_publicize_connections":[],"jetpack_featured_media_url":"https:\/\/i0.wp.com\/www.tvturk.com\/wp-content\/uploads\/2019\/06\/nallihanda-karne-sevinci_d924899.jpg?fit=1000%2C666","jetpack_sharing_enabled":true,"jetpack_shortlink":"https:\/\/wp.me\/paKIfm-I6p","_links":{"self":[{"href":"http:\/\/www.tvturk.com\/index.php\/wp-json\/wp\/v2\/posts\/169533","targetHints":{"allow":["GET"]}}],"collection":[{"href":"http:\/\/www.tvturk.com\/index.php\/wp-json\/wp\/v2\/posts"}],"about":[{"href":"http:\/\/www.tvturk.com\/index.php\/wp-json\/wp\/v2\/types\/post"}],"author":[{"embeddable":true,"href":"http:\/\/www.tvturk.com\/index.php\/wp-json\/wp\/v2\/users\/1"}],"replies":[{"embeddable":true,"href":"http:\/\/www.tvturk.com\/index.php\/wp-json\/wp\/v2\/comments?post=169533"}],"version-history":[{"count":0,"href":"http:\/\/www.tvturk.com\/index.php\/wp-json\/wp\/v2\/posts\/169533\/revisions"}],"wp:featuredmedia":[{"embeddable":true,"href":"http:\/\/www.tvturk.com\/index.php\/wp-json\/wp\/v2\/media\/169534"}],"wp:attachment":[{"href":"http:\/\/www.tvturk.com\/index.php\/wp-json\/wp\/v2\/media?parent=169533"}],"wp:term":[{"taxonomy":"category","embeddable":true,"href":"http:\/\/www.tvturk.com\/index.php\/wp-json\/wp\/v2\/categories?post=169533"},{"taxonomy":"post_tag","embeddable":true,"href":"http:\/\/www.tvturk.com\/index.php\/wp-json\/wp\/v2\/tags?post=169533"}],"curies":[{"name":"wp","href":"https:\/\/api.w.org\/{rel}","templated":true}]}}