{"id":169555,"date":"2019-06-14T18:42:57","date_gmt":"2019-06-14T15:42:57","guid":{"rendered":"http:\/\/www.tvturk.com\/index.php\/kasimpasa-fernandesi-kadrosuna-katti\/"},"modified":"2019-06-14T18:42:57","modified_gmt":"2019-06-14T15:42:57","slug":"kasimpasa-fernandesi-kadrosuna-katti","status":"publish","type":"post","link":"http:\/\/www.tvturk.com\/index.php\/kasimpasa-fernandesi-kadrosuna-katti\/","title":{"rendered":"Kas\u0131mpa\u015fa, Fernandes\u2019i kadrosuna katt\u0131"},"content":{"rendered":"<p>Yeni sezon \u00f6ncesi transfer \u00e7al\u0131\u015fmalar\u0131n\u0131 s\u00fcrd\u00fcren Kas\u0131mpa\u015fa, defans hatt\u0131n\u0131 Portekizli oyuncu Jorge Fernandes ile g\u00fc\u00e7lendirdi.<\/p>\n<p>Kas\u0131mpa\u015fa, Porto\u2019dan 22 ya\u015f\u0131ndaki defans oyuncusu Jorge Fernandes\u2019i bir y\u0131ll\u0131\u011f\u0131na kiralad\u0131. Fernandes, Kemerburgaz Tesisleri\u2019nde Sportif Direkt\u00f6r Emre Zengillli ve Sportif Direkt\u00f6r Yard\u0131mc\u0131s\u0131 Emir Sara\u00e7\u2019\u0131n haz\u0131r bulundu\u011fu imza t\u00f6reninde sat\u0131n alma opsiyonu ile beraber 1 y\u0131ll\u0131k kiral\u0131k s\u00f6zle\u015fmeye imza att\u0131.<\/p>\n","protected":false},"excerpt":{"rendered":"<p>YEN\u0130 SEZON \u00d6NCES\u0130 TRANSFER \u00c7ALI\u015eMALARINI S\u00dcRD\u00dcREN KASIMPA\u015eA, DEFANS HATTINI PORTEK\u0130ZL\u0130 OYUNCU JORGE FERNANDES \u0130LE G\u00dc\u00c7LEND\u0130RD\u0130.<\/p>\n","protected":false},"author":1,"featured_media":169556,"comment_status":"closed","ping_status":"open","sticky":false,"template":"","format":"standard","meta":{"jetpack_post_was_ever_published":false,"_jetpack_newsletter_access":"","_jetpack_dont_email_post_to_subs":false,"_jetpack_newsletter_tier_id":0,"_jetpack_memberships_contains_paywalled_content":false,"_jetpack_memberships_contains_paid_content":false,"footnotes":"","jetpack_publicize_message":"","jetpack_publicize_feature_enabled":true,"jetpack_social_post_already_shared":true,"jetpack_social_options":{"image_generator_settings":{"template":"highway","default_image_id":0,"font":"","enabled":false},"version":2}},"categories":[657],"tags":[40782,18423,1789,5801],"class_list":["post-169555","post","type-post","status-publish","format-standard","has-post-thumbnail","hentry","category-spor","tag-fernandesi","tag-kadrosuna","tag-kasimpasa","tag-katti"],"jetpack_publicize_connections":[],"jetpack_featured_media_url":"https:\/\/i0.wp.com\/www.tvturk.com\/wp-content\/uploads\/2019\/06\/kasimpasa-fernandesi-kadrosuna-katti_b069659.jpg?fit=1000%2C666","jetpack_sharing_enabled":true,"jetpack_shortlink":"https:\/\/wp.me\/paKIfm-I6L","_links":{"self":[{"href":"http:\/\/www.tvturk.com\/index.php\/wp-json\/wp\/v2\/posts\/169555","targetHints":{"allow":["GET"]}}],"collection":[{"href":"http:\/\/www.tvturk.com\/index.php\/wp-json\/wp\/v2\/posts"}],"about":[{"href":"http:\/\/www.tvturk.com\/index.php\/wp-json\/wp\/v2\/types\/post"}],"author":[{"embeddable":true,"href":"http:\/\/www.tvturk.com\/index.php\/wp-json\/wp\/v2\/users\/1"}],"replies":[{"embeddable":true,"href":"http:\/\/www.tvturk.com\/index.php\/wp-json\/wp\/v2\/comments?post=169555"}],"version-history":[{"count":0,"href":"http:\/\/www.tvturk.com\/index.php\/wp-json\/wp\/v2\/posts\/169555\/revisions"}],"wp:featuredmedia":[{"embeddable":true,"href":"http:\/\/www.tvturk.com\/index.php\/wp-json\/wp\/v2\/media\/169556"}],"wp:attachment":[{"href":"http:\/\/www.tvturk.com\/index.php\/wp-json\/wp\/v2\/media?parent=169555"}],"wp:term":[{"taxonomy":"category","embeddable":true,"href":"http:\/\/www.tvturk.com\/index.php\/wp-json\/wp\/v2\/categories?post=169555"},{"taxonomy":"post_tag","embeddable":true,"href":"http:\/\/www.tvturk.com\/index.php\/wp-json\/wp\/v2\/tags?post=169555"}],"curies":[{"name":"wp","href":"https:\/\/api.w.org\/{rel}","templated":true}]}}