{"id":169565,"date":"2019-06-14T19:39:28","date_gmt":"2019-06-14T16:39:28","guid":{"rendered":"http:\/\/www.tvturk.com\/index.php\/turk-yildizlari-provada-bile-nefes-kesti\/"},"modified":"2019-06-14T19:39:28","modified_gmt":"2019-06-14T16:39:28","slug":"turk-yildizlari-provada-bile-nefes-kesti","status":"publish","type":"post","link":"http:\/\/www.tvturk.com\/index.php\/turk-yildizlari-provada-bile-nefes-kesti\/","title":{"rendered":"T\u00fcrk Y\u0131ld\u0131zlar\u0131 provada bile nefes kesti"},"content":{"rendered":"<p>T\u00fcrk Hava Kuvvetlerinin akrobasi timi T\u00fcrk Y\u0131ld\u0131zlar\u0131, Isparta\u2019daki g\u00f6steri u\u00e7u\u015fu \u00f6ncesinde yapt\u0131klar\u0131 provada kapsam\u0131nda g\u00fcller diyar\u0131 Isparta\u2019ya \u00f6zel bir g\u00f6steri yapt\u0131. \u2018G\u00f6ky\u00fcz\u00fcnde Milli Tak\u0131m\u0131m\u0131z\u2019 unvanl\u0131 T\u00fcrk Y\u0131ld\u0131zlar\u0131\u2019n\u0131n, dev g\u00fcl simgesi bulunan Isparta G\u00f6kkubbe\u2019deki prova ve \u00f6zel g\u00f6sterisi nefes kesti.<\/p>\n<p>T\u00fcrk Hava Kuvvetlerinin akrobasi timi T\u00fcrk Y\u0131ld\u0131zlar\u0131, Isparta Belediyesi taraf\u0131ndan organize edilen 2. Ulusal G\u00fcl, Kozmetik \u00dcr\u00fcnleri Fuar\u0131 ve 5.D\u00fcnya G\u00fczel Koku G\u00fcn\u00fc etkinlikleri \u00e7er\u00e7evesindeki g\u00f6steri \u00f6ncesinde prova u\u00e7u\u015fu yapt\u0131. Kentte, 18 y\u0131l aradan sonra ilk kez g\u00f6steri yapacak olan T\u00fcrk Y\u0131ld\u0131zlar\u0131, prova u\u00e7u\u015fu kapsam\u0131nda G\u00f6kkubbe Fuar ve Kongre Merkezi \u00fczerinde G\u00fcller Diyar\u0131 Isparta\u2019ya \u00f6zel g\u00fcl u\u00e7u\u015fu yapt\u0131. Prova u\u00e7u\u015fu \u00f6ncesinde yap\u0131lan \u00f6zel g\u00f6steri, nefesleri kesti.<\/p>\n<p>G\u00f6steri \u00f6ncesinde ger\u00e7ekle\u015ftirilen prova u\u00e7u\u015fu ise ger\u00e7e\u011fi gibi yakla\u015f\u0131k 30 dakika s\u00fcrd\u00fc. Prova g\u00f6steri u\u00e7u\u015fu, alana gelenler taraf\u0131ndan ilgiyle izlendi. B\u00f6lgede bulunanlar, g\u00f6sterileri cep telefonlar\u0131 ile \u00f6l\u00fcms\u00fczle\u015ftirirken, baz\u0131lar\u0131 da g\u00f6steri provas\u0131n\u0131 izleyerek ya\u015fanan an\u0131n tad\u0131n\u0131 \u00e7\u0131karmay\u0131 tercih etti. T\u00fcrk Y\u0131ld\u0131zlar\u0131\u2019n\u0131n yapt\u0131\u011f\u0131 akrobatik hareket ve g\u00f6steriler, vatanda\u015flar taraf\u0131ndan b\u00fcy\u00fck alk\u0131\u015f ve tezah\u00fcrat ald\u0131.<\/p>\n<p>Di\u011fer yandan, T\u00fcrk Y\u0131ld\u0131zlar\u0131 fuar kapsam\u0131ndaki as\u0131l g\u00f6steri u\u00e7u\u015funu yar\u0131n G\u00f6kkubbe Fuar ve Kongre Merkezi \u00fczerinde ger\u00e7ekle\u015ftirecek.<\/p>\n<p>\u201cG\u00f6steri bitene kadar g\u00f6zlerimi ay\u0131ramad\u0131m\u201d<\/p>\n<p>Yar\u0131s\u0131ndan itibaren izleme \u015fans\u0131 buldu\u011fu provay\u0131 ilk kez canl\u0131 g\u00f6rme f\u0131rsat\u0131 buldu\u011funu kaydeden \u00fcniversite \u00f6\u011frencisi Furkan B\u00fcy\u00fckleblebi, \u201cProva u\u00e7u\u015funun yar\u0131s\u0131nda yeti\u015ftim. Benim hayalim zaten u\u00e7u\u015f pilotu olmakt\u0131. Daha \u00f6nce hi\u00e7 canl\u0131 olarak izlememi\u015ftim. Bug\u00fcn \u00fcniversitedeyken de havada g\u00f6rd\u00fcm, buraya geldikten sonra da g\u00f6steri bitene kadar g\u00f6zlerimi ay\u0131ramad\u0131m. Yar\u0131nki g\u00f6steriye de gelmeyi \u00e7ok istiyorum, Allah nasip ederse de gelece\u011fim\u201d dedi.<\/p>\n<p>B\u00fcy\u00fckleblebi, yar\u0131nki g\u00f6steriye gelecek olanlara foto\u011fraf makinelerini getirirlerse \u00e7ok g\u00fczel kareler yakalayabilecekleri \u00f6nerisinde bulundu.<\/p>\n<p>\u201cGururland\u0131m\u201d<\/p>\n<p>\u0130zleyicilerden \u00fcniversite \u00f6\u011frencisi \u015eaziye \u00c7etinkal ise, \u201c\u00c7ok be\u011fendim, \u00e7ok g\u00fczeldi, g\u00f6zlerimizi alamad\u0131k adeta. T\u00fcrkiye\u2019de b\u00f6yle bir g\u00f6steri timimiz oldu\u011fu i\u00e7in gururland\u0131m. Ve diliyorum ki bu u\u00e7aklar sadece insanlara b\u00f6yle g\u00fczellikler ya\u015fatmas\u0131 i\u00e7in kullan\u0131ls\u0131n\u201d diye konu\u015ftu.<\/p>\n<p>T\u00fcrki Y\u0131ld\u0131zlar\u0131\u2019n\u0131n yapt\u0131\u011f\u0131 g\u00f6sterilerin, herkesin mutlaka izlemesi gereken bir g\u00f6steri oldu\u011funu kaydeden \u00c7etikal ayr\u0131ca, \u201cFinalleri biten arkada\u015flar\u0131ma mutlaka gelmelerini tavsiye ediyorum\u201d ifadelerini kulland\u0131.<\/p>\n","protected":false},"excerpt":{"rendered":"<p>T\u00dcRK HAVA KUVVETLER\u0130N\u0130N AKROBAS\u0130 T\u0130M\u0130 T\u00dcRK YILDIZLARI, ISPARTA&#8217;DAK\u0130 G\u00d6STER\u0130 U\u00c7U\u015eU \u00d6NCES\u0130NDE YAPTIKLARI PROVADA KAPSAMINDA G\u00dcLLER D\u0130YARI ISPARTA\u2019YA \u00d6ZEL B\u0130R G\u00d6STER\u0130 YAPTI. \u2018G\u00d6KY\u00dcZ\u00dcNDE M\u0130LL\u0130 TAKIMIMIZ\u2019 UNVANLI T\u00dcRK YILDIZLARI\u2019NIN, DEV G\u00dcL S\u0130MGES\u0130 BULUNAN ISPARTA G\u00d6KKUBBE\u2019DEK\u0130 PROVA VE \u00d6ZEL G\u00d6STER\u0130S\u0130 NEFES KEST\u0130.<\/p>\n","protected":false},"author":1,"featured_media":169566,"comment_status":"closed","ping_status":"open","sticky":false,"template":"","format":"standard","meta":{"jetpack_post_was_ever_published":false,"_jetpack_newsletter_access":"","_jetpack_dont_email_post_to_subs":false,"_jetpack_newsletter_tier_id":0,"_jetpack_memberships_contains_paywalled_content":false,"_jetpack_memberships_contains_paid_content":false,"footnotes":"","jetpack_publicize_message":"","jetpack_publicize_feature_enabled":true,"jetpack_social_post_already_shared":true,"jetpack_social_options":{"image_generator_settings":{"template":"highway","default_image_id":0,"font":"","enabled":false},"version":2}},"categories":[1],"tags":[1077,224,223,40786,957,13549],"class_list":["post-169565","post","type-post","status-publish","format-standard","has-post-thumbnail","hentry","category-genel","tag-bile","tag-kesti","tag-nefes","tag-provada","tag-turk","tag-yildizlari"],"jetpack_publicize_connections":[],"jetpack_featured_media_url":"https:\/\/i0.wp.com\/www.tvturk.com\/wp-content\/uploads\/2019\/06\/turk-yildizlari-provada-bile-nefes-kesti_928ae11.jpg?fit=1000%2C666","jetpack_sharing_enabled":true,"jetpack_shortlink":"https:\/\/wp.me\/paKIfm-I6V","_links":{"self":[{"href":"http:\/\/www.tvturk.com\/index.php\/wp-json\/wp\/v2\/posts\/169565","targetHints":{"allow":["GET"]}}],"collection":[{"href":"http:\/\/www.tvturk.com\/index.php\/wp-json\/wp\/v2\/posts"}],"about":[{"href":"http:\/\/www.tvturk.com\/index.php\/wp-json\/wp\/v2\/types\/post"}],"author":[{"embeddable":true,"href":"http:\/\/www.tvturk.com\/index.php\/wp-json\/wp\/v2\/users\/1"}],"replies":[{"embeddable":true,"href":"http:\/\/www.tvturk.com\/index.php\/wp-json\/wp\/v2\/comments?post=169565"}],"version-history":[{"count":0,"href":"http:\/\/www.tvturk.com\/index.php\/wp-json\/wp\/v2\/posts\/169565\/revisions"}],"wp:featuredmedia":[{"embeddable":true,"href":"http:\/\/www.tvturk.com\/index.php\/wp-json\/wp\/v2\/media\/169566"}],"wp:attachment":[{"href":"http:\/\/www.tvturk.com\/index.php\/wp-json\/wp\/v2\/media?parent=169565"}],"wp:term":[{"taxonomy":"category","embeddable":true,"href":"http:\/\/www.tvturk.com\/index.php\/wp-json\/wp\/v2\/categories?post=169565"},{"taxonomy":"post_tag","embeddable":true,"href":"http:\/\/www.tvturk.com\/index.php\/wp-json\/wp\/v2\/tags?post=169565"}],"curies":[{"name":"wp","href":"https:\/\/api.w.org\/{rel}","templated":true}]}}