{"id":169567,"date":"2019-06-14T19:40:21","date_gmt":"2019-06-14T16:40:21","guid":{"rendered":"http:\/\/www.tvturk.com\/index.php\/adanalilar-yaz-yagmuruyla-serinledi\/"},"modified":"2019-06-14T19:40:21","modified_gmt":"2019-06-14T16:40:21","slug":"adanalilar-yaz-yagmuruyla-serinledi","status":"publish","type":"post","link":"http:\/\/www.tvturk.com\/index.php\/adanalilar-yaz-yagmuruyla-serinledi\/","title":{"rendered":"Adanal\u0131lar yaz ya\u011fmuruyla serinledi"},"content":{"rendered":"<p>Adana\u2019da ak\u015fam saatlerinde ba\u015flayan ya\u011fmur, s\u0131caktan bunalan vatanda\u015flar\u0131n imdad\u0131na yeti\u015fti.<\/p>\n<p>Adana\u2019n\u0131n merkezinde ak\u015fam saatlerinde ba\u015flayan ya\u011fmur, uzun s\u00fcredir etkili olan s\u0131cak havalar\u0131n serinlemesini sa\u011flad\u0131. Tedbirli davranan vatanda\u015flar \u015femsiyeleriyle d\u0131\u015far\u0131 \u00e7\u0131karken, baz\u0131 vatanda\u015flar ise i\u015f yerlerinin sa\u00e7aklar\u0131n\u0131n alt\u0131na s\u0131\u011f\u0131nd\u0131.<\/p>\n<p>Zaman zaman \u015fiddetini art\u0131ran ya\u011fmur, trafikteki s\u00fcr\u00fcc\u00fclere de zor anlar ya\u015fatt\u0131.<\/p>\n","protected":false},"excerpt":{"rendered":"<p>ADANA\u2019DA AK\u015eAM SAATLER\u0130NDE BA\u015eLAYAN YA\u011eMUR, SICAKTAN BUNALAN VATANDA\u015eLARIN \u0130MDADINA YET\u0130\u015eT\u0130.<\/p>\n","protected":false},"author":1,"featured_media":169568,"comment_status":"closed","ping_status":"open","sticky":false,"template":"","format":"standard","meta":{"jetpack_post_was_ever_published":false,"_jetpack_newsletter_access":"","_jetpack_dont_email_post_to_subs":false,"_jetpack_newsletter_tier_id":0,"_jetpack_memberships_contains_paywalled_content":false,"_jetpack_memberships_contains_paid_content":false,"footnotes":"","jetpack_publicize_message":"","jetpack_publicize_feature_enabled":true,"jetpack_social_post_already_shared":true,"jetpack_social_options":{"image_generator_settings":{"template":"highway","default_image_id":0,"font":"","enabled":false},"version":2}},"categories":[1],"tags":[19159,39956,40787,183],"class_list":["post-169567","post","type-post","status-publish","format-standard","has-post-thumbnail","hentry","category-genel","tag-adanalilar","tag-serinledi","tag-yagmuruyla","tag-yaz"],"jetpack_publicize_connections":[],"jetpack_featured_media_url":"https:\/\/i0.wp.com\/www.tvturk.com\/wp-content\/uploads\/2019\/06\/adanalilar-yaz-yagmuruyla-serinledi_be24560.jpg?fit=1000%2C864","jetpack_sharing_enabled":true,"jetpack_shortlink":"https:\/\/wp.me\/paKIfm-I6X","_links":{"self":[{"href":"http:\/\/www.tvturk.com\/index.php\/wp-json\/wp\/v2\/posts\/169567","targetHints":{"allow":["GET"]}}],"collection":[{"href":"http:\/\/www.tvturk.com\/index.php\/wp-json\/wp\/v2\/posts"}],"about":[{"href":"http:\/\/www.tvturk.com\/index.php\/wp-json\/wp\/v2\/types\/post"}],"author":[{"embeddable":true,"href":"http:\/\/www.tvturk.com\/index.php\/wp-json\/wp\/v2\/users\/1"}],"replies":[{"embeddable":true,"href":"http:\/\/www.tvturk.com\/index.php\/wp-json\/wp\/v2\/comments?post=169567"}],"version-history":[{"count":0,"href":"http:\/\/www.tvturk.com\/index.php\/wp-json\/wp\/v2\/posts\/169567\/revisions"}],"wp:featuredmedia":[{"embeddable":true,"href":"http:\/\/www.tvturk.com\/index.php\/wp-json\/wp\/v2\/media\/169568"}],"wp:attachment":[{"href":"http:\/\/www.tvturk.com\/index.php\/wp-json\/wp\/v2\/media?parent=169567"}],"wp:term":[{"taxonomy":"category","embeddable":true,"href":"http:\/\/www.tvturk.com\/index.php\/wp-json\/wp\/v2\/categories?post=169567"},{"taxonomy":"post_tag","embeddable":true,"href":"http:\/\/www.tvturk.com\/index.php\/wp-json\/wp\/v2\/tags?post=169567"}],"curies":[{"name":"wp","href":"https:\/\/api.w.org\/{rel}","templated":true}]}}