{"id":169575,"date":"2019-06-14T20:08:13","date_gmt":"2019-06-14T17:08:13","guid":{"rendered":"http:\/\/www.tvturk.com\/index.php\/fuat-oktay-binali-yildirim-ile-medeniyet-havzamizin-koklu-degerleri-istanbuldan-yukselmeye-devam-edecek\/"},"modified":"2019-06-14T20:08:13","modified_gmt":"2019-06-14T17:08:13","slug":"fuat-oktay-binali-yildirim-ile-medeniyet-havzamizin-koklu-degerleri-istanbuldan-yukselmeye-devam-edecek","status":"publish","type":"post","link":"http:\/\/www.tvturk.com\/index.php\/fuat-oktay-binali-yildirim-ile-medeniyet-havzamizin-koklu-degerleri-istanbuldan-yukselmeye-devam-edecek\/","title":{"rendered":"Fuat Oktay: \u201cBinali Y\u0131ld\u0131r\u0131m ile medeniyet havzam\u0131z\u0131n k\u00f6kl\u00fc de\u011ferleri \u0130stanbul\u2019dan y\u00fckselmeye devam edecek\u201d"},"content":{"rendered":"<p>Cumhurba\u015fkan\u0131 Yard\u0131mc\u0131s\u0131 Fuat Oktay, Zaman\u0131n\u0131 A\u015fan Medeniyet: \u00d6zbekistan Sergi ve Sempozyumunun a\u00e7\u0131l\u0131\u015f program\u0131nda yapt\u0131\u011f\u0131 konu\u015fmada, \u201d23 Haziran\u2019dan sonra \u0130stanbul B\u00fcy\u00fck\u015fehir Belediye Ba\u015fkan Aday\u0131m\u0131z Binali Y\u0131ld\u0131r\u0131m ile \u0130stanbul\u2019da k\u00fclt\u00fcr ve sanat\u0131n dirili\u015f d\u00f6nemini devam ettirece\u011fiz. \u0130nan\u0131yorum ki Binali Y\u0131ld\u0131r\u0131m ile medeniyet havzam\u0131z\u0131n k\u00f6kl\u00fc de\u011ferleri \u0130stanbul\u2019dan y\u00fckselmeye devam edecektir\u201d dedi.<\/p>\n<p>T\u00fcrkiye\u2019den \u00d6zbekistan\u2019a ortak medeniyetimize bir yolculuk ba\u015flatan \u0130nsan ve Medeniyet Hareketi, Cumhurba\u015fkanl\u0131\u011f\u0131 himayelerinde \u201cZaman\u0131n\u0131 A\u015fan Medeniyet: \u00d6zbekistan Sergi ve Sempozyumu\u201d a\u00e7\u0131l\u0131\u015f\u0131 Cumhurba\u015fkan\u0131 Yard\u0131mc\u0131s\u0131 Fuat Oktay\u2019\u0131n kat\u0131l\u0131m\u0131yla ger\u00e7ekle\u015ftirildi. Sempozyum ve sergi T\u00fcrk ve \u00d6zbek 28 sanat\u00e7\u0131 ve 34 akademisyenin kat\u0131l\u0131m\u0131yla \u0130stanbul\u2019da ba\u015flad\u0131. Bahariye Sanat Birimi taraf\u0131ndan Bahariye Mevlevihanesi\u2019nde organize edilen sergi ve sempozyuma sanatseverlerin ilgisi yo\u011fun oldu. A\u00e7\u0131lan sergide; \u0130pek Yolu\u2019nun zenginle\u015ftirdi\u011fi as\u0131rl\u0131k birikim, birbirinden k\u0131ymetli isimlerin eme\u011fi ile yeniden hayat buldu. 28 T\u00fcrk ve \u00d6zbek sanatkar projeye \u00f6zel 60 \u00f6zg\u00fcn eser haz\u0131rlad\u0131. Serginin a\u00e7\u0131l\u0131\u015f\u0131na Cumhurba\u015fkan\u0131 Yard\u0131mc\u0131s\u0131 Fuat Oktay\u2019\u0131n yan\u0131 s\u0131ra K\u00fclt\u00fcr ve Turizm Bakan\u0131 Yard\u0131mc\u0131s\u0131 Serdar \u00c7am, \u00d6zbekistan \u0130stanbul Ba\u015fkonsolosu Alisher Botirov, \u0130nsan ve Medeniyet Hareketi Y\u00f6netim Kurulu Ba\u015fkan\u0131 Kemal \u00d6zden ve Ok\u00e7ular Vakf\u0131 M\u00fctevelli Heyeti \u00dcyesi Bilal Erdo\u011fan kat\u0131ld\u0131.<\/p>\n<p>\u201c\u00d6zbekistan\u2019\u0131n t\u00fcm b\u00f6lgelerindeki karde\u015flerimizle yak\u0131n ili\u015fkimizi s\u00fcrd\u00fcrmeye devam edece\u011fiz\u201d<\/p>\n<p>A\u00e7\u0131l\u0131\u015fta konu\u015fan Cumhurba\u015fkan\u0131 Yard\u0131mc\u0131s\u0131 Fuat Oktay, \u201dT\u00fcrkiye\u2019de bulunduklar\u0131 s\u00fcre boyunca kendilerini evlerinde hissettirdi\u011fimiz T\u00fcrkiye Burslusu \u00d6zbek \u00f6\u011frencilerimizin say\u0131s\u0131 ise 2 bin 200\u2019\u00fc a\u015fm\u0131\u015ft\u0131r. Bayrak ta\u015f\u0131y\u0131c\u0131 kurumumuz T\u00fcrk Hava Yollar\u0131\u2019n\u0131n \u00d6zbekistan u\u00e7u\u015flar\u0131n\u0131 art\u0131rmas\u0131n\u0131n olumlu etkilerini artan ikili m\u00fcnasebetlerimiz ile tecr\u00fcbe ediyoruz. \u00d6n\u00fcm\u00fczdeki d\u00f6nemde, \u00d6zbekistan\u2019\u0131n t\u00fcm b\u00f6lgelerindeki karde\u015flerimizle yak\u0131n i\u015fbirli\u011fimizi s\u00fcrd\u00fcrmeye devam edece\u011fiz. T\u00fcrk D\u00fcnyas\u0131\u2019n\u0131 bir araya getiren T\u00fcrk Konseyi\u2019nin, \u00d6zbek karde\u015flerimiz olmadan eksik kald\u0131\u011f\u0131n\u0131 d\u00fc\u015f\u00fcn\u00fcyor, \u00d6zbekistan\u2019\u0131n T\u00fcrk Konseyi\u2019ne \u00fcyeli\u011finin de en k\u0131sa zamanda ger\u00e7ekle\u015fmesini arzu ediyoruz \u201ddedi.<\/p>\n<p>\u201cT\u00fcrkiye ve \u00d6zbekistan akademi d\u00fcnyas\u0131n\u0131 ortak k\u00fclt\u00fcrel miras\u0131m\u0131za sahip \u00e7\u0131kmaya davet ediyorum\u201d<\/p>\n<p>Nevruz Bayram\u0131\u2019n\u0131n UNESCO \u0130nsanl\u0131\u011f\u0131n Somut Olmayan K\u00fclt\u00fcrel Miras\u0131 listesine eklenmesiyle ilgili konu\u015fan Oktay, \u201cOrtak de\u011ferlerimizi korumak i\u00e7in gayretlerimiz kapsam\u0131nda UNESCO \u0130nsanl\u0131\u011f\u0131n Somut Olmayan K\u00fclt\u00fcrel Miras\u0131 listesine 14 somut olmayan de\u011ferimizi eklemi\u015ftik. Bu kapsamda Nevruz Bayram\u0131\u2019n\u0131n listeye akredite olmas\u0131 i\u00e7in \u00d6zbekistanl\u0131 karde\u015flerimiz ile birlikte \u00e7al\u0131\u015fma y\u00fcr\u00fcterek UNESCO\u2019ya ortak bir dosya sunmu\u015ftuk. \u00c7abalar\u0131m\u0131z sonucunda Nevruz\u2019u T\u00fcrk d\u00fcnyas\u0131n\u0131n bir de\u011feri olarak bu listeye eklenmesini sa\u011flad\u0131k. Nevruz Bayram\u0131\u2019n\u0131 UNESCO listesine eklerken sa\u011flad\u0131\u011f\u0131m\u0131z i\u015fbirli\u011fini, say\u0131s\u0131z k\u00fclt\u00fcrel miras\u0131m\u0131z\u0131 uluslararas\u0131 alanda ebedile\u015ftirmek i\u00e7in de g\u00f6stermemiz gerekti\u011fine y\u00fcrekten inan\u0131yorum. Buradan \u00d6zbekistan ve T\u00fcrkiye akademi d\u00fcnyas\u0131n\u0131, k\u00fclt\u00fcr ve sanat camias\u0131n\u0131 ve t\u00fcm sivil toplum kurulu\u015flar\u0131n\u0131, ortak k\u00fclt\u00fcrel miras\u0131m\u0131za uluslararas\u0131 platformlarda \u00e7ok daha g\u00fc\u00e7l\u00fc \u015fekilde sahip \u00e7\u0131kmaya davet ediyorum\u201d diye konu\u015ftu.<\/p>\n<p>\u201cBinali Y\u0131ld\u0131r\u0131m ile medeniyet havzam\u0131z\u0131n k\u00f6kl\u00fc de\u011ferleri \u0130stanbul\u2019dan y\u00fckselmeye devam edecektir\u201d<\/p>\n<p>\u0130stanbul\u2019u k\u00fclt\u00fcr ve sanat\u0131n da kalbinin att\u0131\u011f\u0131 yer olarak tan\u0131mlayan Oktay, \u201c\u0130stanbul\u2019un tarihine, k\u00fclt\u00fcrel birikimine ve de\u011ferlerine yara\u015f\u0131r k\u00fclt\u00fcr sanat projelerini 20 y\u0131l\u0131 a\u015fk\u0131n s\u00fcredir Cumhurba\u015fkan\u0131m\u0131z \u00f6nc\u00fcl\u00fc\u011f\u00fcnde ger\u00e7ekle\u015ftirmekteyiz. 23 Haziran\u2019dan sonra da in\u015fallah, tecr\u00fcbe ve ba\u015far\u0131n\u0131n ismi, \u0130stanbul B\u00fcy\u00fck\u015fehir Belediye Ba\u015fkan Aday\u0131m\u0131z Binali Y\u0131ld\u0131r\u0131m ile \u0130stanbul\u2019da k\u00fclt\u00fcr ve sanat\u0131n dirili\u015f d\u00f6nemini devam ettirece\u011fiz. Binali Y\u0131ld\u0131r\u0131m\u2019\u0131n hayalinde d\u00fcnya \u00e7ap\u0131nda m\u00fczeler, her il\u00e7ede 24 saat a\u00e7\u0131k k\u00fct\u00fcphaneler, millet k\u0131raathaneleri ve k\u00fclt\u00fcr merkezleriyle k\u00fclt\u00fcrel hayat\u0131 dolu dolu ya\u015fayan; bilgiyle hemhal olan bir \u0130stanbul var. Bizim de hayalimizde var. \u0130nan\u0131yorum ki Binali Y\u0131ld\u0131r\u0131m ile medeniyet havzam\u0131z\u0131n k\u00f6kl\u00fc de\u011ferleri \u0130stanbul\u2019dan y\u00fckselmeye devam edecektir. Biz de merkezden t\u00fcm g\u00fcc\u00fcm\u00fczle katk\u0131 verece\u011fiz\u201d \u015feklinde konu\u015ftu.<\/p>\n<p>K\u00fclt\u00fcr ve Turizm Bakanl\u0131\u011f\u0131 ve T\u0130KA\u2019n\u0131n deste\u011finin yan\u0131 s\u0131ra \u0130stanbul ve Marmara \u00fcniversitelerinin i\u015f birli\u011finde d\u00fczenlenecek \u201cZaman\u0131n\u0131 A\u015fan Medeniyet: \u00d6zbekistan\u201d sempozyumu ise 15 Haziran\u2019da ba\u015flayacak. Sempozyumun biti\u015f 30 Haziran olarak belirlendi. Sergi ve sempozyumun tekrar\u0131, 7 &#8211; 15 Eyl\u00fcl 2019 tarihlerinde \u00d6zbekistan Ta\u015fkent\u2019te ger\u00e7ekle\u015ftirilecek. 7 Eyl\u00fcl\u2019de a\u00e7\u0131l\u0131\u015f\u0131 yap\u0131lacak sergi 15 Eyl\u00fcl 2019 tarihine kadar ziyarete a\u00e7\u0131k olacak.<\/p>\n","protected":false},"excerpt":{"rendered":"<p>T\u00dcRK\u0130YE\u2019DEN \u00d6ZBEK\u0130STAN\u2019A ORTAK MEDEN\u0130YET\u0130M\u0130ZE B\u0130R YOLCULUK BA\u015eLATAN \u0130NSAN VE MEDEN\u0130YET HAREKET\u0130, CUMHURBA\u015eKANLI\u011eI H\u0130MAYELER\u0130NDE \u201cZAMANINI A\u015eAN MEDEN\u0130YET: \u00d6ZBEK\u0130STAN SERG\u0130 VE SEMPOZYUMU\u201d A\u00c7ILI\u015eI CUMHURBA\u015eKANI YARDIMCISI FUAT OKTAY\u2019IN KATILIMIYLA GER\u00c7EKLE\u015eT\u0130R\u0130LD\u0130.<\/p>\n","protected":false},"author":1,"featured_media":169576,"comment_status":"closed","ping_status":"open","sticky":false,"template":"","format":"standard","meta":{"jetpack_post_was_ever_published":false,"_jetpack_newsletter_access":"","_jetpack_dont_email_post_to_subs":false,"_jetpack_newsletter_tier_id":0,"_jetpack_memberships_contains_paywalled_content":false,"_jetpack_memberships_contains_paid_content":false,"footnotes":"","jetpack_publicize_message":"","jetpack_publicize_feature_enabled":true,"jetpack_social_post_already_shared":true,"jetpack_social_options":{"image_generator_settings":{"template":"highway","default_image_id":0,"font":"","enabled":false},"version":2}},"categories":[1],"tags":[3333,27986,522,4253,2751,40790,192,1922,9036,22809,78,376,32101],"class_list":["post-169575","post","type-post","status-publish","format-standard","has-post-thumbnail","hentry","category-genel","tag-binali","tag-degerleri","tag-devam","tag-edecek","tag-fuat","tag-havzamizin","tag-ile","tag-istanbuldan","tag-koklu","tag-medeniyet","tag-oktay","tag-yildirim","tag-yukselmeye"],"jetpack_publicize_connections":[],"jetpack_featured_media_url":"https:\/\/i0.wp.com\/www.tvturk.com\/wp-content\/uploads\/2019\/06\/fuat-oktay-binali-yildirim-ile-medeniyet-havzamizin-koklu-degerleri-istanbuldan-yukselmeye-devam-edecek_649a313.jpg?fit=1000%2C664","jetpack_sharing_enabled":true,"jetpack_shortlink":"https:\/\/wp.me\/paKIfm-I75","_links":{"self":[{"href":"http:\/\/www.tvturk.com\/index.php\/wp-json\/wp\/v2\/posts\/169575","targetHints":{"allow":["GET"]}}],"collection":[{"href":"http:\/\/www.tvturk.com\/index.php\/wp-json\/wp\/v2\/posts"}],"about":[{"href":"http:\/\/www.tvturk.com\/index.php\/wp-json\/wp\/v2\/types\/post"}],"author":[{"embeddable":true,"href":"http:\/\/www.tvturk.com\/index.php\/wp-json\/wp\/v2\/users\/1"}],"replies":[{"embeddable":true,"href":"http:\/\/www.tvturk.com\/index.php\/wp-json\/wp\/v2\/comments?post=169575"}],"version-history":[{"count":0,"href":"http:\/\/www.tvturk.com\/index.php\/wp-json\/wp\/v2\/posts\/169575\/revisions"}],"wp:featuredmedia":[{"embeddable":true,"href":"http:\/\/www.tvturk.com\/index.php\/wp-json\/wp\/v2\/media\/169576"}],"wp:attachment":[{"href":"http:\/\/www.tvturk.com\/index.php\/wp-json\/wp\/v2\/media?parent=169575"}],"wp:term":[{"taxonomy":"category","embeddable":true,"href":"http:\/\/www.tvturk.com\/index.php\/wp-json\/wp\/v2\/categories?post=169575"},{"taxonomy":"post_tag","embeddable":true,"href":"http:\/\/www.tvturk.com\/index.php\/wp-json\/wp\/v2\/tags?post=169575"}],"curies":[{"name":"wp","href":"https:\/\/api.w.org\/{rel}","templated":true}]}}