{"id":169590,"date":"2019-06-14T21:30:22","date_gmt":"2019-06-14T18:30:22","guid":{"rendered":"http:\/\/www.tvturk.com\/index.php\/mavi-bayrak-alan-isletmelere-odulleri-verildi\/"},"modified":"2019-06-14T21:30:22","modified_gmt":"2019-06-14T18:30:22","slug":"mavi-bayrak-alan-isletmelere-odulleri-verildi","status":"publish","type":"post","link":"http:\/\/www.tvturk.com\/index.php\/mavi-bayrak-alan-isletmelere-odulleri-verildi\/","title":{"rendered":"\u201cMavi Bayrak\u201d alan i\u015fletmelere \u00f6d\u00fclleri verildi"},"content":{"rendered":"<p>Mu\u011fla\u2019da 2019 y\u0131l\u0131nda mavi bayrak kazanan plaj, marinalar Fethiye il\u00e7esinde K\u00fclt\u00fcr ve Turizm Bakan\u0131 Mehmet Nuri Ersoy\u2019un kat\u0131ld\u0131\u011f\u0131 t\u00f6renle \u00f6d\u00fcllerini ald\u0131.<\/p>\n<p>T\u00fcrkiye \u00c7evre E\u011fitim Vakf\u0131\u2019n\u0131n (T\u00dcR\u00c7EV) d\u00fczenledi\u011fi Mavi Bayrak \u00d6d\u00fcl T\u00f6reni Fethiye Ece Marina\u2019da ger\u00e7ekle\u015ftirildi. \u00d6d\u00fcl t\u00f6renine K\u00fclt\u00fcr ve Turizm Bakan\u0131 Mehmet Nuri Ersoy, Mu\u011fla Valisi Eseng\u00fcl Civelek, Mu\u011fla Milletvekili Yelda Erol G\u00f6kcan, Mu\u011fla B\u00fcy\u00fck\u015fehir Belediye Ba\u015fkan\u0131 Osman G\u00fcr\u00fcn, 18. 19. ve 22. d\u00f6nem CHP Gaziantep milletvekili ve eski turizm bakanlar\u0131ndan Abulkadir Ate\u015f, Mavi bayra\u011f\u0131 ta\u015f\u0131yacak olan tesis y\u00f6neticileri, Belediye ba\u015fkanlar\u0131 ve davetliler kat\u0131ld\u0131.<\/p>\n<p>T\u00f6rende konu\u015fan Bakan Ersoy, ama\u00e7lar\u0131n\u0131n sadece turist say\u0131s\u0131n\u0131 artt\u0131rmak de\u011fil, turizmde elde ettikleri verileri de artt\u0131rmak oldu\u011funu, bu anlamda \u00f6nemli \u00e7al\u0131\u015fmalar yapt\u0131klar\u0131n\u0131 ifade etti. Bakan Ersoy, &#8220;Turizm verilerini artt\u0131rmak istiyorsan\u0131z, konaklama d\u0131\u015f\u0131 harcamas\u0131 y\u00fcksek, nitelikli turiste de konsantre olmam\u0131z gerekiyor. D\u00fcnyada turizme genel anlamda bakt\u0131\u011f\u0131m\u0131z zaman turizm, \u00e7ok b\u00fcy\u00fck \u00f6l\u00e7ekli alg\u0131 ve tan\u0131t\u0131m konsepti i\u00e7eriyor. Turizmdeki alg\u0131n\u0131z\u0131 y\u00fckseltmek i\u00e7in de turizmde sizi \u00f6n plana \u00e7\u0131karacak olan de\u011ferlerinizin fark\u0131ndal\u0131\u011f\u0131n\u0131 artt\u0131rman\u0131z gerekiyor. Bu yaratt\u0131\u011f\u0131n\u0131z fark\u0131ndal\u0131k ile de\u011ferlerinde tescillenmesi gerekiyor&#8221; diye konu\u015ftu.<\/p>\n<p>Bakan Ersoy, &#8220;Bu tescilleme a\u015famas\u0131nda da T\u00dcR\u00c7EV 26 y\u0131ld\u0131r \u00e7ok \u00f6nemli bir g\u00f6rev \u00fcstlenmi\u015f durumunda. Biliyorsunuz sadece tescillemeniz de yetmiyor. \u00d6nemli olan bu b\u00f6lgedeki halk\u0131n, i\u015fletmecilerin e\u011fitimlerinin de s\u00fcrekli olarak yap\u0131l\u0131p, tescillenmi\u015f belgelerinin de korunmas\u0131 ve s\u00fcrd\u00fcr\u00fclebilir olmas\u0131 gerekiyor. Bu a\u00e7\u0131dan da T\u00dcR\u00c7EV\u2019e \u00e7ok b\u00fcy\u00fck bir g\u00f6rev d\u00fc\u015f\u00fcyor. Biz d\u00fcnyada mavi bayrak say\u0131s\u0131 olarak \u00fc\u00e7\u00fcnc\u00fc s\u0131raday\u0131z. 463 tane mavi bayra\u011fa sahip plajlar\u0131m\u0131z ve marinalar\u0131m\u0131z var. Mavi bayrakta Antalya birinci, Mu\u011fla ise ikinci s\u0131rada bulunuyor. Bizim hedefimiz T\u00fcrkiye olarak birincili\u011fi almak. O y\u00fczden \u00e7ok \u00e7al\u0131\u015fmam\u0131z laz\u0131m. Bu \u00f6nemli hedefe gelmek i\u00e7in de ba\u015fta turizm yat\u0131r\u0131mc\u0131lar\u0131na, otelcilere ve belediyelere \u00e7ok b\u00fcy\u00fck g\u00f6revler d\u00fc\u015f\u00fcyor. Onlar\u0131n gayret etmesi gerekiyor ki biz T\u00fcrkiye olarak bu hedefimizi ger\u00e7ekle\u015ftirelim. \u00c7ok zor bir hedef de\u011fil. Mavi bayrak say\u0131s\u0131nda \u00e7ok h\u0131zl\u0131 bir \u015fekilde y\u00fckseliyoruz&#8221; ifadelerini kulland\u0131.<\/p>\n<p>Mu\u011fla Valisi Eseng\u00fcl Civelek de Mu\u011fla\u2019n\u0131n T\u00fcrkiye\u2019de mavi bayrakl\u0131 7 marinayla ilk s\u0131rada bulundu\u011funu, mevcut mavi bayrakl\u0131 plaj, marina, deniz ile k\u0131y\u0131lar\u0131n korunmas\u0131 ve ya\u015fanabilir bir \u00e7evre i\u00e7in ilgili kurumlar sivil toplum kurulu\u015flar\u0131, T\u00dcR\u00c7EV ile i\u015fbirli\u011fi i\u00e7erisinde \u00e7al\u0131\u015ft\u0131klar\u0131n\u0131 s\u00f6yledi. Vali Civelek ayr\u0131ca, \u00e7evresel de\u011ferlerin korunup gelecek nesillere aktar\u0131lmas\u0131 i\u00e7in m\u00fccadele ettiklerini kaydetti.<\/p>\n<p>T\u00dcR\u00c7EV Y\u00f6netim Kurulu Ba\u015fkan\u0131 R\u0131za Tevfik Epikmen de mavi bayra\u011f\u0131n 55 \u00fclkede uygulanan d\u00fcnyan\u0131n en b\u00fcy\u00fck ve \u00f6nemli eko etiketi oldu\u011funu dile getirdi. D\u00fcnyadaki 55 \u00fclkede program\u0131n uluslararas\u0131 \u00e7evre e\u011fitim vakf\u0131 taraf\u0131ndan y\u00fcr\u00fct\u00fcld\u00fc\u011f\u00fcn\u00fc belirten Epikmen, \u015f\u00f6yle konu\u015ftu:<\/p>\n<p>&#8220;T\u00fcrkiye aya\u011f\u0131n\u0131 da biz temsil ediyoruz. Mavi bayrakla ilgili biz denetimler yap\u0131yoruz. Uluslararas\u0131 denetimlerden de ge\u00e7iyoruz. D\u00fcnyan\u0131n en \u00e7ok mavi bayrak alan \u00fc\u00e7\u00fcnc\u00fc \u00fclkesi oldu\u011fumuz i\u00e7in bu denetimler \u00e7ok daha s\u0131k yap\u0131l\u0131yor. En \u00e7ok sevindi\u011fimiz nokta mavi bayrak say\u0131m\u0131z de\u011fil mavi bayrak denetiminde ald\u0131\u011f\u0131m\u0131z puanlar. Bug\u00fcne kadar yap\u0131lan uluslararas\u0131 denetimlerde T\u00fcrkiye en ba\u015far\u0131l\u0131 \u00fclkelerin ba\u015f\u0131nda gelmi\u015ftir. Bizi esas gururland\u0131ran budur. \u00c7\u00fcnk\u00fc mavi bayra\u011f\u0131m\u0131za sahip \u00e7\u0131k\u0131yoruz. Mavi bayra\u011f\u0131 sadece vak\u0131f \u00e7al\u0131\u015fanlar\u0131yla de\u011fil t\u00fcm tesis ve belediyelerimizle \u00e7evreye olan say\u0131, mavi bayra\u011fa olan g\u00fcvenle b\u00fcy\u00fck bir aile gibi \u00e7al\u0131\u015f\u0131yoruz&#8221;.<\/p>\n<p>Mu\u011fla B\u00fcy\u00fck\u015fehir Belediye Ba\u015fkan\u0131 Osman G\u00fcr\u00fcn ise Uluslararas\u0131 boyutta kataloglara bak\u0131ld\u0131\u011f\u0131nda T\u00fcrkiye\u2019de g\u00fcvenli plajlar ve teknelerin g\u00f6r\u00fcld\u00fc\u011f\u00fcne i\u015faret ederek, \u201cBu pazarlama a\u00e7\u0131s\u0131ndan da \u00e7ok \u00f6nemli. \u015eu anda T\u00fcrkiye\u2019de ikinci s\u0131raday\u0131z. \u00d6n\u00fcm\u00fczdeki y\u0131llarda en fazla mavi bayra\u011fa sahip olmay\u0131 hak edecek bir iliz&#8221; dedi.<\/p>\n","protected":false},"excerpt":{"rendered":"<p>MU\u011eLA&#8217;DA 2019 YILINDA MAV\u0130 BAYRAK KAZANAN PLAJ, MAR\u0130NALAR FETH\u0130YE \u0130L\u00c7ES\u0130NDE K\u00dcLT\u00dcR VE TUR\u0130ZM BAKANI MEHMET NUR\u0130 ERSOY&#8217;UN KATILDI\u011eI T\u00d6RENLE \u00d6D\u00dcLLER\u0130N\u0130 ALDI.<\/p>\n","protected":false},"author":1,"featured_media":169591,"comment_status":"closed","ping_status":"open","sticky":false,"template":"","format":"standard","meta":{"jetpack_post_was_ever_published":false,"_jetpack_newsletter_access":"","_jetpack_dont_email_post_to_subs":false,"_jetpack_newsletter_tier_id":0,"_jetpack_memberships_contains_paywalled_content":false,"_jetpack_memberships_contains_paid_content":false,"footnotes":"","jetpack_publicize_message":"","jetpack_publicize_feature_enabled":true,"jetpack_social_post_already_shared":true,"jetpack_social_options":{"image_generator_settings":{"template":"highway","default_image_id":0,"font":"","enabled":false},"version":2}},"categories":[1],"tags":[1802,4231,3415,5187,4031,634],"class_list":["post-169590","post","type-post","status-publish","format-standard","has-post-thumbnail","hentry","category-genel","tag-alan","tag-bayrak","tag-isletmelere","tag-mavi","tag-odulleri","tag-verildi"],"jetpack_publicize_connections":[],"jetpack_featured_media_url":"https:\/\/i0.wp.com\/www.tvturk.com\/wp-content\/uploads\/2019\/06\/mavi-bayrak-alan-isletmelere-odulleri-verildi_93be8c7.jpg?fit=1000%2C666","jetpack_sharing_enabled":true,"jetpack_shortlink":"https:\/\/wp.me\/paKIfm-I7k","_links":{"self":[{"href":"http:\/\/www.tvturk.com\/index.php\/wp-json\/wp\/v2\/posts\/169590","targetHints":{"allow":["GET"]}}],"collection":[{"href":"http:\/\/www.tvturk.com\/index.php\/wp-json\/wp\/v2\/posts"}],"about":[{"href":"http:\/\/www.tvturk.com\/index.php\/wp-json\/wp\/v2\/types\/post"}],"author":[{"embeddable":true,"href":"http:\/\/www.tvturk.com\/index.php\/wp-json\/wp\/v2\/users\/1"}],"replies":[{"embeddable":true,"href":"http:\/\/www.tvturk.com\/index.php\/wp-json\/wp\/v2\/comments?post=169590"}],"version-history":[{"count":0,"href":"http:\/\/www.tvturk.com\/index.php\/wp-json\/wp\/v2\/posts\/169590\/revisions"}],"wp:featuredmedia":[{"embeddable":true,"href":"http:\/\/www.tvturk.com\/index.php\/wp-json\/wp\/v2\/media\/169591"}],"wp:attachment":[{"href":"http:\/\/www.tvturk.com\/index.php\/wp-json\/wp\/v2\/media?parent=169590"}],"wp:term":[{"taxonomy":"category","embeddable":true,"href":"http:\/\/www.tvturk.com\/index.php\/wp-json\/wp\/v2\/categories?post=169590"},{"taxonomy":"post_tag","embeddable":true,"href":"http:\/\/www.tvturk.com\/index.php\/wp-json\/wp\/v2\/tags?post=169590"}],"curies":[{"name":"wp","href":"https:\/\/api.w.org\/{rel}","templated":true}]}}