{"id":16960,"date":"2019-02-09T22:26:51","date_gmt":"2019-02-09T19:26:51","guid":{"rendered":"http:\/\/www.tvturk.com\/index.php\/balikesirde-hastanede-yangin-panigi\/"},"modified":"2019-02-09T22:26:55","modified_gmt":"2019-02-09T19:26:55","slug":"balikesirde-hastanede-yangin-panigi","status":"publish","type":"post","link":"http:\/\/www.tvturk.com\/index.php\/balikesirde-hastanede-yangin-panigi\/","title":{"rendered":"Bal\u0131kesir\u2019de hastanede yang\u0131n pani\u011fi"},"content":{"rendered":"<p>Bal\u0131kesir Devlet Hastanesi patoloji laboratuvar\u0131nda \u00e7\u0131kan yang\u0131n, itfaiye ekipleri k\u0131sa s\u00fcrede kontrol alt\u0131na al\u0131nd\u0131.<\/p>\n<p>Al\u0131nan bilgiye g\u00f6re, Bal\u0131kesir Devlet Hastanesi ek patoloji laboratuvar\u0131nda hen\u00fcz bilinmeyen bir nedenle yang\u0131n \u00e7\u0131kt\u0131. K\u0131sa s\u00fcrede olay yerine gelen Bal\u0131kesir B\u00fcy\u00fck\u015fehir Belediyesi \u0130tfaiye ekiplerinin m\u00fcdahale etti\u011fi yang\u0131n kontrol alt\u0131na al\u0131nd\u0131. Patoloji b\u00f6l\u00fcm\u00fcn\u00fcn yer ald\u0131\u011f\u0131 bina emniyet birimlerince g\u00fcvenlik koridoru olu\u015fturdu. Yang\u0131n so\u011futma \u00e7al\u0131\u015fmalar\u0131n\u0131n ard\u0131ndan polis ekipleri yang\u0131n\u0131n \u00e7\u0131kt\u0131\u011f\u0131 yerde \u00e7al\u0131\u015fmalara ba\u015flad\u0131.<\/p>\n<p>Bal\u0131kesir Devlet Hastanesi Ba\u015fhekimi Dr. \u0130lyas Y\u0131ld\u0131ran konuyla ilgili yapt\u0131\u011f\u0131 a\u00e7\u0131klamada , \u201cPatoloji laboratuvar\u0131m\u0131zda bilinmeyen bir nedenle yang\u0131n ba\u015flad\u0131. \u00c7ok \u015f\u00fck\u00fcr ki itfaiye k\u0131sa s\u00fcrede m\u00fcdahale etti. Herhangi bir can kayb\u0131 yok ama ufak tefek hasarlar var. O tespitten sonra belli olacak. Bir odada var s\u0131k\u0131nt\u0131 \u00e7ok b\u00fcy\u00fck bir hasar yok. Ama cihazlardan zarar g\u00f6ren var san\u0131r\u0131m. Olay yeri inceleme ekipleri ara\u015ft\u0131r\u0131yor \u00e7ok net de\u011fil. Bu konuda daha sonra bilgi verebiliriz\u201d dedi.<\/p>\n<p>Yang\u0131n\u0131n \u00e7\u0131k\u0131\u015f nedeni emniyet ekiplerince \u00e7ok y\u00f6nl\u00fc olarak ara\u015ft\u0131r\u0131l\u0131yor.<div class=\"tiled-gallery type-rectangular tiled-gallery-unresized\" data-original-width=\"500\" data-carousel-extra='null' itemscope itemtype=\"http:\/\/schema.org\/ImageGallery\" > <div class=\"gallery-row\" style=\"width: 500px; height: 233px;\" data-original-width=\"500\" data-original-height=\"233\" > <div class=\"gallery-group images-1\" style=\"width: 500px; height: 233px;\" data-original-width=\"500\" data-original-height=\"233\" > <div class=\"tiled-gallery-item tiled-gallery-item-large\" itemprop=\"associatedMedia\" itemscope itemtype=\"http:\/\/schema.org\/ImageObject\"> <a href=\"http:\/\/www.tvturk.com\/index.php\/balikesirde-hastanede-yangin-panigi\/balikesirde-hastanede-yangin-panigi-3\/\" border=\"0\" itemprop=\"url\"> <meta itemprop=\"width\" content=\"496\"> <meta itemprop=\"height\" content=\"229\"> <img decoding=\"async\" class=\"\" data-attachment-id=\"16962\" data-orig-file=\"http:\/\/www.tvturk.com\/wp-content\/uploads\/2019\/02\/balikesirde-hastanede-yangin-panigi_d2983c8.jpg\" data-orig-size=\"1000,462\" data-comments-opened=\"\" data-image-meta=\"{&quot;aperture&quot;:&quot;0&quot;,&quot;credit&quot;:&quot;IHA&quot;,&quot;camera&quot;:&quot;&quot;,&quot;caption&quot;:&quot;BALIKES\\u0130R DEVLET HASTANES\\u0130 PATOLOJ\\u0130 LABORATUVARINDA \\u00c7IKAN YANGIN, \\u0130TFA\\u0130YE EK\\u0130PLER\\u0130 KISA S\\u00dcREDE KONTROL ALTINA ALINDI. (HASAN OTA\\u011e FIRINCIO\\u011eULLARI\\\/BALIKES\\u0130R-\\u0130HA)&quot;,&quot;created_timestamp&quot;:&quot;0&quot;,&quot;copyright&quot;:&quot;\\u0130HLAS HABER AJANSI, www.iha.com.tr&quot;,&quot;focal_length&quot;:&quot;0&quot;,&quot;iso&quot;:&quot;0&quot;,&quot;shutter_speed&quot;:&quot;0&quot;,&quot;title&quot;:&quot;BALIKES\\u0130R\\u2019DE HASTANEDE YANGIN PAN\\u0130\\u011e\\u0130&quot;,&quot;orientation&quot;:&quot;0&quot;}\" data-image-title=\"Bal\u0131kesir\u2019de hastanede yang\u0131n pani\u011fi\" data-image-description=\"&lt;p&gt;Bal\u0131kesir\u2019de hastanede yang\u0131n pani\u011fi&lt;\/p&gt; \" data-medium-file=\"https:\/\/i0.wp.com\/www.tvturk.com\/wp-content\/uploads\/2019\/02\/balikesirde-hastanede-yangin-panigi_d2983c8.jpg?fit=300%2C139\" data-large-file=\"https:\/\/i0.wp.com\/www.tvturk.com\/wp-content\/uploads\/2019\/02\/balikesirde-hastanede-yangin-panigi_d2983c8.jpg?fit=1000%2C462\" src=\"https:\/\/i0.wp.com\/www.tvturk.com\/wp-content\/uploads\/2019\/02\/balikesirde-hastanede-yangin-panigi_d2983c8.jpg?w=496&#038;h=229\" srcset=\"https:\/\/i0.wp.com\/www.tvturk.com\/wp-content\/uploads\/2019\/02\/balikesirde-hastanede-yangin-panigi_d2983c8.jpg?w=1000 1000w, https:\/\/i0.wp.com\/www.tvturk.com\/wp-content\/uploads\/2019\/02\/balikesirde-hastanede-yangin-panigi_d2983c8.jpg?resize=150%2C69 150w, https:\/\/i0.wp.com\/www.tvturk.com\/wp-content\/uploads\/2019\/02\/balikesirde-hastanede-yangin-panigi_d2983c8.jpg?resize=300%2C139 300w, https:\/\/i0.wp.com\/www.tvturk.com\/wp-content\/uploads\/2019\/02\/balikesirde-hastanede-yangin-panigi_d2983c8.jpg?resize=768%2C355 768w\" width=\"496\" height=\"229\" loading=\"lazy\" data-original-width=\"496\" data-original-height=\"229\" itemprop=\"http:\/\/schema.org\/image\" title=\"Bal\u0131kesir\u2019de hastanede yang\u0131n pani\u011fi\" alt=\"Bal\u0131kesir\u2019de hastanede yang\u0131n pani\u011fi\" style=\"width: 496px; height: 229px;\" \/> <\/a> <\/div> <\/div> <!-- close group --> <\/div> <!-- close row --> <div class=\"gallery-row\" style=\"width: 500px; height: 222px;\" data-original-width=\"500\" data-original-height=\"222\" > <div class=\"gallery-group images-1\" style=\"width: 334px; height: 222px;\" data-original-width=\"334\" data-original-height=\"222\" > <div class=\"tiled-gallery-item tiled-gallery-item-large\" itemprop=\"associatedMedia\" itemscope itemtype=\"http:\/\/schema.org\/ImageObject\"> <a href=\"http:\/\/www.tvturk.com\/index.php\/balikesirde-hastanede-yangin-panigi\/balikesirde-hastanede-yangin-panigi-4\/\" border=\"0\" itemprop=\"url\"> <meta itemprop=\"width\" content=\"330\"> <meta itemprop=\"height\" content=\"218\"> <img decoding=\"async\" class=\"\" data-attachment-id=\"16963\" data-orig-file=\"http:\/\/www.tvturk.com\/wp-content\/uploads\/2019\/02\/balikesirde-hastanede-yangin-panigi_ff4ce4a.jpg\" data-orig-size=\"1000,662\" data-comments-opened=\"\" data-image-meta=\"{&quot;aperture&quot;:&quot;0&quot;,&quot;credit&quot;:&quot;IHA&quot;,&quot;camera&quot;:&quot;&quot;,&quot;caption&quot;:&quot;BALIKES\\u0130R DEVLET HASTANES\\u0130 PATOLOJ\\u0130 LABORATUVARINDA \\u00c7IKAN YANGIN, \\u0130TFA\\u0130YE EK\\u0130PLER\\u0130 KISA S\\u00dcREDE KONTROL ALTINA ALINDI. (HASAN OTA\\u011e FIRINCIO\\u011eULLARI\\\/BALIKES\\u0130R-\\u0130HA)&quot;,&quot;created_timestamp&quot;:&quot;0&quot;,&quot;copyright&quot;:&quot;\\u0130HLAS HABER AJANSI, www.iha.com.tr&quot;,&quot;focal_length&quot;:&quot;0&quot;,&quot;iso&quot;:&quot;0&quot;,&quot;shutter_speed&quot;:&quot;0&quot;,&quot;title&quot;:&quot;BALIKES\\u0130R\\u2019DE HASTANEDE YANGIN PAN\\u0130\\u011e\\u0130&quot;,&quot;orientation&quot;:&quot;0&quot;}\" data-image-title=\"Bal\u0131kesir\u2019de hastanede yang\u0131n pani\u011fi\" data-image-description=\"&lt;p&gt;Bal\u0131kesir\u2019de hastanede yang\u0131n pani\u011fi&lt;\/p&gt; \" data-medium-file=\"https:\/\/i0.wp.com\/www.tvturk.com\/wp-content\/uploads\/2019\/02\/balikesirde-hastanede-yangin-panigi_ff4ce4a.jpg?fit=300%2C199\" data-large-file=\"https:\/\/i0.wp.com\/www.tvturk.com\/wp-content\/uploads\/2019\/02\/balikesirde-hastanede-yangin-panigi_ff4ce4a.jpg?fit=1000%2C662\" src=\"https:\/\/i0.wp.com\/www.tvturk.com\/wp-content\/uploads\/2019\/02\/balikesirde-hastanede-yangin-panigi_ff4ce4a.jpg?w=330&#038;h=218\" srcset=\"https:\/\/i0.wp.com\/www.tvturk.com\/wp-content\/uploads\/2019\/02\/balikesirde-hastanede-yangin-panigi_ff4ce4a.jpg?w=1000 1000w, https:\/\/i0.wp.com\/www.tvturk.com\/wp-content\/uploads\/2019\/02\/balikesirde-hastanede-yangin-panigi_ff4ce4a.jpg?resize=150%2C99 150w, https:\/\/i0.wp.com\/www.tvturk.com\/wp-content\/uploads\/2019\/02\/balikesirde-hastanede-yangin-panigi_ff4ce4a.jpg?resize=300%2C199 300w, https:\/\/i0.wp.com\/www.tvturk.com\/wp-content\/uploads\/2019\/02\/balikesirde-hastanede-yangin-panigi_ff4ce4a.jpg?resize=768%2C508 768w, https:\/\/i0.wp.com\/www.tvturk.com\/wp-content\/uploads\/2019\/02\/balikesirde-hastanede-yangin-panigi_ff4ce4a.jpg?resize=170%2C113 170w, https:\/\/i0.wp.com\/www.tvturk.com\/wp-content\/uploads\/2019\/02\/balikesirde-hastanede-yangin-panigi_ff4ce4a.jpg?resize=120%2C80 120w\" width=\"330\" height=\"218\" loading=\"lazy\" data-original-width=\"330\" data-original-height=\"218\" itemprop=\"http:\/\/schema.org\/image\" title=\"Bal\u0131kesir\u2019de hastanede yang\u0131n pani\u011fi\" alt=\"Bal\u0131kesir\u2019de hastanede yang\u0131n pani\u011fi\" style=\"width: 330px; height: 218px;\" \/> <\/a> <\/div> <\/div> <!-- close group --> <div class=\"gallery-group images-2\" style=\"width: 166px; height: 222px;\" data-original-width=\"166\" data-original-height=\"222\" > <div class=\"tiled-gallery-item tiled-gallery-item-small\" itemprop=\"associatedMedia\" itemscope itemtype=\"http:\/\/schema.org\/ImageObject\"> <a href=\"http:\/\/www.tvturk.com\/index.php\/balikesirde-hastanede-yangin-panigi\/balikesirde-hastanede-yangin-panigi-5\/\" border=\"0\" itemprop=\"url\"> <meta itemprop=\"width\" content=\"162\"> <meta itemprop=\"height\" content=\"107\"> <img decoding=\"async\" class=\"\" data-attachment-id=\"16964\" data-orig-file=\"http:\/\/www.tvturk.com\/wp-content\/uploads\/2019\/02\/balikesirde-hastanede-yangin-panigi_a5b6365.jpg\" data-orig-size=\"1000,662\" data-comments-opened=\"\" data-image-meta=\"{&quot;aperture&quot;:&quot;0&quot;,&quot;credit&quot;:&quot;IHA&quot;,&quot;camera&quot;:&quot;&quot;,&quot;caption&quot;:&quot;BALIKES\\u0130R DEVLET HASTANES\\u0130 PATOLOJ\\u0130 LABORATUVARINDA \\u00c7IKAN YANGIN, \\u0130TFA\\u0130YE EK\\u0130PLER\\u0130 KISA S\\u00dcREDE KONTROL ALTINA ALINDI. (HASAN OTA\\u011e FIRINCIO\\u011eULLARI\\\/BALIKES\\u0130R-\\u0130HA)&quot;,&quot;created_timestamp&quot;:&quot;0&quot;,&quot;copyright&quot;:&quot;\\u0130HLAS HABER AJANSI, www.iha.com.tr&quot;,&quot;focal_length&quot;:&quot;0&quot;,&quot;iso&quot;:&quot;0&quot;,&quot;shutter_speed&quot;:&quot;0&quot;,&quot;title&quot;:&quot;BALIKES\\u0130R\\u2019DE HASTANEDE YANGIN PAN\\u0130\\u011e\\u0130&quot;,&quot;orientation&quot;:&quot;0&quot;}\" data-image-title=\"Bal\u0131kesir\u2019de hastanede yang\u0131n pani\u011fi\" data-image-description=\"&lt;p&gt;Bal\u0131kesir\u2019de hastanede yang\u0131n pani\u011fi&lt;\/p&gt; \" data-medium-file=\"https:\/\/i0.wp.com\/www.tvturk.com\/wp-content\/uploads\/2019\/02\/balikesirde-hastanede-yangin-panigi_a5b6365.jpg?fit=300%2C199\" data-large-file=\"https:\/\/i0.wp.com\/www.tvturk.com\/wp-content\/uploads\/2019\/02\/balikesirde-hastanede-yangin-panigi_a5b6365.jpg?fit=1000%2C662\" src=\"https:\/\/i0.wp.com\/www.tvturk.com\/wp-content\/uploads\/2019\/02\/balikesirde-hastanede-yangin-panigi_a5b6365.jpg?w=162&#038;h=107\" srcset=\"https:\/\/i0.wp.com\/www.tvturk.com\/wp-content\/uploads\/2019\/02\/balikesirde-hastanede-yangin-panigi_a5b6365.jpg?w=1000 1000w, https:\/\/i0.wp.com\/www.tvturk.com\/wp-content\/uploads\/2019\/02\/balikesirde-hastanede-yangin-panigi_a5b6365.jpg?resize=150%2C99 150w, https:\/\/i0.wp.com\/www.tvturk.com\/wp-content\/uploads\/2019\/02\/balikesirde-hastanede-yangin-panigi_a5b6365.jpg?resize=300%2C200 300w, https:\/\/i0.wp.com\/www.tvturk.com\/wp-content\/uploads\/2019\/02\/balikesirde-hastanede-yangin-panigi_a5b6365.jpg?resize=768%2C508 768w, https:\/\/i0.wp.com\/www.tvturk.com\/wp-content\/uploads\/2019\/02\/balikesirde-hastanede-yangin-panigi_a5b6365.jpg?resize=170%2C113 170w, https:\/\/i0.wp.com\/www.tvturk.com\/wp-content\/uploads\/2019\/02\/balikesirde-hastanede-yangin-panigi_a5b6365.jpg?resize=120%2C80 120w\" width=\"162\" height=\"107\" loading=\"lazy\" data-original-width=\"162\" data-original-height=\"107\" itemprop=\"http:\/\/schema.org\/image\" title=\"Bal\u0131kesir\u2019de hastanede yang\u0131n pani\u011fi\" alt=\"Bal\u0131kesir\u2019de hastanede yang\u0131n pani\u011fi\" style=\"width: 162px; height: 107px;\" \/> <\/a> <\/div> <div class=\"tiled-gallery-item tiled-gallery-item-small\" itemprop=\"associatedMedia\" itemscope itemtype=\"http:\/\/schema.org\/ImageObject\"> <a href=\"http:\/\/www.tvturk.com\/index.php\/balikesirde-hastanede-yangin-panigi\/balikesirde-hastanede-yangin-panigi-6\/\" border=\"0\" itemprop=\"url\"> <meta itemprop=\"width\" content=\"162\"> <meta itemprop=\"height\" content=\"107\"> <img decoding=\"async\" class=\"\" data-attachment-id=\"16965\" data-orig-file=\"http:\/\/www.tvturk.com\/wp-content\/uploads\/2019\/02\/balikesirde-hastanede-yangin-panigi_2a1f754.jpg\" data-orig-size=\"1000,662\" data-comments-opened=\"\" data-image-meta=\"{&quot;aperture&quot;:&quot;0&quot;,&quot;credit&quot;:&quot;IHA&quot;,&quot;camera&quot;:&quot;&quot;,&quot;caption&quot;:&quot;BALIKES\\u0130R DEVLET HASTANES\\u0130 PATOLOJ\\u0130 LABORATUVARINDA \\u00c7IKAN YANGIN, \\u0130TFA\\u0130YE EK\\u0130PLER\\u0130 KISA S\\u00dcREDE KONTROL ALTINA ALINDI. (HASAN OTA\\u011e FIRINCIO\\u011eULLARI\\\/BALIKES\\u0130R-\\u0130HA)&quot;,&quot;created_timestamp&quot;:&quot;0&quot;,&quot;copyright&quot;:&quot;\\u0130HLAS HABER AJANSI, www.iha.com.tr&quot;,&quot;focal_length&quot;:&quot;0&quot;,&quot;iso&quot;:&quot;0&quot;,&quot;shutter_speed&quot;:&quot;0&quot;,&quot;title&quot;:&quot;BALIKES\\u0130R\\u2019DE HASTANEDE YANGIN PAN\\u0130\\u011e\\u0130&quot;,&quot;orientation&quot;:&quot;0&quot;}\" data-image-title=\"Bal\u0131kesir\u2019de hastanede yang\u0131n pani\u011fi\" data-image-description=\"&lt;p&gt;Bal\u0131kesir\u2019de hastanede yang\u0131n pani\u011fi&lt;\/p&gt; \" data-medium-file=\"https:\/\/i0.wp.com\/www.tvturk.com\/wp-content\/uploads\/2019\/02\/balikesirde-hastanede-yangin-panigi_2a1f754.jpg?fit=300%2C199\" data-large-file=\"https:\/\/i0.wp.com\/www.tvturk.com\/wp-content\/uploads\/2019\/02\/balikesirde-hastanede-yangin-panigi_2a1f754.jpg?fit=1000%2C662\" src=\"https:\/\/i0.wp.com\/www.tvturk.com\/wp-content\/uploads\/2019\/02\/balikesirde-hastanede-yangin-panigi_2a1f754.jpg?w=162&#038;h=107\" srcset=\"https:\/\/i0.wp.com\/www.tvturk.com\/wp-content\/uploads\/2019\/02\/balikesirde-hastanede-yangin-panigi_2a1f754.jpg?w=1000 1000w, https:\/\/i0.wp.com\/www.tvturk.com\/wp-content\/uploads\/2019\/02\/balikesirde-hastanede-yangin-panigi_2a1f754.jpg?resize=150%2C99 150w, https:\/\/i0.wp.com\/www.tvturk.com\/wp-content\/uploads\/2019\/02\/balikesirde-hastanede-yangin-panigi_2a1f754.jpg?resize=300%2C200 300w, https:\/\/i0.wp.com\/www.tvturk.com\/wp-content\/uploads\/2019\/02\/balikesirde-hastanede-yangin-panigi_2a1f754.jpg?resize=768%2C508 768w, https:\/\/i0.wp.com\/www.tvturk.com\/wp-content\/uploads\/2019\/02\/balikesirde-hastanede-yangin-panigi_2a1f754.jpg?resize=170%2C113 170w, https:\/\/i0.wp.com\/www.tvturk.com\/wp-content\/uploads\/2019\/02\/balikesirde-hastanede-yangin-panigi_2a1f754.jpg?resize=120%2C80 120w\" width=\"162\" height=\"107\" loading=\"lazy\" data-original-width=\"162\" data-original-height=\"107\" itemprop=\"http:\/\/schema.org\/image\" title=\"Bal\u0131kesir\u2019de hastanede yang\u0131n pani\u011fi\" alt=\"Bal\u0131kesir\u2019de hastanede yang\u0131n pani\u011fi\" style=\"width: 162px; height: 107px;\" \/> <\/a> <\/div> <\/div> <!-- close group --> <\/div> <!-- close row --> <div class=\"gallery-row\" style=\"width: 500px; height: 332px;\" data-original-width=\"500\" data-original-height=\"332\" > <div class=\"gallery-group images-1\" style=\"width: 500px; height: 332px;\" data-original-width=\"500\" data-original-height=\"332\" > <div class=\"tiled-gallery-item tiled-gallery-item-large\" itemprop=\"associatedMedia\" itemscope itemtype=\"http:\/\/schema.org\/ImageObject\"> <a href=\"http:\/\/www.tvturk.com\/index.php\/balikesirde-hastanede-yangin-panigi\/balikesirde-hastanede-yangin-panigi-7\/\" border=\"0\" itemprop=\"url\"> <meta itemprop=\"width\" content=\"496\"> <meta itemprop=\"height\" content=\"328\"> <img decoding=\"async\" class=\"\" data-attachment-id=\"16966\" data-orig-file=\"http:\/\/www.tvturk.com\/wp-content\/uploads\/2019\/02\/balikesirde-hastanede-yangin-panigi_33fdea3.jpg\" data-orig-size=\"1000,662\" data-comments-opened=\"\" data-image-meta=\"{&quot;aperture&quot;:&quot;0&quot;,&quot;credit&quot;:&quot;IHA&quot;,&quot;camera&quot;:&quot;&quot;,&quot;caption&quot;:&quot;BALIKES\\u0130R DEVLET HASTANES\\u0130 PATOLOJ\\u0130 LABORATUVARINDA \\u00c7IKAN YANGIN, \\u0130TFA\\u0130YE EK\\u0130PLER\\u0130 KISA S\\u00dcREDE KONTROL ALTINA ALINDI. (HASAN OTA\\u011e FIRINCIO\\u011eULLARI\\\/BALIKES\\u0130R-\\u0130HA)&quot;,&quot;created_timestamp&quot;:&quot;0&quot;,&quot;copyright&quot;:&quot;\\u0130HLAS HABER AJANSI, www.iha.com.tr&quot;,&quot;focal_length&quot;:&quot;0&quot;,&quot;iso&quot;:&quot;0&quot;,&quot;shutter_speed&quot;:&quot;0&quot;,&quot;title&quot;:&quot;BALIKES\\u0130R\\u2019DE HASTANEDE YANGIN PAN\\u0130\\u011e\\u0130&quot;,&quot;orientation&quot;:&quot;0&quot;}\" data-image-title=\"Bal\u0131kesir\u2019de hastanede yang\u0131n pani\u011fi\" data-image-description=\"&lt;p&gt;Bal\u0131kesir\u2019de hastanede yang\u0131n pani\u011fi&lt;\/p&gt; \" data-medium-file=\"https:\/\/i0.wp.com\/www.tvturk.com\/wp-content\/uploads\/2019\/02\/balikesirde-hastanede-yangin-panigi_33fdea3.jpg?fit=300%2C199\" data-large-file=\"https:\/\/i0.wp.com\/www.tvturk.com\/wp-content\/uploads\/2019\/02\/balikesirde-hastanede-yangin-panigi_33fdea3.jpg?fit=1000%2C662\" src=\"https:\/\/i0.wp.com\/www.tvturk.com\/wp-content\/uploads\/2019\/02\/balikesirde-hastanede-yangin-panigi_33fdea3.jpg?w=496&#038;h=328\" srcset=\"https:\/\/i0.wp.com\/www.tvturk.com\/wp-content\/uploads\/2019\/02\/balikesirde-hastanede-yangin-panigi_33fdea3.jpg?w=1000 1000w, https:\/\/i0.wp.com\/www.tvturk.com\/wp-content\/uploads\/2019\/02\/balikesirde-hastanede-yangin-panigi_33fdea3.jpg?resize=150%2C99 150w, https:\/\/i0.wp.com\/www.tvturk.com\/wp-content\/uploads\/2019\/02\/balikesirde-hastanede-yangin-panigi_33fdea3.jpg?resize=300%2C199 300w, https:\/\/i0.wp.com\/www.tvturk.com\/wp-content\/uploads\/2019\/02\/balikesirde-hastanede-yangin-panigi_33fdea3.jpg?resize=768%2C508 768w, https:\/\/i0.wp.com\/www.tvturk.com\/wp-content\/uploads\/2019\/02\/balikesirde-hastanede-yangin-panigi_33fdea3.jpg?resize=170%2C113 170w, https:\/\/i0.wp.com\/www.tvturk.com\/wp-content\/uploads\/2019\/02\/balikesirde-hastanede-yangin-panigi_33fdea3.jpg?resize=120%2C80 120w\" width=\"496\" height=\"328\" loading=\"lazy\" data-original-width=\"496\" data-original-height=\"328\" itemprop=\"http:\/\/schema.org\/image\" title=\"Bal\u0131kesir\u2019de hastanede yang\u0131n pani\u011fi\" alt=\"Bal\u0131kesir\u2019de hastanede yang\u0131n pani\u011fi\" style=\"width: 496px; height: 328px;\" \/> <\/a> <\/div> <\/div> <!-- close group --> <\/div> <!-- close row --> <\/div><\/p>\n","protected":false},"excerpt":{"rendered":"<p>BALIKES\u0130R DEVLET HASTANES\u0130 PATOLOJ\u0130 LABORATUVARINDA \u00c7IKAN YANGIN, \u0130TFA\u0130YE EK\u0130PLER\u0130 KISA S\u00dcREDE KONTROL ALTINA ALINDI.<\/p>\n","protected":false},"author":1,"featured_media":16961,"comment_status":"closed","ping_status":"open","sticky":false,"template":"","format":"standard","meta":{"jetpack_post_was_ever_published":false,"_jetpack_newsletter_access":"","_jetpack_dont_email_post_to_subs":false,"_jetpack_newsletter_tier_id":0,"_jetpack_memberships_contains_paywalled_content":false,"_jetpack_memberships_contains_paid_content":false,"footnotes":"","jetpack_publicize_message":"","jetpack_publicize_feature_enabled":true,"jetpack_social_post_already_shared":false,"jetpack_social_options":{"image_generator_settings":{"template":"highway","default_image_id":0,"font":"","enabled":false},"version":2}},"categories":[655],"tags":[1113,7219,6401,1617],"class_list":["post-16960","post","type-post","status-publish","format-standard","has-post-thumbnail","hentry","category-son-dakika","tag-balikesirde","tag-hastanede","tag-panigi","tag-yangin"],"jetpack_publicize_connections":[],"jetpack_featured_media_url":"https:\/\/i0.wp.com\/www.tvturk.com\/wp-content\/uploads\/2019\/02\/balikesirde-hastanede-yangin-panigi_7591c6f.jpg?fit=1000%2C662","jetpack_sharing_enabled":true,"jetpack_shortlink":"https:\/\/wp.me\/paKIfm-4py","_links":{"self":[{"href":"http:\/\/www.tvturk.com\/index.php\/wp-json\/wp\/v2\/posts\/16960","targetHints":{"allow":["GET"]}}],"collection":[{"href":"http:\/\/www.tvturk.com\/index.php\/wp-json\/wp\/v2\/posts"}],"about":[{"href":"http:\/\/www.tvturk.com\/index.php\/wp-json\/wp\/v2\/types\/post"}],"author":[{"embeddable":true,"href":"http:\/\/www.tvturk.com\/index.php\/wp-json\/wp\/v2\/users\/1"}],"replies":[{"embeddable":true,"href":"http:\/\/www.tvturk.com\/index.php\/wp-json\/wp\/v2\/comments?post=16960"}],"version-history":[{"count":1,"href":"http:\/\/www.tvturk.com\/index.php\/wp-json\/wp\/v2\/posts\/16960\/revisions"}],"predecessor-version":[{"id":16967,"href":"http:\/\/www.tvturk.com\/index.php\/wp-json\/wp\/v2\/posts\/16960\/revisions\/16967"}],"wp:featuredmedia":[{"embeddable":true,"href":"http:\/\/www.tvturk.com\/index.php\/wp-json\/wp\/v2\/media\/16961"}],"wp:attachment":[{"href":"http:\/\/www.tvturk.com\/index.php\/wp-json\/wp\/v2\/media?parent=16960"}],"wp:term":[{"taxonomy":"category","embeddable":true,"href":"http:\/\/www.tvturk.com\/index.php\/wp-json\/wp\/v2\/categories?post=16960"},{"taxonomy":"post_tag","embeddable":true,"href":"http:\/\/www.tvturk.com\/index.php\/wp-json\/wp\/v2\/tags?post=16960"}],"curies":[{"name":"wp","href":"https:\/\/api.w.org\/{rel}","templated":true}]}}