{"id":169600,"date":"2019-06-14T22:36:04","date_gmt":"2019-06-14T19:36:04","guid":{"rendered":"http:\/\/www.tvturk.com\/index.php\/kocaelisporda-yeni-baskan-uzulmez-oldu\/"},"modified":"2019-06-14T22:36:04","modified_gmt":"2019-06-14T19:36:04","slug":"kocaelisporda-yeni-baskan-uzulmez-oldu","status":"publish","type":"post","link":"http:\/\/www.tvturk.com\/index.php\/kocaelisporda-yeni-baskan-uzulmez-oldu\/","title":{"rendered":"Kocaelispor\u2019da yeni ba\u015fkan \u00dcz\u00fclmez oldu"},"content":{"rendered":"<p>TFF 2. Lig\u2019e \u00e7\u0131kma \u015fans\u0131n\u0131 Play-Off yar\u0131 final ma\u00e7lar\u0131nda kaybettikten sonra ola\u011fan\u00fcst\u00fc se\u00e7imli genel kurulu alan Kocaelispor\u2019da yeni ba\u015fkan, yerel se\u00e7imlerde belediye ba\u015fkanl\u0131\u011f\u0131 g\u00f6revini devreden H\u00fcseyin \u00dcz\u00fclmez oldu.<\/p>\n<p>TFF 3. Lig temsilcilerinden olan ve bir d\u00f6nem yakalad\u0131\u011f\u0131 ba\u015far\u0131lar ile Anadolu kul\u00fcpleri aras\u0131nda \u00f6ne \u00e7\u0131kan Kocaelispor\u2019da yeni ba\u015fkan belirlendi. TFF 2. Lig\u2019e \u00e7\u0131kma \u015fans\u0131n\u0131 Play-Off yar\u0131 final m\u00fcsabakalar\u0131nda kaybettikten sonra se\u00e7im karar\u0131 alan Kocaelispor\u2019da yeni ba\u015fkan tek listeyle se\u00e7ime giren Kartepe Belediyesi eski ba\u015fkan\u0131 H\u00fcseyin \u00dcz\u00fclmez oldu. Oy birli\u011fi ile se\u00e7imi kazanan \u00dcz\u00fclmez, tak\u0131m\u0131 eski g\u00fcnlerine d\u00f6nd\u00fcrmek i\u00e7in m\u00fccadele edeceklerini s\u00f6yledi. \u00dcz\u00fclmez, \u201cKocaelispor ise kuruldu\u011fu g\u00fcnden bu yana hep bu \u015fehrin markas\u0131d\u0131r. Amac\u0131m\u0131z Kocaelispor\u2019u ayakta tutmak ve hi\u00e7 lay\u0131k olmad\u0131\u011f\u0131 bu liglerden beyefendisi olaca\u011f\u0131 S\u00fcper Lig\u2019e ta\u015f\u0131makt\u0131r. Kocaelispor\u2019u hak etti\u011fi yere ta\u015f\u0131mak istiyoruz\u201d dedi.<\/p>\n<p>\u00d6te yandan se\u00e7imi kazanan \u00dcz\u00fclmez, yar\u0131n saat 17.00\u2019da yeni y\u00f6netimi ile mazbatas\u0131n\u0131 alacak.<\/p>\n","protected":false},"excerpt":{"rendered":"<p>TFF 2. L\u0130G&#8217;E \u00c7IKMA \u015eANSINI PLAY-OFF YARI F\u0130NAL MA\u00c7LARINDA KAYBETT\u0130KTEN SONRA OLA\u011eAN\u00dcST\u00dc SE\u00c7\u0130ML\u0130 GENEL KURULU ALAN KOCAEL\u0130SPOR\u2019DA YEN\u0130 BA\u015eKAN, YEREL SE\u00c7\u0130MLERDE BELED\u0130YE BA\u015eKANLI\u011eI G\u00d6REV\u0130N\u0130 DEVREDEN H\u00dcSEY\u0130N \u00dcZ\u00dcLMEZ OLDU.<\/p>\n","protected":false},"author":1,"featured_media":169601,"comment_status":"closed","ping_status":"open","sticky":false,"template":"","format":"standard","meta":{"jetpack_post_was_ever_published":false,"_jetpack_newsletter_access":"","_jetpack_dont_email_post_to_subs":false,"_jetpack_newsletter_tier_id":0,"_jetpack_memberships_contains_paywalled_content":false,"_jetpack_memberships_contains_paid_content":false,"footnotes":"","jetpack_publicize_message":"","jetpack_publicize_feature_enabled":true,"jetpack_social_post_already_shared":true,"jetpack_social_options":{"image_generator_settings":{"template":"highway","default_image_id":0,"font":"","enabled":false},"version":2}},"categories":[657],"tags":[100,40795,77,11249,87],"class_list":["post-169600","post","type-post","status-publish","format-standard","has-post-thumbnail","hentry","category-spor","tag-baskan","tag-kocaelisporda","tag-oldu","tag-uzulmez","tag-yeni"],"jetpack_publicize_connections":[],"jetpack_featured_media_url":"https:\/\/i0.wp.com\/www.tvturk.com\/wp-content\/uploads\/2019\/06\/kocaelisporda-yeni-baskan-uzulmez-oldu_0cee5b0.jpg?fit=1000%2C666","jetpack_sharing_enabled":true,"jetpack_shortlink":"https:\/\/wp.me\/paKIfm-I7u","_links":{"self":[{"href":"http:\/\/www.tvturk.com\/index.php\/wp-json\/wp\/v2\/posts\/169600","targetHints":{"allow":["GET"]}}],"collection":[{"href":"http:\/\/www.tvturk.com\/index.php\/wp-json\/wp\/v2\/posts"}],"about":[{"href":"http:\/\/www.tvturk.com\/index.php\/wp-json\/wp\/v2\/types\/post"}],"author":[{"embeddable":true,"href":"http:\/\/www.tvturk.com\/index.php\/wp-json\/wp\/v2\/users\/1"}],"replies":[{"embeddable":true,"href":"http:\/\/www.tvturk.com\/index.php\/wp-json\/wp\/v2\/comments?post=169600"}],"version-history":[{"count":0,"href":"http:\/\/www.tvturk.com\/index.php\/wp-json\/wp\/v2\/posts\/169600\/revisions"}],"wp:featuredmedia":[{"embeddable":true,"href":"http:\/\/www.tvturk.com\/index.php\/wp-json\/wp\/v2\/media\/169601"}],"wp:attachment":[{"href":"http:\/\/www.tvturk.com\/index.php\/wp-json\/wp\/v2\/media?parent=169600"}],"wp:term":[{"taxonomy":"category","embeddable":true,"href":"http:\/\/www.tvturk.com\/index.php\/wp-json\/wp\/v2\/categories?post=169600"},{"taxonomy":"post_tag","embeddable":true,"href":"http:\/\/www.tvturk.com\/index.php\/wp-json\/wp\/v2\/tags?post=169600"}],"curies":[{"name":"wp","href":"https:\/\/api.w.org\/{rel}","templated":true}]}}