{"id":169606,"date":"2019-06-14T22:42:20","date_gmt":"2019-06-14T19:42:20","guid":{"rendered":"http:\/\/www.tvturk.com\/index.php\/tekirdagda-siddetli-dolu-ve-saganak\/"},"modified":"2019-06-14T22:42:20","modified_gmt":"2019-06-14T19:42:20","slug":"tekirdagda-siddetli-dolu-ve-saganak","status":"publish","type":"post","link":"http:\/\/www.tvturk.com\/index.php\/tekirdagda-siddetli-dolu-ve-saganak\/","title":{"rendered":"Tekirda\u011f\u2019da \u015fiddetli dolu ve sa\u011fanak"},"content":{"rendered":"<p>Tekirda\u011f\u2019\u0131n Malkara il\u00e7esinde ak\u015fam saatlerinde \u015fiddetli dolu ve sa\u011fanak ya\u011f\u0131\u015f hasara yol a\u00e7t\u0131. A\u011fa\u00e7lar devrildi, ara\u00e7lar zarar g\u00f6rd\u00fc.<\/p>\n<p>Malkara il\u00e7e merkezinde ak\u015fam saatlerinde 15 dakika s\u00fcren f\u0131rt\u0131na \u015feklinde dolu ve sa\u011fanak, hayat\u0131 olumsuz etkiledi. \u015eiddetli ya\u011f\u0131\u015f ve f\u0131rt\u0131naya dayanamayan a\u011fa\u00e7lar yollara devrildi, ara\u00e7larda maddi hasar meydana geldi.<\/p>\n<p>\u0130l\u00e7e giri\u015finde biriken su nedeniyle ara\u00e7lar zarar g\u00f6rd\u00fc.<\/p>\n","protected":false},"excerpt":{"rendered":"<p>TEK\u0130RDA\u011e&#8217;IN MALKARA \u0130L\u00c7ES\u0130NDE AK\u015eAM SAATLER\u0130NDE \u015e\u0130DDETL\u0130 DOLU VE SA\u011eANAK YA\u011eI\u015e HASARA YOL A\u00c7TI. A\u011eA\u00c7LAR DEVR\u0130LD\u0130, ARA\u00c7LAR ZARAR G\u00d6RD\u00dc.<\/p>\n","protected":false},"author":1,"featured_media":169607,"comment_status":"closed","ping_status":"open","sticky":false,"template":"","format":"standard","meta":{"jetpack_post_was_ever_published":false,"_jetpack_newsletter_access":"","_jetpack_dont_email_post_to_subs":false,"_jetpack_newsletter_tier_id":0,"_jetpack_memberships_contains_paywalled_content":false,"_jetpack_memberships_contains_paid_content":false,"footnotes":"","jetpack_publicize_message":"","jetpack_publicize_feature_enabled":true,"jetpack_social_post_already_shared":true,"jetpack_social_options":{"image_generator_settings":{"template":"highway","default_image_id":0,"font":"","enabled":false},"version":2}},"categories":[1],"tags":[6667,4463,897,1163],"class_list":["post-169606","post","type-post","status-publish","format-standard","has-post-thumbnail","hentry","category-genel","tag-dolu","tag-saganak","tag-siddetli","tag-tekirdagda"],"jetpack_publicize_connections":[],"jetpack_featured_media_url":"https:\/\/i0.wp.com\/www.tvturk.com\/wp-content\/uploads\/2019\/06\/tekirdagda-siddetli-dolu-ve-saganak_e25daf6.jpg?fit=1000%2C671","jetpack_sharing_enabled":true,"jetpack_shortlink":"https:\/\/wp.me\/paKIfm-I7A","_links":{"self":[{"href":"http:\/\/www.tvturk.com\/index.php\/wp-json\/wp\/v2\/posts\/169606","targetHints":{"allow":["GET"]}}],"collection":[{"href":"http:\/\/www.tvturk.com\/index.php\/wp-json\/wp\/v2\/posts"}],"about":[{"href":"http:\/\/www.tvturk.com\/index.php\/wp-json\/wp\/v2\/types\/post"}],"author":[{"embeddable":true,"href":"http:\/\/www.tvturk.com\/index.php\/wp-json\/wp\/v2\/users\/1"}],"replies":[{"embeddable":true,"href":"http:\/\/www.tvturk.com\/index.php\/wp-json\/wp\/v2\/comments?post=169606"}],"version-history":[{"count":0,"href":"http:\/\/www.tvturk.com\/index.php\/wp-json\/wp\/v2\/posts\/169606\/revisions"}],"wp:featuredmedia":[{"embeddable":true,"href":"http:\/\/www.tvturk.com\/index.php\/wp-json\/wp\/v2\/media\/169607"}],"wp:attachment":[{"href":"http:\/\/www.tvturk.com\/index.php\/wp-json\/wp\/v2\/media?parent=169606"}],"wp:term":[{"taxonomy":"category","embeddable":true,"href":"http:\/\/www.tvturk.com\/index.php\/wp-json\/wp\/v2\/categories?post=169606"},{"taxonomy":"post_tag","embeddable":true,"href":"http:\/\/www.tvturk.com\/index.php\/wp-json\/wp\/v2\/tags?post=169606"}],"curies":[{"name":"wp","href":"https:\/\/api.w.org\/{rel}","templated":true}]}}