{"id":169608,"date":"2019-06-14T22:44:19","date_gmt":"2019-06-14T19:44:19","guid":{"rendered":"http:\/\/www.tvturk.com\/index.php\/22-likya-kas-kultur-ve-sanat-festivali-basladi\/"},"modified":"2019-06-14T22:44:19","modified_gmt":"2019-06-14T19:44:19","slug":"22-likya-kas-kultur-ve-sanat-festivali-basladi","status":"publish","type":"post","link":"http:\/\/www.tvturk.com\/index.php\/22-likya-kas-kultur-ve-sanat-festivali-basladi\/","title":{"rendered":"22. Likya Ka\u015f K\u00fclt\u00fcr ve Sanat Festivali ba\u015flad\u0131"},"content":{"rendered":"<p>Ka\u015f Belediyesi taraf\u0131ndan d\u00fczenlenen &#8220;22. Uluslararas\u0131 Likya Ka\u015f K\u00fclt\u00fcr ve Sanat Festivali&#8221; kortej y\u00fcr\u00fcy\u00fc\u015f\u00fcyle ba\u015flad\u0131.<\/p>\n<p>Korteje Ka\u015f Kaymakam\u0131 Ula\u015f Akhan, Belediye Ba\u015fkan\u0131 Mutlu Uluta\u015f, siyasi partilerin ve sivil toplum kurulu\u015flar\u0131n\u0131n temsilcileri, kamu kurum ve kurulu\u015flar\u0131n\u0131n m\u00fcd\u00fcrleri, belediye meclis \u00fcyeleri ile vatanda\u015flar kat\u0131ld\u0131. Otogar kav\u015fa\u011f\u0131ndan Antalya B\u00fcy\u00fck\u015fehir Belediyesi mehteran tak\u0131m\u0131n\u0131n e\u015fli\u011finde ba\u015flayan y\u00fcr\u00fcy\u00fc\u015f Cumhuriyet Meydan\u0131\u2019nda sona erdi. A\u00e7\u0131l\u0131\u015f t\u00f6reninde halk oyunlar\u0131 g\u00f6sterileri yap\u0131ld\u0131, m\u00fczik dinletileri sunuldu. Geleneksel T\u00fcrk El Sanatlar\u0131 ve Uluslararas\u0131 Karma Sergileri a\u00e7\u0131ld\u0131. Ka\u015f eski belediye ba\u015fkanlar\u0131ndan  Abdullah G\u00fcltekin ve Halil Kocaer de  t\u00f6rende haz\u0131r bulundu.<\/p>\n<p>Festivalin a\u00e7\u0131l\u0131\u015f\u0131nda konu\u015fan Belediye Ba\u015fkan\u0131 Mutlu Uluta\u015f, 1997 y\u0131l\u0131nda ba\u015flayan Uluslararas\u0131 Likya Ka\u015f Festivallerinin ilk ba\u015fta Ka\u015f\u2019\u0131n hem \u00fclkede hem d\u00fcnyada tan\u0131t\u0131m\u0131n\u0131 ve insanlar\u0131 kayna\u015ft\u0131rmay\u0131, bir araya getirmeyi hedefleyen d\u00fc\u015f\u00fcnceyle ba\u015flad\u0131\u011f\u0131n\u0131 s\u00f6yledi. Bug\u00fcne kadar bu festivallerin \u00e7e\u015fitli etkinliklerle yap\u0131ld\u0131\u011f\u0131n\u0131 belirten Ba\u015fkan Uluta\u015f, &#8220;\u0130n\u015fallah bundan sonraki s\u00fcre\u00e7te daha \u00e7ok hedeflerine ula\u015ft\u0131ran, daha \u00e7ok kayna\u015ft\u0131ran, daha bar\u0131\u015f\u00e7\u0131l \u015fekilde yap\u0131lmas\u0131na imkan vermeye \u00e7al\u0131\u015faca\u011f\u0131z. T\u00fcm insanlar\u0131m\u0131z\u0131 kayna\u015ft\u0131raca\u011f\u0131z. Daha \u00e7ok kitlelere ula\u015farak, in\u015fallah Ka\u015f\u0131m\u0131za, memleketimize memnuniyet vermek i\u00e7in gece g\u00fcnd\u00fcz \u00e7al\u0131\u015faca\u011f\u0131z. Ka\u015f\u0131m\u0131z tarihi dokusu, denizi, yaylalar\u0131, tabiat\u0131yla bir cazibe merkezi. Bu g\u00fczellikleri korumak ve ya\u015fatmak bizim g\u00f6revimiz. Ka\u015f\u0131m\u0131z\u0131 daha iyi noktalara, yar\u0131nlara ta\u015f\u0131mak da bizim vazifemiz. Bug\u00fcne kadar her kim ne yapt\u0131ysa Ka\u015f\u0131m\u0131za, Allah raz\u0131 olsun.  \u0130n\u015fallah bizler de g\u00fczel hizmetlerle Ka\u015f\u0131m\u0131z\u0131 bulu\u015fturaca\u011f\u0131z. Ka\u015f\u0131m\u0131z\u0131n estetik yap\u0131s\u0131n\u0131 bozmadan devam ettirece\u011fiz. \u00dczerine neler katabiliriz bununla ilgili \u00e7al\u0131\u015fmalar\u0131m\u0131z\u0131 s\u00fcrd\u00fcr\u00fcyoruz&#8221; dedi.<\/p>\n<p>Ba\u015fkan Uluta\u015f turizmin \u00f6nemini vurgulayarak, &#8220;\u00d6zellikle Ka\u015f merkez, Kalkan, Patara, G\u00f6mbe bu b\u00f6lgelerimiz cazibe merkezi, yaz aylar\u0131nda dolup ta\u015f\u0131yor. Buralardaki i\u015fleyi\u015fin sa\u011fl\u0131kl\u0131 y\u00fcr\u00fcyebilmesi i\u00e7in biz elimizden gelen \u00e7al\u0131\u015fmalar\u0131 belediyemiz olarak yap\u0131yoruz. Buraya gelen misafirlerimizin huzurlu, g\u00fcvenli ve en iyi tatili ge\u00e7irebilmeleri i\u00e7in belediye olarak \u00e7al\u0131\u015fmalar\u0131m\u0131z\u0131 s\u00fcrd\u00fcr\u00fcyoruz&#8221; diye konu\u015ftu.<\/p>\n<p>Ka\u015f\u2019\u0131n gelene\u011fi haline geldi<\/p>\n<p>Kaymakam Ula\u015f Akhan ise, \u201c\u0130n\u015fallah uzun y\u0131llar boyunca ya\u015fayacak ve bundan sonra da devam ettirilecek bu festivaller sayesinde Ka\u015f\u0131m\u0131z\u0131n k\u00fclt\u00fcrel de\u011ferlerini, tarihi dokusunu, do\u011fal g\u00fczelliklerini t\u00fcm d\u00fcnyaya duyurma imkan\u0131na sahip olaca\u011f\u0131z.  Ayn\u0131 zamanda Likya Ka\u015f K\u00fclt\u00fcr ve Sanat Festivalinin vazge\u00e7ilmezi olan Meis Y\u00fczme Yar\u0131\u015f\u0131\u2019yla da kom\u015fumuz Yunanistan\u2019daki dostlar\u0131m\u0131zla bir araya gelmeye, onlarla beraber bir etkinlik d\u00fczenleme, kar\u015f\u0131l\u0131kl\u0131 kom\u015fuluk ili\u015fkilerimizi geli\u015ftirme f\u0131rsat\u0131n\u0131 elde ediyoruz Bu yar\u0131\u015flara bir \u00e7ok \u00fclkeden y\u00fczlerce sporcumuz kat\u0131l\u0131yor. \u0130n\u015fallah \u00f6n\u00fcm\u00fczdeki senelerde hem \u00fclke say\u0131s\u0131n\u0131 hem sporcu say\u0131s\u0131n\u0131 art\u0131rmakla ilgili \u00e7al\u0131\u015fmalar y\u00fcr\u00fctece\u011fiz.<\/p>\n<p>Ka\u015f\u2019\u0131n her ay\u0131nda ayr\u0131 bir festival var Ka\u015f\u2019ta g\u00f6reve ba\u015flad\u0131\u011f\u0131m g\u00fcnlerde dal\u0131\u015f festivali, arkas\u0131ndan bir\u00e7ok etkinliklere ev sahipli\u011fi yap\u0131ld\u0131. Sonras\u0131nda 7 Ay 7 G\u00fcne\u015f Festivali, K\u00fclt\u00fcr Haftas\u0131, Likya Ka\u015f K\u00fclt\u00fcr ve Sanat Festivali. Ard\u0131ndan \u00c7izgi Film Festivali  ger\u00e7ekle\u015fecek. Sonras\u0131nda caz festivalleri olacak. Bu t\u00fcr etkinliklerde g\u00f6rev alan t\u00fcm belediye, kamu kurum ve kurulu\u015flar\u0131m\u0131z\u0131n  \u00e7al\u0131\u015fanlar\u0131na, g\u00fcvenlik g\u00fc\u00e7lerimize \u00e7ok te\u015fekk\u00fcr ediyorum&#8221; dedi.<\/p>\n<p>Festival ak\u015fam\u0131nda TRT T\u00fcrk Halk M\u00fczi\u011fi sanat\u00e7\u0131s\u0131 \u00d6zg\u00fcr Eren Ay, Antik Tiyatro\u2019da konser verecek. Antalya B\u00fcy\u00fck\u015fehir Belediyesi \u015eehir Tiyatrosu \u2018Tarla Ku\u015fuydu Juliet\u2019 adl\u0131 oyunla Ka\u015f Liman\u0131\u2019nda sahne alacak.<\/p>\n<p>22. Likya Ka\u015f K\u00fclt\u00fcr ve Sanat Festivali kapsam\u0131nda yar\u0131n Yemek Yar\u0131\u015fmas\u0131, Sokak Etkinlikleri ve Belgesel Film G\u00f6sterimi ger\u00e7ekle\u015ftirilecek. Ak\u015fam ise Pop m\u00fczik sanat\u00e7\u0131s\u0131 Buray ve \u0130rem Derici konser verecek.<\/p>\n","protected":false},"excerpt":{"rendered":"<p>KA\u015e BELED\u0130YES\u0130 TARAFINDAN D\u00dcZENLENEN &#8220;22. ULUSLARARASI L\u0130KYA KA\u015e K\u00dcLT\u00dcR VE SANAT FEST\u0130VAL\u0130&#8221; KORTEJ Y\u00dcR\u00dcY\u00dc\u015e\u00dcYLE BA\u015eLADI.<\/p>\n","protected":false},"author":1,"featured_media":169609,"comment_status":"closed","ping_status":"open","sticky":false,"template":"","format":"standard","meta":{"jetpack_post_was_ever_published":false,"_jetpack_newsletter_access":"","_jetpack_dont_email_post_to_subs":false,"_jetpack_newsletter_tier_id":0,"_jetpack_memberships_contains_paywalled_content":false,"_jetpack_memberships_contains_paid_content":false,"footnotes":"","jetpack_publicize_message":"","jetpack_publicize_feature_enabled":true,"jetpack_social_post_already_shared":true,"jetpack_social_options":{"image_generator_settings":{"template":"highway","default_image_id":0,"font":"","enabled":false},"version":2}},"categories":[1],"tags":[1177,55,3400,4263,630,40796,4854],"class_list":["post-169608","post","type-post","status-publish","format-standard","has-post-thumbnail","hentry","category-genel","tag-1177","tag-basladi","tag-festivali","tag-kas","tag-kultur","tag-likya","tag-sanat"],"jetpack_publicize_connections":[],"jetpack_featured_media_url":"https:\/\/i0.wp.com\/www.tvturk.com\/wp-content\/uploads\/2019\/06\/22-likya-kas-kultur-ve-sanat-festivali-basladi_3dad999.jpg?fit=1000%2C562","jetpack_sharing_enabled":true,"jetpack_shortlink":"https:\/\/wp.me\/paKIfm-I7C","_links":{"self":[{"href":"http:\/\/www.tvturk.com\/index.php\/wp-json\/wp\/v2\/posts\/169608","targetHints":{"allow":["GET"]}}],"collection":[{"href":"http:\/\/www.tvturk.com\/index.php\/wp-json\/wp\/v2\/posts"}],"about":[{"href":"http:\/\/www.tvturk.com\/index.php\/wp-json\/wp\/v2\/types\/post"}],"author":[{"embeddable":true,"href":"http:\/\/www.tvturk.com\/index.php\/wp-json\/wp\/v2\/users\/1"}],"replies":[{"embeddable":true,"href":"http:\/\/www.tvturk.com\/index.php\/wp-json\/wp\/v2\/comments?post=169608"}],"version-history":[{"count":0,"href":"http:\/\/www.tvturk.com\/index.php\/wp-json\/wp\/v2\/posts\/169608\/revisions"}],"wp:featuredmedia":[{"embeddable":true,"href":"http:\/\/www.tvturk.com\/index.php\/wp-json\/wp\/v2\/media\/169609"}],"wp:attachment":[{"href":"http:\/\/www.tvturk.com\/index.php\/wp-json\/wp\/v2\/media?parent=169608"}],"wp:term":[{"taxonomy":"category","embeddable":true,"href":"http:\/\/www.tvturk.com\/index.php\/wp-json\/wp\/v2\/categories?post=169608"},{"taxonomy":"post_tag","embeddable":true,"href":"http:\/\/www.tvturk.com\/index.php\/wp-json\/wp\/v2\/tags?post=169608"}],"curies":[{"name":"wp","href":"https:\/\/api.w.org\/{rel}","templated":true}]}}