{"id":169614,"date":"2019-06-14T23:50:14","date_gmt":"2019-06-14T20:50:14","guid":{"rendered":"http:\/\/www.tvturk.com\/index.php\/istanbul-il-jandarma-komutani-koroglu-terorden-yakalama-sayisi-gecen-yila-gore-4-kat-artti\/"},"modified":"2019-06-14T23:50:14","modified_gmt":"2019-06-14T20:50:14","slug":"istanbul-il-jandarma-komutani-koroglu-terorden-yakalama-sayisi-gecen-yila-gore-4-kat-artti","status":"publish","type":"post","link":"http:\/\/www.tvturk.com\/index.php\/istanbul-il-jandarma-komutani-koroglu-terorden-yakalama-sayisi-gecen-yila-gore-4-kat-artti\/","title":{"rendered":"\u0130stanbul \u0130l Jandarma Komutan\u0131 K\u00f6ro\u011flu: \u201cTer\u00f6rden yakalama say\u0131s\u0131 ge\u00e7en y\u0131la g\u00f6re 4 kat artt\u0131\u201d"},"content":{"rendered":"<p>\u0130STANBUL (\u0130HA) \u2013 Jandarma Genel Komutanl\u0131\u011f\u0131n\u0131n 180\u2019inci kurulu\u015f y\u0131ld\u00f6n\u00fcm\u00fc dolay\u0131s\u0131yla \u0130stanbul Be\u015fikta\u015f\u2019ta bulunan Balmumcu K\u0131\u015flas\u0131\u2019nda program d\u00fczenlendi. \u0130stanbul \u0130l Jandarma Komutan\u0131 Tu\u011fgeneral Nuh K\u00f6ro\u011flu, \u201cTer\u00f6r \u00f6rg\u00fct\u00fcne ili\u015fkin yakalama olaylar\u0131 say\u0131s\u0131 bir \u00f6nceki y\u0131la g\u00f6re 4 kat artm\u0131\u015ft\u0131r\u201d dedi.<\/p>\n<p>Balmumcu K\u0131\u015flas\u0131\u2019nda d\u00fczenlenen programa \u0130stanbul Valisi Ali Yerlikaya, \u0130stanbul \u0130l Jandarma Komutan\u0131 Tu\u011fgeneral Nuh K\u00f6ro\u011flu, \u0130stanbul \u0130l Jandarma Komutanl\u0131\u011f\u0131 personeli, gaziler, \u015fehit aileleri ve \u00e7ok say\u0131da davetli kat\u0131ld\u0131. Program\u0131n yap\u0131ld\u0131\u011f\u0131 alan\u0131n \u00f6n\u00fcnde \u0130stanbul Jandarma Komutanl\u0131\u011f\u0131n\u0131n birimlerinin kulland\u0131\u011f\u0131 malzeme ve son teknoloji ekipmanlar\u0131 sergilendi. Sergilenen \u00fcr\u00fcnler aras\u0131ndan en dikkat \u00e7ekenleri askeri ama\u00e7l\u0131 kullan\u0131lan minik droneler ve insans\u0131z hava ara\u00e7lar\u0131ndan gelebilecek sald\u0131r\u0131lar\u0131 \u00f6nlemek i\u00e7in dronsavar kullanan jandarma personeli oldu. Protokol konu\u015fmalar\u0131 ile ba\u015flayan program Jandarma Genel Komutanl\u0131\u011f\u0131\u2019n\u0131n 180\u2019inci kurulu\u015f y\u0131ld\u00f6n\u00fcm\u00fc nedeniyle d\u00fczenlenen \u015fiir yar\u0131\u015fmas\u0131n\u0131n \u00f6d\u00fcl takdimi ile devam etti. Ard\u0131ndan mehteran tak\u0131m\u0131 sahneye \u00e7\u0131karak dillerden d\u00fc\u015fmeyen mehter mar\u015flar\u0131n\u0131 seslendirdi.<\/p>\n<p>\u201cJandarmam\u0131z ile orada asayi\u015fi sa\u011flad\u0131k\u201d<\/p>\n<p>\u0130\u00e7i\u015fleri Bakanl\u0131\u011f\u0131n\u0131n Jandarma Emniyet ve Sahil G\u00fcvenlik olmak \u00fczere 3 karde\u015f te\u015fkilat\u0131 oldu\u011funu ifade eden \u0130stanbul Valisi Ali Yerlikaya, \u201cJandarma Genel Komutanl\u0131\u011f\u0131\u2019n\u0131n 180\u2019inci kurulu\u015f y\u0131ld\u00f6n\u00fcm\u00fcn\u00fc kutlamak i\u00e7in bir araday\u0131z. Suriye\u2019nin kuzeyinde Gaziantep Kilis ve Hatay da olu\u015fturulan o ter\u00f6r koridorunda biliyorsunuz iki harekat yap\u0131ld\u0131. F\u0131rat Kalkan\u0131 harekat\u0131nda ben Gaziantep Valisiydim. Harekat ba\u015far\u0131yla sonu\u00e7land\u0131ktan sonra Gaziantep Valili\u011fi olarak orada ya\u015fayan insanlar\u0131n ya\u015famlar\u0131n\u0131n normalle\u015fmesi ile ilgili g\u00f6rev ald\u0131k. Jandarmam\u0131z ile orada asayi\u015fi sa\u011flad\u0131k. Onlar\u0131n i\u00e7erisinden se\u00e7ilen ki\u015filere g\u00fcvenlik e\u011fitimi vererek orada asayi\u015fin sa\u011flamas\u0131 i\u00e7in ayr\u0131ca katk\u0131da bulunduk. Jandarmam\u0131z ve Emniyet g\u00fc\u00e7lerimiz orada onlara rehberlik yapt\u0131 ve halen yapmaya da devam ediyor\u201d ifadelerini kulland\u0131.<\/p>\n<p>&#8220;\u00d6nceki y\u0131la g\u00f6re 4 kat artm\u0131\u015ft\u0131r&#8221;<\/p>\n<p>Jandarma Genel Komutanl\u0131\u011f\u0131n\u0131n 180\u2019inci kurulu\u015f y\u0131ld\u00f6n\u00fcm\u00fc nedeniyle d\u00fczenlenen programda konu\u015fma yapan \u0130stanbul \u0130l Jandarma Komutan\u0131 Tu\u011fgeneral Nuh K\u00f6ro\u011flu, \u201cJandarma Te\u015fkilat\u0131m\u0131z kuruldu\u011fu g\u00fcnden bu yana milletimizin huzuru, \u00fclkemizin birlik ve beraberli\u011fi i\u00e7in \u00e7ok \u00f6nemli vazifeler icra etmi\u015ftir. Jandarma te\u015fkilat\u0131m\u0131z kuruldu\u011fu ilk andan itibaren Osmanl\u0131 Co\u011frafyas\u0131n\u0131n her yerinde te\u015fkilatlanarak halk\u0131n can ve mal g\u00fcvenli\u011finin sa\u011flanmas\u0131 i\u00e7in \u00e7ok \u00f6nemli g\u00f6revler y\u00fcr\u00fcrm\u00fc\u015ft\u00fcr. Ter\u00f6r \u00f6rg\u00fct\u00fcne ili\u015fkin yakalama olaylar\u0131 say\u0131s\u0131 bir \u00f6nceki y\u0131la g\u00f6re 4 kat artm\u0131\u015ft\u0131r. Uyu\u015fturucu ile m\u00fccadeleye kararl\u0131l\u0131k ile devam edilmi\u015f ele ge\u00e7irilen uyu\u015fturucu miktar\u0131nda bir \u00f6nceki y\u0131la g\u00f6re 4 kat art\u0131\u015f sa\u011flanm\u0131\u015ft\u0131r. H\u0131rs\u0131zl\u0131k olaylar\u0131 incelendi\u011finde al\u0131nan etkin tedbirler ile h\u0131rs\u0131zl\u0131k olaylar\u0131nda son iki y\u0131l i\u00e7erisinde y\u00fczde 72, ge\u00e7en y\u0131l ile bu y\u0131l aras\u0131nda ise y\u00fczde 15 oran\u0131nda azal\u0131\u015f meydana gelmi\u015ftir. Trafikte icra edilen denetimle neticesinde kazalarda \u00f6l\u00fc ve yaral\u0131 say\u0131s\u0131 bir \u00f6nceki y\u0131la g\u00f6re y\u00fczde 38 azalm\u0131\u015ft\u0131r\u201d diye konu\u015ftu.<\/p>\n","protected":false},"excerpt":{"rendered":"<p>JANDARMA GENEL KOMUTANLI\u011eININ 180\u2019\u0130NC\u0130 KURULU\u015e YILD\u00d6N\u00dcM\u00dc DOLAYISIYLA \u0130STANBUL BE\u015e\u0130KTA\u015e\u2019TA BULUNAN BALMUMCU KI\u015eLASI&#8217;NDA PROGRAM D\u00dcZENLEND\u0130.<\/p>\n","protected":false},"author":1,"featured_media":169615,"comment_status":"closed","ping_status":"open","sticky":false,"template":"","format":"standard","meta":{"jetpack_post_was_ever_published":false,"_jetpack_newsletter_access":"","_jetpack_dont_email_post_to_subs":false,"_jetpack_newsletter_tier_id":0,"_jetpack_memberships_contains_paywalled_content":false,"_jetpack_memberships_contains_paid_content":false,"footnotes":"","jetpack_publicize_message":"","jetpack_publicize_feature_enabled":true,"jetpack_social_post_already_shared":true,"jetpack_social_options":{"image_generator_settings":{"template":"highway","default_image_id":0,"font":"","enabled":false},"version":2}},"categories":[1],"tags":[2929,3436,4020,424,730,942,12539,943,26534,611,12356,31067,8709],"class_list":["post-169614","post","type-post","status-publish","format-standard","has-post-thumbnail","hentry","category-genel","tag-artti","tag-gecen","tag-gore","tag-il","tag-istanbul","tag-jandarma","tag-kat","tag-komutani","tag-koroglu","tag-sayisi","tag-terorden","tag-yakalama","tag-yila"],"jetpack_publicize_connections":[],"jetpack_featured_media_url":"https:\/\/i0.wp.com\/www.tvturk.com\/wp-content\/uploads\/2019\/06\/istanbul-il-jandarma-komutani-koroglu-terorden-yakalama-sayisi-gecen-yila-gore-4-kat-artti_adb18e4.jpg?fit=750%2C563","jetpack_sharing_enabled":true,"jetpack_shortlink":"https:\/\/wp.me\/paKIfm-I7I","_links":{"self":[{"href":"http:\/\/www.tvturk.com\/index.php\/wp-json\/wp\/v2\/posts\/169614","targetHints":{"allow":["GET"]}}],"collection":[{"href":"http:\/\/www.tvturk.com\/index.php\/wp-json\/wp\/v2\/posts"}],"about":[{"href":"http:\/\/www.tvturk.com\/index.php\/wp-json\/wp\/v2\/types\/post"}],"author":[{"embeddable":true,"href":"http:\/\/www.tvturk.com\/index.php\/wp-json\/wp\/v2\/users\/1"}],"replies":[{"embeddable":true,"href":"http:\/\/www.tvturk.com\/index.php\/wp-json\/wp\/v2\/comments?post=169614"}],"version-history":[{"count":0,"href":"http:\/\/www.tvturk.com\/index.php\/wp-json\/wp\/v2\/posts\/169614\/revisions"}],"wp:featuredmedia":[{"embeddable":true,"href":"http:\/\/www.tvturk.com\/index.php\/wp-json\/wp\/v2\/media\/169615"}],"wp:attachment":[{"href":"http:\/\/www.tvturk.com\/index.php\/wp-json\/wp\/v2\/media?parent=169614"}],"wp:term":[{"taxonomy":"category","embeddable":true,"href":"http:\/\/www.tvturk.com\/index.php\/wp-json\/wp\/v2\/categories?post=169614"},{"taxonomy":"post_tag","embeddable":true,"href":"http:\/\/www.tvturk.com\/index.php\/wp-json\/wp\/v2\/tags?post=169614"}],"curies":[{"name":"wp","href":"https:\/\/api.w.org\/{rel}","templated":true}]}}