{"id":169630,"date":"2019-06-15T09:08:57","date_gmt":"2019-06-15T06:08:57","guid":{"rendered":"http:\/\/www.tvturk.com\/index.php\/cumhurbaskani-erdogan-tacikistanda\/"},"modified":"2019-06-15T09:08:57","modified_gmt":"2019-06-15T06:08:57","slug":"cumhurbaskani-erdogan-tacikistanda","status":"publish","type":"post","link":"http:\/\/www.tvturk.com\/index.php\/cumhurbaskani-erdogan-tacikistanda\/","title":{"rendered":"Cumhurba\u015fkan\u0131 Erdo\u011fan Tacikistan\u2019da"},"content":{"rendered":"<p>Cumhurba\u015fkan\u0131 Recep Tayyip Erdo\u011fan, Tacikistan temaslar\u0131 kapsam\u0131nda Asya\u2019da \u0130\u015fbirli\u011fi ve G\u00fcven Artt\u0131r\u0131c\u0131 \u00d6nlemler Konferans\u0131 (CICA) 5. Devlet ve H\u00fck\u00fcmet Ba\u015fkanlar\u0131 Zirvesi\u2019ne kat\u0131ld\u0131.<\/p>\n<p>Cumhurba\u015fkan\u0131 Recep Tayyip Erdo\u011fan, Asya\u2019da \u0130\u015fbirli\u011fi ve G\u00fcven Artt\u0131r\u0131c\u0131 \u00d6nlemler Konferans\u0131 (CICA) 5. Devlet ve H\u00fck\u00fcmet Ba\u015fkanlar\u0131 Zirvesi\u2019ne kat\u0131lmak \u00fczere geldi\u011fi Tacikistan\u2019\u0131n ba\u015fkenti Du\u015fanbe\u2019de temaslar\u0131na ba\u015flad\u0131.<\/p>\n<p>\u201cG\u00fcvenli ve Daha M\u00fcreffeh Bir A\u0130GK B\u00f6lgesi \u0130\u00e7in Ortak Vizyon\u201d temas\u0131yla d\u00fczenlenen zirvede askeri-siyasi, ekonomik, insani ve \u00e7evresel konular ile yeni s\u0131nama ve tehditler ba\u015fl\u0131klar\u0131nda s\u00fcrd\u00fcr\u00fclen konferans faaliyetleri ele al\u0131nacak, ileriye y\u00f6nelik hedefler tespit edilecek. Erdo\u011fan, Tacikistan\u2019da zirve kat\u0131l\u0131mc\u0131s\u0131 \u00fclke liderleriyle ikili g\u00f6r\u00fc\u015fmeler de ger\u00e7ekle\u015ftirecek.<\/p>\n<p>Cumhurba\u015fkan\u0131 Erdo\u011fan ve e\u015fi Emine Erdo\u011fan, &#8220;TC TRK&#8221; u\u00e7a\u011f\u0131 ile TS\u0130 22.05\u2019de Du\u015fanbe Uluslararas\u0131 Havaliman\u0131\u2019na geldi. Erdo\u011fan\u2019\u0131 havaliman\u0131nda Tacikistan Milli Meclis Ba\u015fkan\u0131 Mehmetsaid Ubadullayev, Tacikistan D\u0131\u015fi\u015fleri Bakanl\u0131\u011f\u0131 Bakan Yard\u0131mc\u0131s\u0131 Khusrav Neoziri, Du\u015fanbe Belediye Birinci Ba\u015fkan Yard\u0131mc\u0131s\u0131 Mahmadzaid Zuvaydzoda ve T\u00fcrkiye\u2019nin Du\u015fanbe B\u00fcy\u00fckel\u00e7isi Ali Rifat K\u00f6ksal kar\u015f\u0131lad\u0131.<\/p>\n<p>Cumhurba\u015fkan\u0131 Erdo\u011fan\u2019a ziyaretinde; e\u015fi Emine Erdo\u011fan, D\u0131\u015fi\u015fleri Bakan\u0131 Mevl\u00fct \u00c7avu\u015fo\u011flu, Hazine ve Maliye Bakan\u0131 Berat Albayrak ve Milli Savunma Bakan\u0131 Hulusi Akar e\u015flik ediyor.<\/p>\n","protected":false},"excerpt":{"rendered":"<p>CUMHURBA\u015eKANI RECEP TAYY\u0130P ERDO\u011eAN, TAC\u0130K\u0130STAN TEMASLARI KAPSAMINDA ASYA&#8217;DA \u0130\u015eB\u0130RL\u0130\u011e\u0130 VE G\u00dcVEN ARTTIRICI \u00d6NLEMLER KONFERANSI (CICA) 5. DEVLET VE H\u00dcK\u00dcMET BA\u015eKANLARI Z\u0130RVES\u0130&#8217;NE KATILDI.<\/p>\n","protected":false},"author":1,"featured_media":169631,"comment_status":"closed","ping_status":"open","sticky":false,"template":"","format":"standard","meta":{"jetpack_post_was_ever_published":false,"_jetpack_newsletter_access":"","_jetpack_dont_email_post_to_subs":false,"_jetpack_newsletter_tier_id":0,"_jetpack_memberships_contains_paywalled_content":false,"_jetpack_memberships_contains_paid_content":false,"footnotes":"","jetpack_publicize_message":"","jetpack_publicize_feature_enabled":true,"jetpack_social_post_already_shared":true,"jetpack_social_options":{"image_generator_settings":{"template":"highway","default_image_id":0,"font":"","enabled":false},"version":2}},"categories":[10],"tags":[503,649,37904],"class_list":["post-169630","post","type-post","status-publish","format-standard","has-post-thumbnail","hentry","category-dunya","tag-cumhurbaskani","tag-erdogan","tag-tacikistanda"],"jetpack_publicize_connections":[],"jetpack_featured_media_url":"https:\/\/i0.wp.com\/www.tvturk.com\/wp-content\/uploads\/2019\/06\/cumhurbaskani-erdogan-tacikistanda_ebd0f4b.jpg?fit=1000%2C665","jetpack_sharing_enabled":true,"jetpack_shortlink":"https:\/\/wp.me\/paKIfm-I7Y","_links":{"self":[{"href":"http:\/\/www.tvturk.com\/index.php\/wp-json\/wp\/v2\/posts\/169630","targetHints":{"allow":["GET"]}}],"collection":[{"href":"http:\/\/www.tvturk.com\/index.php\/wp-json\/wp\/v2\/posts"}],"about":[{"href":"http:\/\/www.tvturk.com\/index.php\/wp-json\/wp\/v2\/types\/post"}],"author":[{"embeddable":true,"href":"http:\/\/www.tvturk.com\/index.php\/wp-json\/wp\/v2\/users\/1"}],"replies":[{"embeddable":true,"href":"http:\/\/www.tvturk.com\/index.php\/wp-json\/wp\/v2\/comments?post=169630"}],"version-history":[{"count":0,"href":"http:\/\/www.tvturk.com\/index.php\/wp-json\/wp\/v2\/posts\/169630\/revisions"}],"wp:featuredmedia":[{"embeddable":true,"href":"http:\/\/www.tvturk.com\/index.php\/wp-json\/wp\/v2\/media\/169631"}],"wp:attachment":[{"href":"http:\/\/www.tvturk.com\/index.php\/wp-json\/wp\/v2\/media?parent=169630"}],"wp:term":[{"taxonomy":"category","embeddable":true,"href":"http:\/\/www.tvturk.com\/index.php\/wp-json\/wp\/v2\/categories?post=169630"},{"taxonomy":"post_tag","embeddable":true,"href":"http:\/\/www.tvturk.com\/index.php\/wp-json\/wp\/v2\/tags?post=169630"}],"curies":[{"name":"wp","href":"https:\/\/api.w.org\/{rel}","templated":true}]}}