{"id":169642,"date":"2019-06-15T09:17:28","date_gmt":"2019-06-15T06:17:28","guid":{"rendered":"http:\/\/www.tvturk.com\/index.php\/sivassporda-samassa-an-meselesi\/"},"modified":"2019-06-15T09:17:28","modified_gmt":"2019-06-15T06:17:28","slug":"sivassporda-samassa-an-meselesi","status":"publish","type":"post","link":"http:\/\/www.tvturk.com\/index.php\/sivassporda-samassa-an-meselesi\/","title":{"rendered":"Sivasspor\u2019da Samassa an meselesi!"},"content":{"rendered":"<p>Spor Toto S\u00fcper Lig ekiplerinden Demir Grup Sivasspor Kul\u00fcb\u00fc, transfer \u00e7al\u0131\u015fmalar\u0131nda ince eleyip s\u0131k dokuyor.<\/p>\n<p>Al\u0131nan bilgiye g\u00f6re Teknik Direkt\u00f6r R\u0131za \u00c7al\u0131mbay, Fransa ekiplerinden Troyes ile s\u00f6zle\u015fmesi biten 29 ya\u015f\u0131ndaki Malili file bek\u00e7isi Mamadou Samassa ile temasa ge\u00e7ti. Transferde bir aksilik olmazsa 1.98\u2019lik dev file bek\u00e7isinin \u00f6n\u00fcm\u00fczdeki g\u00fcnlerde T\u00fcrkiye\u2019ye gelmesi bekleniyor.<\/p>\n<p>Transferle ilgili kul\u00fcpten hen\u00fcz resmi bir a\u00e7\u0131klama yap\u0131lmazken, g\u00f6r\u00fc\u015fmelerin kesinlik kazand\u0131ktan sonra a\u00e7\u0131klanaca\u011f\u0131 belirtildi. Kaleci Mamadou Samassa\u2019n\u0131n da Sivasspor\u2019dan gelen teklife s\u0131cak bakt\u0131\u011f\u0131 ifade edildi.<\/p>\n<p>Di\u011fer yandan kaleci Samassa, ge\u00e7en sezon Fransa Ligue 2\u2019de \u00e7\u0131kt\u0131\u011f\u0131 36 ma\u00e7ta toplam 28 gol yedi.<\/p>\n","protected":false},"excerpt":{"rendered":"<p>S\u0130VASSPOR, FRANSA EK\u0130PLER\u0130NDEN TROYES \u0130LE S\u00d6ZLE\u015eMES\u0130 B\u0130TEN KALEC\u0130 MAMADOU SAMASSA\u2019YI KADROSUNA KATMASI AN MESELES\u0130.<\/p>\n","protected":false},"author":1,"featured_media":169643,"comment_status":"closed","ping_status":"open","sticky":false,"template":"","format":"standard","meta":{"jetpack_post_was_ever_published":false,"_jetpack_newsletter_access":"","_jetpack_dont_email_post_to_subs":false,"_jetpack_newsletter_tier_id":0,"_jetpack_memberships_contains_paywalled_content":false,"_jetpack_memberships_contains_paid_content":false,"footnotes":"","jetpack_publicize_message":"","jetpack_publicize_feature_enabled":true,"jetpack_social_post_already_shared":true,"jetpack_social_options":{"image_generator_settings":{"template":"highway","default_image_id":0,"font":"","enabled":false},"version":2}},"categories":[657],"tags":[2953,40806,16377],"class_list":["post-169642","post","type-post","status-publish","format-standard","has-post-thumbnail","hentry","category-spor","tag-meselesi","tag-samassa","tag-sivassporda"],"jetpack_publicize_connections":[],"jetpack_featured_media_url":"https:\/\/i0.wp.com\/www.tvturk.com\/wp-content\/uploads\/2019\/06\/sivassporda-samassa-an-meselesi_3cd30b7.jpg?fit=1000%2C766","jetpack_sharing_enabled":true,"jetpack_shortlink":"https:\/\/wp.me\/paKIfm-I8a","_links":{"self":[{"href":"http:\/\/www.tvturk.com\/index.php\/wp-json\/wp\/v2\/posts\/169642","targetHints":{"allow":["GET"]}}],"collection":[{"href":"http:\/\/www.tvturk.com\/index.php\/wp-json\/wp\/v2\/posts"}],"about":[{"href":"http:\/\/www.tvturk.com\/index.php\/wp-json\/wp\/v2\/types\/post"}],"author":[{"embeddable":true,"href":"http:\/\/www.tvturk.com\/index.php\/wp-json\/wp\/v2\/users\/1"}],"replies":[{"embeddable":true,"href":"http:\/\/www.tvturk.com\/index.php\/wp-json\/wp\/v2\/comments?post=169642"}],"version-history":[{"count":0,"href":"http:\/\/www.tvturk.com\/index.php\/wp-json\/wp\/v2\/posts\/169642\/revisions"}],"wp:featuredmedia":[{"embeddable":true,"href":"http:\/\/www.tvturk.com\/index.php\/wp-json\/wp\/v2\/media\/169643"}],"wp:attachment":[{"href":"http:\/\/www.tvturk.com\/index.php\/wp-json\/wp\/v2\/media?parent=169642"}],"wp:term":[{"taxonomy":"category","embeddable":true,"href":"http:\/\/www.tvturk.com\/index.php\/wp-json\/wp\/v2\/categories?post=169642"},{"taxonomy":"post_tag","embeddable":true,"href":"http:\/\/www.tvturk.com\/index.php\/wp-json\/wp\/v2\/tags?post=169642"}],"curies":[{"name":"wp","href":"https:\/\/api.w.org\/{rel}","templated":true}]}}