{"id":169644,"date":"2019-06-15T09:31:33","date_gmt":"2019-06-15T06:31:33","guid":{"rendered":"http:\/\/www.tvturk.com\/index.php\/ozel-hayatini-engelli-ogluna-adayan-babaya-yilin-babasi-plaketi\/"},"modified":"2019-06-15T09:31:33","modified_gmt":"2019-06-15T06:31:33","slug":"ozel-hayatini-engelli-ogluna-adayan-babaya-yilin-babasi-plaketi","status":"publish","type":"post","link":"http:\/\/www.tvturk.com\/index.php\/ozel-hayatini-engelli-ogluna-adayan-babaya-yilin-babasi-plaketi\/","title":{"rendered":"(\u00d6zel) Hayat\u0131n\u0131 engelli o\u011fluna adayan babaya  \u201cY\u0131l\u0131n Babas\u0131\u201d plaketi"},"content":{"rendered":"<p>Hayat\u0131n\u0131 engelli o\u011fluna adayan Ethem \u00d6zdemir\u2019e K\u00fc\u00e7\u00fck\u00e7ekmece Belediye Ba\u015fkan\u0131 Kemal \u00c7ebi, &#8220;Y\u0131l\u0131n Babas\u0131\u201d plaketi verdi. \u00d6zdemir\u2019i evinde ziyaret eden \u00c7ebi, baba ve o\u011flu ile sohbet edip hediyeler takdim etti.<\/p>\n<p>Ya\u015fam\u0131n\u0131 engelli o\u011fluna adayan fedakar baba Ethem \u00d6zdemir\u2018in  zorlu ya\u015fam m\u00fccadelesi e\u015fi hayattayken ba\u015flad\u0131. \u00d6zdemir, ya\u015fam\u0131n\u0131n son y\u0131llar\u0131n\u0131 yata\u011fa ba\u011fl\u0131 olarak ge\u00e7iren e\u015finin t\u00fcm bak\u0131m\u0131n\u0131 \u00fcstlendi. E\u015fini 3 y\u0131l \u00f6nce kaybeden Ethem \u00d6zdemir,  y\u00fczde 50 zihinsel engelli o\u011fluna tek ba\u015f\u0131na bakmak zorunda kald\u0131. 3 y\u0131ld\u0131r o\u011flu Emircan\u2019a hem anne hem baba olan Ethem \u00d6zdemir, ge\u00e7imini boya, badana, temizlik i\u015fleri ve kahvehanede \u00e7ayc\u0131l\u0131k yaparak sa\u011fl\u0131yor. Bir eli hep o\u011flunun \u00fczerinde olan \u00d6zdemir, onu b\u0131rakamad\u0131\u011f\u0131 i\u00e7in d\u00fczenli bir i\u015fte \u00e7al\u0131\u015fam\u0131yor. Emircan\u2019\u0131n t\u00fcm ihtiya\u00e7lar\u0131yla ilgilenen baba, 18 ya\u015f\u0131ndaki o\u011flunun banyosunu, t\u0131ra\u015f\u0131n\u0131 yapt\u0131r\u0131yor. \u00d6zdemir, zorlu ya\u015fam \u015fartlar\u0131na ra\u011fmen m\u00fccadeleyi hi\u00e7bir zaman b\u0131rakm\u0131yor. \u00d6te yandan K\u00fc\u00e7\u00fck\u00e7ekmece Belediye Ba\u015fkan\u0131 Kemal \u00c7ebi, Ethem \u00d6zdemir\u2019i evinde ziyaret edip hediyeler verdi.  Ba\u015fkan \u00c7ebi, \u00d6zdemir\u2019e \u201cY\u0131l\u0131n Babas\u0131\u201d plaketini verip o\u011flunun daima yan\u0131nda oldu\u011fu i\u00e7in te\u015fekk\u00fcr etti.<\/p>\n<p>\u201cTemizlik, bula\u015f\u0131k gibi t\u00fcm i\u015fleri yap\u0131yorum\u201d<\/p>\n<p>O\u011fluna annesinin vefat\u0131ndan sonra hem anne hem baba olan Ethem \u00d6zdemir, \u201cEmircan\u2019\u0131n do\u011fumunda e\u015fim hastaland\u0131. 18 y\u0131l \u00f6nce hastalan\u0131nca hem tedavisine hem Emircan\u2019a y\u0131llard\u0131r bakmak zorunda kald\u0131m. Erkek olarak \u00e7ok zor. Kendi yeme\u011fimi kendim yapmak zorunda kald\u0131m. Temizlik bula\u015f\u0131k gibi t\u00fcm i\u015fleri kendim yapt\u0131m. Ayr\u0131ca \u00e7al\u0131\u015fmam ge\u00e7inmemiz gerekiyordu. \u00c7ocu\u011fum engelli onunla ilgilenip uygun bir okula yerle\u015ftirdik. E\u015fimin hastal\u0131\u011f\u0131 ilerledi, daha sonra vefat etti. 10 senedir Emircan ile ben ilgileniyorum. Ben 8-10 saat ayakta \u00e7al\u0131\u015fam\u0131yorum\u201d dedi.<\/p>\n<p>\u201cEmircan benim her \u015feyim\u201d<\/p>\n<p>Okuldaki e\u011fitimi evde de devam ettirip o\u011fluna destek oldu\u011funu s\u00f6yleyen baba \u00d6zdemir, \u201cBaca\u011f\u0131m, belim ve boynum sakat oldu\u011fu i\u00e7in \u00e7al\u0131\u015fam\u0131yorum. 4 \u00e7ocu\u011fum var. 3\u2019\u00fc k\u0131z birde Emircan var. K\u0131zlar\u0131m evli, onlarda destek olmaya \u00e7al\u0131\u015f\u0131yorlar zaten tek ba\u015f\u0131na ge\u00e7inmek \u00e7ok zor. Bir baba insan ise ve birde kendini biliyorsa g\u00f6r\u00fcyoruz d\u0131\u015far\u0131ya at\u0131yorlar \u00e7ocuklar\u0131. Onlarda annesiz babas\u0131z maddeye al\u0131\u015f\u0131p sokaklarda yat\u0131yorlar. Babalar \u00e7ocuklar\u0131na sahip \u00e7\u0131ks\u0131nlar. \u00c7ocu\u011fum benim her \u015feyim. Ben \u015fuanda hayat\u0131 \u00f6\u011fretiyorum. Al\u0131\u015fveri\u015f yapmay\u0131 \u00f6\u011fretiyorum. Engelli okuluna gidiyor. Okula ba\u015flad\u0131\u011f\u0131ndan itibaren \u00e7ok g\u00fczel ilerleme var. Her anlamda d\u00fczelme var. Devletimizden Allah raz\u0131 olsun\u201ddiye konu\u015ftu.<\/p>\n<p>\u201cBurada y\u0131l\u0131n babas\u0131 olarak tespit etti\u011fimiz bir baban\u0131n evindeyiz\u201d<\/p>\n<p>T\u00fcm babalar\u0131n Babalar G\u00fcn\u00fc\u2019n\u00fc kutlayan K\u00fc\u00e7\u00fck\u00e7ekmece Belediye Ba\u015fkan\u0131 Kemal \u00c7ebi, \u201cB\u00fct\u00fcn d\u00fcnyadaki babalar\u0131n bu hafta kutlanacak olan Babalar G\u00fcn\u00fcn\u00fc tebrik ediyorum. B\u00fct\u00fcn babalara iyi evlatlar yeti\u015ftirmesini iyi nesiller yeti\u015ftirmesini temenni ediyorum. K\u00fc\u00e7\u00fck\u00e7ekmecemizde de \u00e7ok baba var. Bende bir babay\u0131m. Hepsinin babalar g\u00fcn\u00fc kutlu olsun. Bug\u00fcnde burada olmam\u0131z\u0131n sebebi y\u0131l\u0131n babas\u0131 olarak tespit etti\u011fimiz bir baban\u0131n evindeyiz. Onu da tebrik ediyorum. Ya\u015fama s\u0131k\u0131 s\u0131k\u0131 ba\u011fl\u0131 kalm\u0131\u015f ya\u015fam\u0131\u015f oldu\u011fu hi\u00e7bir s\u0131k\u0131nt\u0131y\u0131 problem yapmam\u0131\u015f dolay\u0131s\u0131yla o\u011flu ile birlikte e\u015fini kaybetmesine ra\u011fmen ya\u015famay\u0131 s\u00fcrd\u00fcren babay\u0131 tebrik etmek i\u00e7in buraday\u0131m\u201d \u015feklinde konu\u015ftu.<\/p>\n","protected":false},"excerpt":{"rendered":"<p>HAYATINI ENGELL\u0130 O\u011eLUNA ADAYAN ETHEM \u00d6ZDEM\u0130R\u2019E K\u00dc\u00c7\u00dcK\u00c7EKMECE BELED\u0130YE BA\u015eKANI KEMAL \u00c7EB\u0130, &#8220;YILIN BABASI\u201d PLAKET\u0130 VERD\u0130. \u00d6ZDEM\u0130R\u2019\u0130 EV\u0130NDE Z\u0130YARET EDEN \u00c7EB\u0130, BABA VE O\u011eLU \u0130LE SOHBET ED\u0130P HED\u0130YELER TAKD\u0130M ETT\u0130.<\/p>\n","protected":false},"author":1,"featured_media":169645,"comment_status":"closed","ping_status":"open","sticky":false,"template":"","format":"standard","meta":{"jetpack_post_was_ever_published":false,"_jetpack_newsletter_access":"","_jetpack_dont_email_post_to_subs":false,"_jetpack_newsletter_tier_id":0,"_jetpack_memberships_contains_paywalled_content":false,"_jetpack_memberships_contains_paid_content":false,"footnotes":"","jetpack_publicize_message":"","jetpack_publicize_feature_enabled":true,"jetpack_social_post_already_shared":true,"jetpack_social_options":{"image_generator_settings":{"template":"highway","default_image_id":0,"font":"","enabled":false},"version":2}},"categories":[1],"tags":[1073,36011,1841,5544,1784,848,7523,10405,1798],"class_list":["post-169644","post","type-post","status-publish","format-standard","has-post-thumbnail","hentry","category-genel","tag-ozel","tag-adayan","tag-babasi","tag-babaya","tag-engelli","tag-hayatini","tag-ogluna","tag-plaketi","tag-yilin"],"jetpack_publicize_connections":[],"jetpack_featured_media_url":"https:\/\/i0.wp.com\/www.tvturk.com\/wp-content\/uploads\/2019\/06\/ozel-hayatini-engelli-ogluna-adayan-babaya-yilin-babasi-plaketi_e410c12.jpg?fit=1000%2C666","jetpack_sharing_enabled":true,"jetpack_shortlink":"https:\/\/wp.me\/paKIfm-I8c","_links":{"self":[{"href":"http:\/\/www.tvturk.com\/index.php\/wp-json\/wp\/v2\/posts\/169644","targetHints":{"allow":["GET"]}}],"collection":[{"href":"http:\/\/www.tvturk.com\/index.php\/wp-json\/wp\/v2\/posts"}],"about":[{"href":"http:\/\/www.tvturk.com\/index.php\/wp-json\/wp\/v2\/types\/post"}],"author":[{"embeddable":true,"href":"http:\/\/www.tvturk.com\/index.php\/wp-json\/wp\/v2\/users\/1"}],"replies":[{"embeddable":true,"href":"http:\/\/www.tvturk.com\/index.php\/wp-json\/wp\/v2\/comments?post=169644"}],"version-history":[{"count":0,"href":"http:\/\/www.tvturk.com\/index.php\/wp-json\/wp\/v2\/posts\/169644\/revisions"}],"wp:featuredmedia":[{"embeddable":true,"href":"http:\/\/www.tvturk.com\/index.php\/wp-json\/wp\/v2\/media\/169645"}],"wp:attachment":[{"href":"http:\/\/www.tvturk.com\/index.php\/wp-json\/wp\/v2\/media?parent=169644"}],"wp:term":[{"taxonomy":"category","embeddable":true,"href":"http:\/\/www.tvturk.com\/index.php\/wp-json\/wp\/v2\/categories?post=169644"},{"taxonomy":"post_tag","embeddable":true,"href":"http:\/\/www.tvturk.com\/index.php\/wp-json\/wp\/v2\/tags?post=169644"}],"curies":[{"name":"wp","href":"https:\/\/api.w.org\/{rel}","templated":true}]}}