{"id":169654,"date":"2019-06-15T09:45:32","date_gmt":"2019-06-15T06:45:32","guid":{"rendered":"http:\/\/www.tvturk.com\/index.php\/balikesirsporda-genclik-asisi-suruyor\/"},"modified":"2019-06-15T09:45:32","modified_gmt":"2019-06-15T06:45:32","slug":"balikesirsporda-genclik-asisi-suruyor","status":"publish","type":"post","link":"http:\/\/www.tvturk.com\/index.php\/balikesirsporda-genclik-asisi-suruyor\/","title":{"rendered":"Bal\u0131kesirspor\u2019da gen\u00e7lik a\u015f\u0131s\u0131 s\u00fcr\u00fcyor"},"content":{"rendered":"<p>Spor Toto 1.Lig tak\u0131mlar\u0131ndan Bal\u0131kesirspor altyap\u0131s\u0131nda forma giyen 3 isim ile profesyonel s\u00f6zle\u015fme imzalad\u0131.<\/p>\n<p>Daha \u00f6nce Rahmi An\u0131l Ba\u015faran, Asil Kaan Ery\u0131lmaz, Yi\u011fithan K\u0131r, Berkay T\u00fcrk ve Emirhan \u00c7ak\u0131r ile s\u00f6zle\u015fme imzalayan Bal\u0131kesirspor\u2019da imzalar  devam etti. K\u0131rm\u0131z\u0131-beyazl\u0131larda ger\u00e7ekle\u015ftirilen imzalarda \u0130brahim Burak Do\u011fan, Kuban Alt\u0131nbudak ve Emre \u015eahin ile 3\u2019er y\u0131ll\u0131k profesyonel s\u00f6zle\u015fme imzaland\u0131\u011f\u0131 a\u00e7\u0131kland\u0131.<\/p>\n","protected":false},"excerpt":{"rendered":"<p>SPOR TOTO 1.L\u0130G TAKIMLARINDAN BALIKES\u0130RSPOR ALTYAPISINDA FORMA G\u0130YEN 3 \u0130S\u0130M \u0130LE PROFESYONEL S\u00d6ZLE\u015eME \u0130MZALADI.<\/p>\n","protected":false},"author":1,"featured_media":169655,"comment_status":"closed","ping_status":"open","sticky":false,"template":"","format":"standard","meta":{"jetpack_post_was_ever_published":false,"_jetpack_newsletter_access":"","_jetpack_dont_email_post_to_subs":false,"_jetpack_newsletter_tier_id":0,"_jetpack_memberships_contains_paywalled_content":false,"_jetpack_memberships_contains_paid_content":false,"footnotes":"","jetpack_publicize_message":"","jetpack_publicize_feature_enabled":true,"jetpack_social_post_already_shared":true,"jetpack_social_options":{"image_generator_settings":{"template":"highway","default_image_id":0,"font":"","enabled":false},"version":2}},"categories":[657],"tags":[4090,34479,512,1836],"class_list":["post-169654","post","type-post","status-publish","format-standard","has-post-thumbnail","hentry","category-spor","tag-asisi","tag-balikesirsporda","tag-genclik","tag-suruyor"],"jetpack_publicize_connections":[],"jetpack_featured_media_url":"https:\/\/i0.wp.com\/www.tvturk.com\/wp-content\/uploads\/2019\/06\/balikesirsporda-genclik-asisi-suruyor_80d4df4.jpg?fit=797%2C564","jetpack_sharing_enabled":true,"jetpack_shortlink":"https:\/\/wp.me\/paKIfm-I8m","_links":{"self":[{"href":"http:\/\/www.tvturk.com\/index.php\/wp-json\/wp\/v2\/posts\/169654","targetHints":{"allow":["GET"]}}],"collection":[{"href":"http:\/\/www.tvturk.com\/index.php\/wp-json\/wp\/v2\/posts"}],"about":[{"href":"http:\/\/www.tvturk.com\/index.php\/wp-json\/wp\/v2\/types\/post"}],"author":[{"embeddable":true,"href":"http:\/\/www.tvturk.com\/index.php\/wp-json\/wp\/v2\/users\/1"}],"replies":[{"embeddable":true,"href":"http:\/\/www.tvturk.com\/index.php\/wp-json\/wp\/v2\/comments?post=169654"}],"version-history":[{"count":0,"href":"http:\/\/www.tvturk.com\/index.php\/wp-json\/wp\/v2\/posts\/169654\/revisions"}],"wp:featuredmedia":[{"embeddable":true,"href":"http:\/\/www.tvturk.com\/index.php\/wp-json\/wp\/v2\/media\/169655"}],"wp:attachment":[{"href":"http:\/\/www.tvturk.com\/index.php\/wp-json\/wp\/v2\/media?parent=169654"}],"wp:term":[{"taxonomy":"category","embeddable":true,"href":"http:\/\/www.tvturk.com\/index.php\/wp-json\/wp\/v2\/categories?post=169654"},{"taxonomy":"post_tag","embeddable":true,"href":"http:\/\/www.tvturk.com\/index.php\/wp-json\/wp\/v2\/tags?post=169654"}],"curies":[{"name":"wp","href":"https:\/\/api.w.org\/{rel}","templated":true}]}}