{"id":169664,"date":"2019-06-15T09:49:52","date_gmt":"2019-06-15T06:49:52","guid":{"rendered":"http:\/\/www.tvturk.com\/index.php\/karnesini-getirene-teleferik-ucretsiz\/"},"modified":"2019-06-15T09:49:52","modified_gmt":"2019-06-15T06:49:52","slug":"karnesini-getirene-teleferik-ucretsiz","status":"publish","type":"post","link":"http:\/\/www.tvturk.com\/index.php\/karnesini-getirene-teleferik-ucretsiz\/","title":{"rendered":"Karnesini getirene teleferik \u00fccretsiz"},"content":{"rendered":"<p>Uluda\u011f\u2019a kesintisiz ula\u015f\u0131m sa\u011flayan Bursa Teleferik A.\u015e, karnesini getiren \u00f6\u011frencilere 2 g\u00fcn s\u00fcreyle \u00fccretsiz seyahat imkan\u0131 sunma karar\u0131 ald\u0131.<\/p>\n<p>140 kabin ile saatte bin 500 yolcu ta\u015f\u0131ma kapasiteli, 9 kilometre ile d\u00fcnyan\u0131n en uzun teleferik hatt\u0131 olan Bursa Teleferik A. \u015e.\u2019nin sosyal medya hesab\u0131ndan yap\u0131lan a\u00e7\u0131klama, &#8220;2018-2019 e\u011fitim \u00f6\u011fretim y\u0131l\u0131n\u0131 tamamlayan t\u00fcm \u00f6\u011frencilerimize karne hediyesi bizden! 15-16 Haziran tarihlerinde karnesini getiren t\u00fcm \u00f6\u011frencilerimize Bursa Teleferik seyahati hediye ediyoruz&#8221; denildi.<\/p>\n","protected":false},"excerpt":{"rendered":"<p>KARNES\u0130N\u0130 GET\u0130REN T\u00dcM \u00d6\u011eRENC\u0130LER\u0130NE 2 G\u00dcN S\u00dcREYLE \u00dcCRETS\u0130Z TELEFER\u0130K \u00dcCRETS\u0130Z<\/p>\n","protected":false},"author":1,"featured_media":169665,"comment_status":"closed","ping_status":"open","sticky":false,"template":"","format":"standard","meta":{"jetpack_post_was_ever_published":false,"_jetpack_newsletter_access":"","_jetpack_dont_email_post_to_subs":false,"_jetpack_newsletter_tier_id":0,"_jetpack_memberships_contains_paywalled_content":false,"_jetpack_memberships_contains_paid_content":false,"footnotes":"","jetpack_publicize_message":"","jetpack_publicize_feature_enabled":true,"jetpack_social_post_already_shared":true,"jetpack_social_options":{"image_generator_settings":{"template":"highway","default_image_id":0,"font":"","enabled":false},"version":2}},"categories":[1],"tags":[40813,40653,465,324],"class_list":["post-169664","post","type-post","status-publish","format-standard","has-post-thumbnail","hentry","category-genel","tag-getirene","tag-karnesini","tag-teleferik","tag-ucretsiz"],"jetpack_publicize_connections":[],"jetpack_featured_media_url":"https:\/\/i0.wp.com\/www.tvturk.com\/wp-content\/uploads\/2019\/06\/karnesini-getirene-teleferik-ucretsiz_a3b884f.jpg?fit=1000%2C576","jetpack_sharing_enabled":true,"jetpack_shortlink":"https:\/\/wp.me\/paKIfm-I8w","_links":{"self":[{"href":"http:\/\/www.tvturk.com\/index.php\/wp-json\/wp\/v2\/posts\/169664","targetHints":{"allow":["GET"]}}],"collection":[{"href":"http:\/\/www.tvturk.com\/index.php\/wp-json\/wp\/v2\/posts"}],"about":[{"href":"http:\/\/www.tvturk.com\/index.php\/wp-json\/wp\/v2\/types\/post"}],"author":[{"embeddable":true,"href":"http:\/\/www.tvturk.com\/index.php\/wp-json\/wp\/v2\/users\/1"}],"replies":[{"embeddable":true,"href":"http:\/\/www.tvturk.com\/index.php\/wp-json\/wp\/v2\/comments?post=169664"}],"version-history":[{"count":0,"href":"http:\/\/www.tvturk.com\/index.php\/wp-json\/wp\/v2\/posts\/169664\/revisions"}],"wp:featuredmedia":[{"embeddable":true,"href":"http:\/\/www.tvturk.com\/index.php\/wp-json\/wp\/v2\/media\/169665"}],"wp:attachment":[{"href":"http:\/\/www.tvturk.com\/index.php\/wp-json\/wp\/v2\/media?parent=169664"}],"wp:term":[{"taxonomy":"category","embeddable":true,"href":"http:\/\/www.tvturk.com\/index.php\/wp-json\/wp\/v2\/categories?post=169664"},{"taxonomy":"post_tag","embeddable":true,"href":"http:\/\/www.tvturk.com\/index.php\/wp-json\/wp\/v2\/tags?post=169664"}],"curies":[{"name":"wp","href":"https:\/\/api.w.org\/{rel}","templated":true}]}}