{"id":169668,"date":"2019-06-15T09:50:27","date_gmt":"2019-06-15T06:50:27","guid":{"rendered":"http:\/\/www.tvturk.com\/index.php\/yeni-kesfedildi-turkiyede-yetisiyor\/"},"modified":"2019-06-15T09:50:27","modified_gmt":"2019-06-15T06:50:27","slug":"yeni-kesfedildi-turkiyede-yetisiyor","status":"publish","type":"post","link":"http:\/\/www.tvturk.com\/index.php\/yeni-kesfedildi-turkiyede-yetisiyor\/","title":{"rendered":"Yeni ke\u015ffedildi, T\u00fcrkiye\u2019de yeti\u015fiyor"},"content":{"rendered":"<p>Bal\u0131kesir\u2019in Ayval\u0131k il\u00e7esinde konumu, ta\u015f\u0131d\u0131\u011f\u0131 jeolojik, estetik, do\u011fal, tarihi ve k\u00fclt\u00fcrel \u00f6zellikleri ve T\u00fcrkiye\u2019nin en b\u00fcy\u00fck ve tek deniz park\u0131 olma \u00f6zelli\u011fi olan Ayval\u0131k Adalar\u0131 Tabiat Park\u0131 yeni ke\u015fif edilen bir bitkiye ev sahipli\u011fi yap\u0131yor. Ayval\u0131k Adalar\u0131 Tabiat Park\u0131nda yeni ke\u015ffedilen bitkiye Ayvalikensis ismi verildi.<\/p>\n<p>Prof Dr. Fatih Sat\u0131l, Prof. Dr. G\u00fclendam T\u00fcmen ve Do\u00e7. Dr. Selami Selvi taraf\u0131ndan bilimsel bir yay\u0131n i\u00e7in yap\u0131lan Ayval\u0131k Adalar\u0131 Tabiat Park\u0131 \u00c7i\u00e7ekleri isimli \u00e7al\u0131\u015fmada d\u00fcnya \u00fczerinde sadece Ayval\u0131k Adalar\u0131 Tabiat Park\u0131nda yeti\u015fen ve \u015fimdiye kadar kay\u0131tlara ge\u00e7meyen bir bitki t\u00fcr\u00fc bulundu. Yap\u0131lan \u00e7al\u0131\u015fmalar ile kay\u0131t alt\u0131na al\u0131nan bitkiye Ayvalikensis ismi verildi.<\/p>\n<p>Mart, Nisan aylar\u0131nda \u00e7i\u00e7ek a\u00e7an, kumsal ve sahil kenarlar\u0131nda yeti\u015fen \u00e7i\u00e7ekli bitki bilim d\u00fcnyas\u0131nda b\u00fcy\u00fck bir ilgi ile kar\u015f\u0131land\u0131. Kay\u0131tlara ge\u00e7en bitki d\u00fcnya i\u00e7in yeni bir bitki taksonu olarak nitelendiriliyor.<\/p>\n","protected":false},"excerpt":{"rendered":"<p>BALIKES\u0130R\u2019\u0130N AYVALIK \u0130L\u00c7ES\u0130NDE KONUMU, TA\u015eIDI\u011eI JEOLOJ\u0130K, ESTET\u0130K, DO\u011eAL, TAR\u0130H\u0130 VE K\u00dcLT\u00dcREL \u00d6ZELL\u0130KLER\u0130 VE T\u00dcRK\u0130YE\u2019N\u0130N EN B\u00dcY\u00dcK VE TEK DEN\u0130Z PARKI OLMA \u00d6ZELL\u0130\u011e\u0130 OLAN AYVALIK ADALARI TAB\u0130AT PARKI YEN\u0130 KE\u015e\u0130F ED\u0130LEN B\u0130R B\u0130TK\u0130YE EV SAH\u0130PL\u0130\u011e\u0130 YAPIYOR. AYVALIK ADALARI TAB\u0130AT PARKINDA YEN\u0130 KE\u015eFED\u0130LEN B\u0130TK\u0130YE AYVAL\u0130KENS\u0130S \u0130SM\u0130 VER\u0130LD\u0130.<\/p>\n","protected":false},"author":1,"featured_media":169669,"comment_status":"closed","ping_status":"open","sticky":false,"template":"","format":"standard","meta":{"jetpack_post_was_ever_published":false,"_jetpack_newsletter_access":"","_jetpack_dont_email_post_to_subs":false,"_jetpack_newsletter_tier_id":0,"_jetpack_memberships_contains_paywalled_content":false,"_jetpack_memberships_contains_paid_content":false,"footnotes":"","jetpack_publicize_message":"","jetpack_publicize_feature_enabled":true,"jetpack_social_post_already_shared":true,"jetpack_social_options":{"image_generator_settings":{"template":"highway","default_image_id":0,"font":"","enabled":false},"version":2}},"categories":[1],"tags":[21866,2383,87,14271],"class_list":["post-169668","post","type-post","status-publish","format-standard","has-post-thumbnail","hentry","category-genel","tag-kesfedildi","tag-turkiyede","tag-yeni","tag-yetisiyor"],"jetpack_publicize_connections":[],"jetpack_featured_media_url":"https:\/\/i0.wp.com\/www.tvturk.com\/wp-content\/uploads\/2019\/06\/yeni-kesfedildi-turkiyede-yetisiyor_0680a69.jpg?fit=1000%2C666","jetpack_sharing_enabled":true,"jetpack_shortlink":"https:\/\/wp.me\/paKIfm-I8A","_links":{"self":[{"href":"http:\/\/www.tvturk.com\/index.php\/wp-json\/wp\/v2\/posts\/169668","targetHints":{"allow":["GET"]}}],"collection":[{"href":"http:\/\/www.tvturk.com\/index.php\/wp-json\/wp\/v2\/posts"}],"about":[{"href":"http:\/\/www.tvturk.com\/index.php\/wp-json\/wp\/v2\/types\/post"}],"author":[{"embeddable":true,"href":"http:\/\/www.tvturk.com\/index.php\/wp-json\/wp\/v2\/users\/1"}],"replies":[{"embeddable":true,"href":"http:\/\/www.tvturk.com\/index.php\/wp-json\/wp\/v2\/comments?post=169668"}],"version-history":[{"count":0,"href":"http:\/\/www.tvturk.com\/index.php\/wp-json\/wp\/v2\/posts\/169668\/revisions"}],"wp:featuredmedia":[{"embeddable":true,"href":"http:\/\/www.tvturk.com\/index.php\/wp-json\/wp\/v2\/media\/169669"}],"wp:attachment":[{"href":"http:\/\/www.tvturk.com\/index.php\/wp-json\/wp\/v2\/media?parent=169668"}],"wp:term":[{"taxonomy":"category","embeddable":true,"href":"http:\/\/www.tvturk.com\/index.php\/wp-json\/wp\/v2\/categories?post=169668"},{"taxonomy":"post_tag","embeddable":true,"href":"http:\/\/www.tvturk.com\/index.php\/wp-json\/wp\/v2\/tags?post=169668"}],"curies":[{"name":"wp","href":"https:\/\/api.w.org\/{rel}","templated":true}]}}