{"id":169702,"date":"2019-06-15T10:52:30","date_gmt":"2019-06-15T07:52:30","guid":{"rendered":"http:\/\/www.tvturk.com\/index.php\/bursali-asker-pence-harekatinda-gazi-oldu\/"},"modified":"2019-06-15T10:52:30","modified_gmt":"2019-06-15T07:52:30","slug":"bursali-asker-pence-harekatinda-gazi-oldu","status":"publish","type":"post","link":"http:\/\/www.tvturk.com\/index.php\/bursali-asker-pence-harekatinda-gazi-oldu\/","title":{"rendered":"Bursal\u0131 asker Pen\u00e7e Harekat\u0131\u2019nda gazi oldu"},"content":{"rendered":"<p>Irak\u2019\u0131n kuzeyindeki Hakurk b\u00f6lgesinde y\u00fcr\u00fct\u00fclen Pen\u00e7e Harekat\u0131\u2019nda PKK\u2019l\u0131 ter\u00f6ristlerce yap\u0131lan roketli sald\u0131r\u0131da yaralanan komando uzman \u00e7avu\u015f O\u011fuz Alt\u0131nta\u015f, Baba oca\u011f\u0131 olan Mustafakemalpa\u015fa\u2019daki evinde ziyaret edildi.<\/p>\n<p>Pen\u00e7e Harekat\u0131\u2019nda ter\u00f6rle m\u00fccadele kapsam\u0131nda y\u00fcr\u00fct\u00fclen \u00e7al\u0131\u015fmalar s\u0131ras\u0131nda 6 Haziran tarihinde PKK\u2019l\u0131 ter\u00f6ristlerce yap\u0131lan roket atarl\u0131 sald\u0131r\u0131da sa\u011f baca\u011f\u0131 ve kal\u00e7as\u0131ndan yaralanan piyade komando uzman \u00e7avu\u015f O\u011fuz Alt\u0131nta\u015f\u2019a Bursa Aile ve Sosyal Politikalar \u0130l M\u00fcd\u00fcr\u00fc Erkut \u00d6nde\u015f taraf\u0131ndan ziyaret ger\u00e7ekle\u015ftirildi.<\/p>\n<p>Kahraman askeri Mustafakemalpa\u015fa\u2019daki baba oca\u011f\u0131nda ziyaret eden \u00d6nde\u015f sa\u011fl\u0131k durumu hakk\u0131nda bilgi ald\u0131. Ge\u00e7mi\u015f olsun dileklerinde bulundu.<\/p>\n<p>PKK\u2019l\u0131 hainlerce ger\u00e7ekle\u015ftirilen sald\u0131r\u0131 sonucu yaralan\u0131p tedavi alt\u0131na al\u0131nan ve baba oca\u011f\u0131nda istirahat eden uzman \u00e7avu\u015f Alt\u0131nta\u015f\u2019\u0131n rutin sa\u011fl\u0131k kontrollerinin yap\u0131ld\u0131\u011f\u0131 ve durumunun iyi oldu\u011fu \u00f6\u011frenildi.<\/p>\n","protected":false},"excerpt":{"rendered":"<p>IRAK&#8217;IN KUZEY\u0130NDEK\u0130 HAKURK B\u00d6LGES\u0130NDE Y\u00dcR\u00dcT\u00dcLEN PEN\u00c7E HAREKATI&#8217;NDA PKK&#8217;LI TER\u00d6R\u0130STLERCE YAPILAN ROKETL\u0130 SALDIRIDA YARALANAN KOMANDO UZMAN \u00c7AVU\u015e O\u011eUZ ALTINTA\u015e, BABA OCA\u011eI OLAN MUSTAFAKEMALPA\u015eA&#8217;DA K\u0130 EV\u0130NDE Z\u0130YARET ED\u0130LD\u0130.<\/p>\n","protected":false},"author":1,"featured_media":169703,"comment_status":"closed","ping_status":"open","sticky":false,"template":"","format":"standard","meta":{"jetpack_post_was_ever_published":false,"_jetpack_newsletter_access":"","_jetpack_dont_email_post_to_subs":false,"_jetpack_newsletter_tier_id":0,"_jetpack_memberships_contains_paywalled_content":false,"_jetpack_memberships_contains_paid_content":false,"footnotes":"","jetpack_publicize_message":"","jetpack_publicize_feature_enabled":true,"jetpack_social_post_already_shared":true,"jetpack_social_options":{"image_generator_settings":{"template":"highway","default_image_id":0,"font":"","enabled":false},"version":2}},"categories":[1],"tags":[3097,1598,5854,38606,77,12871],"class_list":["post-169702","post","type-post","status-publish","format-standard","has-post-thumbnail","hentry","category-genel","tag-gazi","tag-asker","tag-bursali","tag-harekatinda","tag-oldu","tag-pence"],"jetpack_publicize_connections":[],"jetpack_featured_media_url":"https:\/\/i0.wp.com\/www.tvturk.com\/wp-content\/uploads\/2019\/06\/bursali-asker-pence-harekatinda-gazi-oldu_60fb512.jpg?fit=1000%2C602","jetpack_sharing_enabled":true,"jetpack_shortlink":"https:\/\/wp.me\/paKIfm-I98","_links":{"self":[{"href":"http:\/\/www.tvturk.com\/index.php\/wp-json\/wp\/v2\/posts\/169702","targetHints":{"allow":["GET"]}}],"collection":[{"href":"http:\/\/www.tvturk.com\/index.php\/wp-json\/wp\/v2\/posts"}],"about":[{"href":"http:\/\/www.tvturk.com\/index.php\/wp-json\/wp\/v2\/types\/post"}],"author":[{"embeddable":true,"href":"http:\/\/www.tvturk.com\/index.php\/wp-json\/wp\/v2\/users\/1"}],"replies":[{"embeddable":true,"href":"http:\/\/www.tvturk.com\/index.php\/wp-json\/wp\/v2\/comments?post=169702"}],"version-history":[{"count":0,"href":"http:\/\/www.tvturk.com\/index.php\/wp-json\/wp\/v2\/posts\/169702\/revisions"}],"wp:featuredmedia":[{"embeddable":true,"href":"http:\/\/www.tvturk.com\/index.php\/wp-json\/wp\/v2\/media\/169703"}],"wp:attachment":[{"href":"http:\/\/www.tvturk.com\/index.php\/wp-json\/wp\/v2\/media?parent=169702"}],"wp:term":[{"taxonomy":"category","embeddable":true,"href":"http:\/\/www.tvturk.com\/index.php\/wp-json\/wp\/v2\/categories?post=169702"},{"taxonomy":"post_tag","embeddable":true,"href":"http:\/\/www.tvturk.com\/index.php\/wp-json\/wp\/v2\/tags?post=169702"}],"curies":[{"name":"wp","href":"https:\/\/api.w.org\/{rel}","templated":true}]}}