{"id":169758,"date":"2019-06-15T11:38:20","date_gmt":"2019-06-15T08:38:20","guid":{"rendered":"http:\/\/www.tvturk.com\/index.php\/ozel-calismalar-sona-geldi-tamamlandiginda-turkiyenin-en-uzun-plaji-olacak\/"},"modified":"2019-06-15T11:38:20","modified_gmt":"2019-06-15T08:38:20","slug":"ozel-calismalar-sona-geldi-tamamlandiginda-turkiyenin-en-uzun-plaji-olacak","status":"publish","type":"post","link":"http:\/\/www.tvturk.com\/index.php\/ozel-calismalar-sona-geldi-tamamlandiginda-turkiyenin-en-uzun-plaji-olacak\/","title":{"rendered":"(\u00d6zel) \u00c7al\u0131\u015fmalar sona geldi&#8230;Tamamland\u0131\u011f\u0131nda T\u00fcrkiye\u2019nin en uzun plaj\u0131 olacak"},"content":{"rendered":"<p>Tamamland\u0131\u011f\u0131nda T\u00fcrkiye\u2019nin en uzun sahili olacak Karacabey Bo\u011faz\u0131 plaj\u0131 g\u00f6r\u00fcc\u00fcye \u00e7\u0131kmak i\u00e7in g\u00fcn say\u0131yor. 22 kilometre uzunlu\u011fu ile Samanda\u011f ve Patara plajlar\u0131n\u0131n \u00f6n\u00fcnde T\u00fcrkiye\u2019nin en uzun plaj\u0131 konumunda olan Karacabey Bo\u011faz\u0131, plaj\u0131 ince sar\u0131 kumu ve p\u0131r\u0131l p\u0131r\u0131l denizi ile turizmcilerin g\u00f6zde merkezi olmaya haz\u0131rlan\u0131yor. Karacabey Belediye Ba\u015fkan\u0131 Ali \u00d6zkan, bo\u011faz\u0131n Marmara\u2019n\u0131n incisi olaca\u011f\u0131n\u0131 s\u00f6yledi.<\/p>\n<p>Karacabey Bo\u011faz\u2019\u0131nda bulunan tek par\u00e7a halindeki 22 kilometrelik sahil, T\u00fcrkiye\u2019nin en uzun sahilleri Samanda\u011f ve Patara sahillerini geride b\u0131rakmaya haz\u0131rlan\u0131yor.<\/p>\n<p>Tatilcilerin g\u00f6zde mekanlar\u0131 aras\u0131na girmeye haz\u0131rlanan Karacabey Bo\u011faz sahili, Marmara Denizi\u2019nin bilinmeyen g\u00fczelliklerini ve yan\u0131 ba\u015f\u0131ndaki longoz ormanlar\u0131 yerli ve yabanc\u0131 turistleri a\u011f\u0131rlamak i\u00e7in g\u00fcn say\u0131yor.<\/p>\n<p>Karacabey Belediye Ba\u015fkan\u0131 Ali \u00d6zkan, Bursa B\u00fcy\u00fck\u015fehir Belediyesi ile birlikte sahil projesini hayata ge\u00e7irdiklerini  ve tatilin s\u00fcresini uzatmay\u0131 hedeflediklerini belirterek, \u201cBu \u00e7er\u00e7evede konaklama ihtiya\u00e7lar\u0131n\u0131n giderilmesi noktas\u0131nda gayret g\u00f6steriyoruz. \u00d6zel bir m\u00fcte\u015febbise sahil projemiz sayesinde konaklama alanlar\u0131 yapt\u0131rd\u0131k. Yine B\u00fcy\u00fck\u015fehir Belediyesinin katk\u0131lar\u0131yla konaklama tesislerini \u00f6n\u00fcm\u00fczdeki g\u00fcnlerde hizmete a\u00e7\u0131yoruz. \u015eu anda arkam\u0131zda g\u00f6rd\u00fc\u011f\u00fcn\u00fcz orman kamp\u0131 olarak bilinen, daha \u00f6nce i\u00e7erisinde bir butik oteli ihtiva eden ama y\u0131llardan beri bir mezbelelik g\u00f6r\u00fcnt\u00fc arz eden bir mekan vard\u0131. Biz yakla\u015f\u0131k 5 y\u0131ldan beri bunun Karacabey Belediyesi\u2019ne kazand\u0131r\u0131lmas\u0131 noktas\u0131nda gayet g\u00f6sterdik ve bu noktada da sonuca ula\u015fman\u0131n mutlulu\u011funu ya\u015f\u0131yoruz. Bunu Tar\u0131m ve Orman Bakanl\u0131\u011f\u0131 Orman M\u00fcd\u00fcrl\u00fc\u011f\u00fcm\u00fczden Karacabey Belediye\u2019mize kazand\u0131rd\u0131k. \u015eu anda proje noktas\u0131nda \u00e7al\u0131\u015fmalar g\u00f6steriyoruz. Buraya bir butik otel, bungalov evler, aqua park, sosyal tesisleri bir m\u00fcte\u015febbis arac\u0131l\u0131\u011f\u0131yla kazand\u0131rmak ve konaklama noktas\u0131ndaki sorunu da bu tesis vas\u0131tas\u0131yla \u00e7\u00f6zmek istiyoruz\u201d dedi.<\/p>\n<p>\u00d6zkan s\u00f6zlerini \u015f\u00f6yle s\u00fcrd\u00fcrd\u00fc: \u201cKaracabey\u2019de konaklama konusunda s\u0131k\u0131nt\u0131lar\u0131m\u0131z vard\u0131. D\u00f6rt y\u0131ld\u0131zl\u0131 bir oteli yine yap-i\u015flet-devret modeliyle 2 ay sonra kazand\u0131rman\u0131n mutlulu\u011funu ya\u015fayaca\u011f\u0131z. Yine burada takip etti\u011fimiz 2 tane  kamu kurumuna ait at\u0131l vaziyette alan var. Bu orman kamp\u0131n\u0131 turizme kazand\u0131rd\u0131ktan sonra oralar\u0131 da kazand\u0131rma gayreti i\u00e7erisinde olaca\u011f\u0131z. \u0130\u015fte bu konaklama ihtiya\u00e7lar\u0131n\u0131 giderdikten sonra buradaki tatil s\u00fcresinin uzayaca\u011f\u0131n\u0131 \u00fcmit ediyoruz. B\u00fcy\u00fck\u015fehir Belediyemizle ger\u00e7ekle\u015ftirdi\u011fimiz sahil projemiz var. Bildi\u011finiz gibi en uzun sahiller bizde. Burada yakla\u015f\u0131k 2 kilometrelik y\u00fcr\u00fcy\u00fc\u015f alan\u0131, bisiklet yolu yapt\u0131k. Vatanda\u015flar\u0131m\u0131z buran\u0131n toparlanmas\u0131ndan, hizmete sunulmas\u0131ndan gayet mutlu. Biz s\u0131n\u0131rs\u0131z ihtiya\u00e7lar\u0131, k\u0131t imkanlar do\u011frultusunda en k\u0131sa s\u00fcrede hizmete sokman\u0131n gayreti i\u00e7erisindeyiz\u201d<\/p>\n<p>Yap\u0131lan \u00e7al\u0131\u015fmalarla Bayramdere, Bo\u011faz, longoz ormanlar\u0131, defne ve \u0131hlamur ormanlar\u0131n\u0131n Bursa\u2019n\u0131n ve \u00fclkenin g\u00fcndemine girmesi i\u00e7in ellerinden geleni yapacaklar\u0131n\u0131n alt\u0131n\u0131 \u00e7izen \u00d6zkan, \u201cBiz proje \u00e7al\u0131\u015fmalar\u0131na \u00f6n\u00fcm\u00fczdeki hafta son noktay\u0131 koyaca\u011f\u0131z. Ondan sonra ihaleye \u00e7\u0131k\u0131p, yap- i\u015flet &#8211; devret modeliyle buray\u0131 kazand\u0131raca\u011f\u0131z. \u00d6n\u00fcm\u00fczdeki sezona bu tesisin biterek Karacabey turizminin hizmetine sunuldu\u011funu in\u015fallah g\u00f6rece\u011fiz\u201d dedi.<\/p>\n","protected":false},"excerpt":{"rendered":"<p>BURSA KARACABEY BO\u011eAZI T\u00dcRK\u0130YE\u2019N\u0130N EN UZUN SAH\u0130LLER\u0130N\u0130 GER\u0130DE BIRAKACAK.  SON D\u00dcZENLEMELER\u0130 TAMAMLANAN 22 K\u0130LOMETREL\u0130K SAH\u0130L, TAT\u0130LC\u0130LER\u0130N G\u00d6ZDES\u0130 OLACAK.<\/p>\n","protected":false},"author":1,"featured_media":0,"comment_status":"closed","ping_status":"open","sticky":false,"template":"","format":"standard","meta":{"jetpack_post_was_ever_published":false,"_jetpack_newsletter_access":"","_jetpack_dont_email_post_to_subs":false,"_jetpack_newsletter_tier_id":0,"_jetpack_memberships_contains_paywalled_content":false,"_jetpack_memberships_contains_paid_content":false,"footnotes":"","jetpack_publicize_message":"","jetpack_publicize_feature_enabled":true,"jetpack_social_post_already_shared":true,"jetpack_social_options":{"image_generator_settings":{"template":"highway","default_image_id":0,"font":"","enabled":false},"version":2}},"categories":[1],"tags":[1073,676,40844,1189,19194,792,177,482],"class_list":["post-169758","post","type-post","status-publish","format-standard","hentry","category-genel","tag-ozel","tag-calismalar","tag-geldi-tamamlandiginda","tag-olacak","tag-plaji","tag-sona","tag-turkiyenin","tag-uzun"],"jetpack_publicize_connections":[],"jetpack_featured_media_url":"","jetpack_sharing_enabled":true,"jetpack_shortlink":"https:\/\/wp.me\/paKIfm-Ia2","_links":{"self":[{"href":"http:\/\/www.tvturk.com\/index.php\/wp-json\/wp\/v2\/posts\/169758","targetHints":{"allow":["GET"]}}],"collection":[{"href":"http:\/\/www.tvturk.com\/index.php\/wp-json\/wp\/v2\/posts"}],"about":[{"href":"http:\/\/www.tvturk.com\/index.php\/wp-json\/wp\/v2\/types\/post"}],"author":[{"embeddable":true,"href":"http:\/\/www.tvturk.com\/index.php\/wp-json\/wp\/v2\/users\/1"}],"replies":[{"embeddable":true,"href":"http:\/\/www.tvturk.com\/index.php\/wp-json\/wp\/v2\/comments?post=169758"}],"version-history":[{"count":0,"href":"http:\/\/www.tvturk.com\/index.php\/wp-json\/wp\/v2\/posts\/169758\/revisions"}],"wp:attachment":[{"href":"http:\/\/www.tvturk.com\/index.php\/wp-json\/wp\/v2\/media?parent=169758"}],"wp:term":[{"taxonomy":"category","embeddable":true,"href":"http:\/\/www.tvturk.com\/index.php\/wp-json\/wp\/v2\/categories?post=169758"},{"taxonomy":"post_tag","embeddable":true,"href":"http:\/\/www.tvturk.com\/index.php\/wp-json\/wp\/v2\/tags?post=169758"}],"curies":[{"name":"wp","href":"https:\/\/api.w.org\/{rel}","templated":true}]}}