{"id":169764,"date":"2019-06-15T11:43:21","date_gmt":"2019-06-15T08:43:21","guid":{"rendered":"http:\/\/www.tvturk.com\/index.php\/ogrenciler-iceride-aileler-disarida-ter-doktu\/"},"modified":"2019-06-15T11:43:21","modified_gmt":"2019-06-15T08:43:21","slug":"ogrenciler-iceride-aileler-disarida-ter-doktu","status":"publish","type":"post","link":"http:\/\/www.tvturk.com\/index.php\/ogrenciler-iceride-aileler-disarida-ter-doktu\/","title":{"rendered":"\u00d6\u011frenciler i\u00e7eride, aileler d\u0131\u015far\u0131da ter d\u00f6kt\u00fc"},"content":{"rendered":"<p>T\u00fcm T\u00fcrkiye\u2019de oldu\u011fu gibi \u015eanl\u0131urfa\u2019da da YKS\u2019ye giren \u00f6\u011frenciler i\u00e7eride, aileleri de d\u0131\u015far\u0131da ter d\u00f6kt\u00fc.<\/p>\n<p>\u00d6l\u00e7me, Se\u00e7me ve Yerle\u015ftirme Merkezi Ba\u015fkanl\u0131\u011f\u0131 taraf\u0131ndan yap\u0131lan Y\u00fcksek\u00f6\u011fretim Kurumlar\u0131 S\u0131nav\u0131 (YKS), t\u00fcm \u00fclkede oldu\u011fu gibi \u015eanl\u0131urfa\u2019da da adaylar\u0131n ve ailelerin b\u00fcy\u00fck heyecan\u0131 ile ba\u015flad\u0131. Binlerce \u00f6\u011frenci okullar\u0131n \u00f6nlerinde aileleriyle birlikte ya\u015fad\u0131klar\u0131 heyecan\u0131n ard\u0131ndan YKS\u2019nin ilk aya\u011f\u0131 olan Temel Yeterlilik S\u0131nav\u0131na (TYT) girdi. Saat 10.00\u2019da okullar\u0131n kap\u0131lar\u0131 kapat\u0131l\u0131rken, aileler de d\u0131\u015far\u0131da heyecanl\u0131 bir bekleyi\u015fe ba\u015flad\u0131. Ailelerden baz\u0131lar\u0131 dua ederken kimisi de okul bah\u00e7esinde bekledi.<\/p>\n","protected":false},"excerpt":{"rendered":"<p>T\u00dcM T\u00dcRK\u0130YE\u2019DE OLDU\u011eU G\u0130B\u0130 \u015eANLIURFA\u2019DA DA YKS&#8217;YE G\u0130REN \u00d6\u011eRENC\u0130LER \u0130\u00c7ER\u0130DE, A\u0130LELER\u0130 DE DI\u015eARIDA TER D\u00d6KT\u00dc.<\/p>\n","protected":false},"author":1,"featured_media":0,"comment_status":"closed","ping_status":"open","sticky":false,"template":"","format":"standard","meta":{"jetpack_post_was_ever_published":false,"_jetpack_newsletter_access":"","_jetpack_dont_email_post_to_subs":false,"_jetpack_newsletter_tier_id":0,"_jetpack_memberships_contains_paywalled_content":false,"_jetpack_memberships_contains_paid_content":false,"footnotes":"","jetpack_publicize_message":"","jetpack_publicize_feature_enabled":true,"jetpack_social_post_already_shared":true,"jetpack_social_options":{"image_generator_settings":{"template":"highway","default_image_id":0,"font":"","enabled":false},"version":2}},"categories":[1],"tags":[22042,17205,5940,17792,1293,5939],"class_list":["post-169764","post","type-post","status-publish","format-standard","hentry","category-genel","tag-aileler","tag-disarida","tag-doktu","tag-iceride","tag-ogrenciler","tag-ter"],"jetpack_publicize_connections":[],"jetpack_featured_media_url":"","jetpack_sharing_enabled":true,"jetpack_shortlink":"https:\/\/wp.me\/paKIfm-Ia8","_links":{"self":[{"href":"http:\/\/www.tvturk.com\/index.php\/wp-json\/wp\/v2\/posts\/169764","targetHints":{"allow":["GET"]}}],"collection":[{"href":"http:\/\/www.tvturk.com\/index.php\/wp-json\/wp\/v2\/posts"}],"about":[{"href":"http:\/\/www.tvturk.com\/index.php\/wp-json\/wp\/v2\/types\/post"}],"author":[{"embeddable":true,"href":"http:\/\/www.tvturk.com\/index.php\/wp-json\/wp\/v2\/users\/1"}],"replies":[{"embeddable":true,"href":"http:\/\/www.tvturk.com\/index.php\/wp-json\/wp\/v2\/comments?post=169764"}],"version-history":[{"count":0,"href":"http:\/\/www.tvturk.com\/index.php\/wp-json\/wp\/v2\/posts\/169764\/revisions"}],"wp:attachment":[{"href":"http:\/\/www.tvturk.com\/index.php\/wp-json\/wp\/v2\/media?parent=169764"}],"wp:term":[{"taxonomy":"category","embeddable":true,"href":"http:\/\/www.tvturk.com\/index.php\/wp-json\/wp\/v2\/categories?post=169764"},{"taxonomy":"post_tag","embeddable":true,"href":"http:\/\/www.tvturk.com\/index.php\/wp-json\/wp\/v2\/tags?post=169764"}],"curies":[{"name":"wp","href":"https:\/\/api.w.org\/{rel}","templated":true}]}}