{"id":169768,"date":"2019-06-15T11:55:50","date_gmt":"2019-06-15T08:55:50","guid":{"rendered":"http:\/\/www.tvturk.com\/index.php\/ozel-haber-portekizli-gazeteciden-fejsa-yorumu\/"},"modified":"2019-06-15T11:55:50","modified_gmt":"2019-06-15T08:55:50","slug":"ozel-haber-portekizli-gazeteciden-fejsa-yorumu","status":"publish","type":"post","link":"http:\/\/www.tvturk.com\/index.php\/ozel-haber-portekizli-gazeteciden-fejsa-yorumu\/","title":{"rendered":"(\u00d6zel haber) Portekizli gazeteciden Fejsa yorumu"},"content":{"rendered":"<p>Fenerbah\u00e7e\u2019nin Benfica\u2019da top ko\u015fturan ve anla\u015fmaya vard\u0131\u011f\u0131 ileri s\u00fcr\u00fclen Ljubomir Fejsa i\u00e7in Portekizli yorumcu Luis Aguilar, \u201c\u0130lk senesinde \u00e7ok sakatl\u0131klarla bo\u011fu\u015ftu. Tak\u0131mda formas\u0131n\u0131 kaybetti ama defans hatt\u0131na arkada\u015flar\u0131na m\u00fckemmel katk\u0131 sa\u011fl\u0131yor\u201d yorumunu yapt\u0131.<\/p>\n<p>Fenerbah\u00e7e\u2019nin transferini b\u00fcy\u00fck \u00f6l\u00e7\u00fcde bitirdi\u011fi Benifca\u2019n\u0131n orta saha oyuncular\u0131ndan Fejsa\u2019y\u0131, Portekiz TVi24\u2019\u00fcn spor yorumcusu Luis Aguilar, \u0130hlas Haber Ajans\u0131\u2019na yorumlad\u0131. Portekiz\u2019de bu transferde Benfica\u2019n\u0131n iyi i\u015f ba\u015fard\u0131\u011f\u0131 gibi bir alg\u0131 olu\u015ftu\u011funu s\u00f6yleyen Aguilar, \u201cFejsa, yeni teknik direkt\u00f6r Bruna Lage\u2019nin g\u00f6reve gelmesiyle ilk 11\u2019deki yerini kaybetti. Tak\u0131m\u0131n tecr\u00fcbeli isimlerinden Samaris ve 19 ya\u015f\u0131ndaki gen\u00e7 oyuncu Florentino, Teknik Direkt\u00f6r Lage\u2019nin hep ilk d\u00fc\u015f\u00fcnd\u00fc\u011f\u00fc iki isim. Fejsa bu iki ismin hep arkas\u0131nda yer ald\u0131\u201d dedi. Oyuncunun oyun stiline de de\u011finen Aguilar, \u201cTopu geriden almada \u00e7ok iyi bir oyuncu. Defans hatt\u0131nda tak\u0131ma m\u00fckemmel bir katk\u0131 sa\u011fl\u0131yor. \u00c7ok iyi derecede tekni\u011fi olmasa da paslar\u0131 \u00e7ok etkili. Oyunu basit y\u00f6n\u00fcyle oynamay\u0131 seviyor\u201d yorumunu yapt\u0131.<\/p>\n<p>\u201c\u0130lk senesinde sakatl\u0131klarla bo\u011fu\u015ftu\u201d<\/p>\n<p>Ge\u00e7ti\u011fimiz sene \u00e7ok ciddi sakatl\u0131klar ya\u015famasa Fejsa\u2019n\u0131n sakatl\u0131k ge\u00e7mi\u015fine dikkat \u00e7eken Portekizli yorumcu. \u201cGe\u00e7en sene \u00e7ok ciddi sorunlar ya\u015famad\u0131 ama Benfica\u2019ya geldi\u011fi ilk y\u0131l\u0131nda ciddi sorunlarla bo\u011fu\u015ftu\u201d dedi. Fejsa\u2019n\u0131n 2014 y\u0131l\u0131n\u0131n Haziran ay\u0131nda \u00e7apraz ba\u011flar\u0131ndan ya\u015fad\u0131\u011f\u0131 sakatl\u0131k nedeniyle 9 ay sahalardan uzak kalm\u0131\u015ft\u0131.<\/p>\n<p>Sar\u0131-lacivertlilerin, 3 y\u0131ll\u0131k anla\u015fmaya vard\u0131\u011f\u0131 30 ya\u015f\u0131ndaki S\u0131rp orta saha oyuncusunun transferini \u00f6n\u00fcm\u00fczdeki g\u00fcnlerde resmen a\u00e7\u0131klamas\u0131 bekleniyor.<\/p>\n","protected":false},"excerpt":{"rendered":"<p>FENERBAH\u00c7E\u2019N\u0130N BENF\u0130CA\u2019DA TOP KO\u015eTURAN VE ANLA\u015eMAYA VARDI\u011eI \u0130LER\u0130 S\u00dcR\u00dcLEN LJUBOM\u0130R FEJSA \u0130\u00c7\u0130N PORTEK\u0130ZL\u0130 YORUMCU LU\u0130S AGU\u0130LAR, \u201c\u0130LK SENES\u0130NDE \u00c7OK SAKATLIKLARLA BO\u011eU\u015eTU. TAKIMDA FORMASINI KAYBETT\u0130 AMA DEFANS HATTINA ARKADA\u015eLARINA M\u00dcKEMMEL KATKI SA\u011eLIYOR\u201d YORUMUNU YAPTI.<\/p>\n","protected":false},"author":1,"featured_media":0,"comment_status":"closed","ping_status":"open","sticky":false,"template":"","format":"standard","meta":{"jetpack_post_was_ever_published":false,"_jetpack_newsletter_access":"","_jetpack_dont_email_post_to_subs":false,"_jetpack_newsletter_tier_id":0,"_jetpack_memberships_contains_paywalled_content":false,"_jetpack_memberships_contains_paid_content":false,"footnotes":"","jetpack_publicize_message":"","jetpack_publicize_feature_enabled":true,"jetpack_social_post_already_shared":true,"jetpack_social_options":{"image_generator_settings":{"template":"highway","default_image_id":0,"font":"","enabled":false},"version":2}},"categories":[657],"tags":[1073,40487,40846,1545,34354,7464],"class_list":["post-169768","post","type-post","status-publish","format-standard","hentry","category-spor","tag-ozel","tag-fejsa","tag-gazeteciden","tag-haber","tag-portekizli","tag-yorumu"],"jetpack_publicize_connections":[],"jetpack_featured_media_url":"","jetpack_sharing_enabled":true,"jetpack_shortlink":"https:\/\/wp.me\/paKIfm-Iac","_links":{"self":[{"href":"http:\/\/www.tvturk.com\/index.php\/wp-json\/wp\/v2\/posts\/169768","targetHints":{"allow":["GET"]}}],"collection":[{"href":"http:\/\/www.tvturk.com\/index.php\/wp-json\/wp\/v2\/posts"}],"about":[{"href":"http:\/\/www.tvturk.com\/index.php\/wp-json\/wp\/v2\/types\/post"}],"author":[{"embeddable":true,"href":"http:\/\/www.tvturk.com\/index.php\/wp-json\/wp\/v2\/users\/1"}],"replies":[{"embeddable":true,"href":"http:\/\/www.tvturk.com\/index.php\/wp-json\/wp\/v2\/comments?post=169768"}],"version-history":[{"count":0,"href":"http:\/\/www.tvturk.com\/index.php\/wp-json\/wp\/v2\/posts\/169768\/revisions"}],"wp:attachment":[{"href":"http:\/\/www.tvturk.com\/index.php\/wp-json\/wp\/v2\/media?parent=169768"}],"wp:term":[{"taxonomy":"category","embeddable":true,"href":"http:\/\/www.tvturk.com\/index.php\/wp-json\/wp\/v2\/categories?post=169768"},{"taxonomy":"post_tag","embeddable":true,"href":"http:\/\/www.tvturk.com\/index.php\/wp-json\/wp\/v2\/tags?post=169768"}],"curies":[{"name":"wp","href":"https:\/\/api.w.org\/{rel}","templated":true}]}}