{"id":169816,"date":"2019-06-15T12:45:58","date_gmt":"2019-06-15T09:45:58","guid":{"rendered":"http:\/\/www.tvturk.com\/index.php\/altayda-oguz-han-kaliyor\/"},"modified":"2019-06-15T12:45:58","modified_gmt":"2019-06-15T09:45:58","slug":"altayda-oguz-han-kaliyor","status":"publish","type":"post","link":"http:\/\/www.tvturk.com\/index.php\/altayda-oguz-han-kaliyor\/","title":{"rendered":"Altay\u2019da O\u011fuz Han kal\u0131yor"},"content":{"rendered":"<p>Spor Toto 1. Lig ekiplerinden Altay\u2019da O\u011fuz Han\u2019\u0131n gelece\u011fi belli oldu. Teknik Direkt\u00f6r Sait Karaf\u0131rt\u0131nalar, deneyimli oyuncunun tak\u0131mda kalmas\u0131n\u0131 istedi.<\/p>\n<p>\u00d6n\u00fcm\u00fczdeki sezon ligde iddial\u0131 ve alternatifli bir kadro kurmak i\u00e7in \u00e7al\u0131\u015fmalara ba\u015flayan, G\u00f6khan De\u011firmenci ve Bentley ile anla\u015fmaya varan Altay\u2019da i\u00e7 transfer \u00e7al\u0131\u015fmalar\u0131 da aral\u0131ks\u0131z bir \u015fekilde devam ediyor. Ge\u00e7ti\u011fimiz sezonun devre aras\u0131nda transfer edilen ve tak\u0131mdaki gelece\u011fi belirsiz olan O\u011fuz Han Aynao\u011flu ile devam karar\u0131 al\u0131nd\u0131. Sportif Direkt\u00f6r \u00d6zden T\u00f6rayd\u0131n ile bir araya gelen Teknik Direkt\u00f6r Sait Karaf\u0131rt\u0131nalar, 27 ya\u015f\u0131ndaki oyuncuyu \u00f6n\u00fcm\u00fczdeki sezon da kadrosunda g\u00f6rmek istedi\u011fini bildirdi. Bu geli\u015fme \u00fczerine O\u011fuz Han\u2019\u0131n \u00f6n\u00fcm\u00fczdeki sezon da Altay formas\u0131n\u0131 terletmesi kesinle\u015fti. Ge\u00e7en sezonun devre aras\u0131nda Adanaspor\u2019dan transfer edilen deneyimli futbolcu, 9 lig ma\u00e7\u0131nda 459 dakika siyah-beyazl\u0131 formay\u0131 terletirken gol sevinci ya\u015fayamad\u0131. O\u011fuzhan, ya\u015fad\u0131\u011f\u0131 sakatl\u0131k sebebiyle tak\u0131mdan bir s\u00fcre uzak kalm\u0131\u015ft\u0131.<\/p>\n<p>Kadir s\u00fcrprizi<\/p>\n<p>Transfer \u00e7al\u0131\u015fmalar\u0131n\u0131 s\u00fcrd\u00fcren Altay\u2019da s\u00fcrpriz bir geli\u015fme ya\u015fand\u0131. Teknik Direkt\u00f6r Sait Karaf\u0131rt\u0131nalar\u2019\u0131n, siyah-beyazl\u0131 tak\u0131m\u0131n sezon ba\u015f\u0131nda D\u00fczcespor\u2019a kiralad\u0131\u011f\u0131 sol bek Kadir Yaz\u0131c\u0131\u2019y\u0131 yeni sezonda kadroda d\u00fc\u015f\u00fcnd\u00fc\u011f\u00fc ve oyuncuyu sezon \u00f6ncesi kamp\u0131na g\u00f6t\u00fcrece\u011fi \u00f6\u011frenildi. Altay altyap\u0131s\u0131ndan yeti\u015fen 22 ya\u015f\u0131ndaki sol bek, \u0130zmir temsilcisiyle Spor Toto 2. Lig ve 3. Lig\u2019de \u015fampiyonluk sevinci ya\u015fam\u0131\u015ft\u0131.<\/p>\n","protected":false},"excerpt":{"rendered":"<p>SPOR TOTO 1. L\u0130G EK\u0130PLER\u0130NDEN ALTAY\u2019DA O\u011eUZ HAN\u2019IN GELECE\u011e\u0130 BELL\u0130 OLDU. TEKN\u0130K D\u0130REKT\u00d6R SA\u0130T KARAFIRTINALAR, DENEY\u0130ML\u0130 OYUNCUNUN TAKIMDA KALMASINI \u0130STED\u0130.<\/p>\n","protected":false},"author":1,"featured_media":0,"comment_status":"closed","ping_status":"open","sticky":false,"template":"","format":"standard","meta":{"jetpack_post_was_ever_published":false,"_jetpack_newsletter_access":"","_jetpack_dont_email_post_to_subs":false,"_jetpack_newsletter_tier_id":0,"_jetpack_memberships_contains_paywalled_content":false,"_jetpack_memberships_contains_paid_content":false,"footnotes":"","jetpack_publicize_message":"","jetpack_publicize_feature_enabled":true,"jetpack_social_post_already_shared":true,"jetpack_social_options":{"image_generator_settings":{"template":"highway","default_image_id":0,"font":"","enabled":false},"version":2}},"categories":[657],"tags":[14652,3234,4049,4353],"class_list":["post-169816","post","type-post","status-publish","format-standard","hentry","category-spor","tag-altayda","tag-han","tag-kaliyor","tag-oguz"],"jetpack_publicize_connections":[],"jetpack_featured_media_url":"","jetpack_sharing_enabled":true,"jetpack_shortlink":"https:\/\/wp.me\/paKIfm-IaY","_links":{"self":[{"href":"http:\/\/www.tvturk.com\/index.php\/wp-json\/wp\/v2\/posts\/169816","targetHints":{"allow":["GET"]}}],"collection":[{"href":"http:\/\/www.tvturk.com\/index.php\/wp-json\/wp\/v2\/posts"}],"about":[{"href":"http:\/\/www.tvturk.com\/index.php\/wp-json\/wp\/v2\/types\/post"}],"author":[{"embeddable":true,"href":"http:\/\/www.tvturk.com\/index.php\/wp-json\/wp\/v2\/users\/1"}],"replies":[{"embeddable":true,"href":"http:\/\/www.tvturk.com\/index.php\/wp-json\/wp\/v2\/comments?post=169816"}],"version-history":[{"count":0,"href":"http:\/\/www.tvturk.com\/index.php\/wp-json\/wp\/v2\/posts\/169816\/revisions"}],"wp:attachment":[{"href":"http:\/\/www.tvturk.com\/index.php\/wp-json\/wp\/v2\/media?parent=169816"}],"wp:term":[{"taxonomy":"category","embeddable":true,"href":"http:\/\/www.tvturk.com\/index.php\/wp-json\/wp\/v2\/categories?post=169816"},{"taxonomy":"post_tag","embeddable":true,"href":"http:\/\/www.tvturk.com\/index.php\/wp-json\/wp\/v2\/tags?post=169816"}],"curies":[{"name":"wp","href":"https:\/\/api.w.org\/{rel}","templated":true}]}}