{"id":169840,"date":"2019-06-15T13:10:46","date_gmt":"2019-06-15T10:10:46","guid":{"rendered":"http:\/\/www.tvturk.com\/index.php\/kalp-krizi-gecirdi-fark-etmedi-yaninda-bulunan-saglikci-hayatini-kurtardi\/"},"modified":"2019-06-15T13:10:46","modified_gmt":"2019-06-15T10:10:46","slug":"kalp-krizi-gecirdi-fark-etmedi-yaninda-bulunan-saglikci-hayatini-kurtardi","status":"publish","type":"post","link":"http:\/\/www.tvturk.com\/index.php\/kalp-krizi-gecirdi-fark-etmedi-yaninda-bulunan-saglikci-hayatini-kurtardi\/","title":{"rendered":"Kalp krizi ge\u00e7irdi fark etmedi, yan\u0131nda bulunan sa\u011fl\u0131k\u00e7\u0131 hayat\u0131n\u0131 kurtard\u0131"},"content":{"rendered":"<p>Diyarbak\u0131r\u2019da kalp krizi ge\u00e7iren 53 ya\u015f\u0131ndaki Ali Gevanc\u0131, bor\u00e7 \u00f6demek i\u00e7in yan\u0131na giden diyaliz merkezi sahibi Servet Aky\u0131l isimli sa\u011fl\u0131k\u00e7\u0131n\u0131n kendisini \u2018Kriz ge\u00e7iriyorsun, hastaneye git\u2019 diye uyarmas\u0131yla hayata tutundu.<\/p>\n<p>Dicle Elektrik Perakende A.\u015e. (DEPSA\u015e) \u0130l M\u00fcd\u00fcr\u00fc Ali Gevanc\u0131, kalp krizi ge\u00e7irdi\u011fi s\u0131rada bunu fark etmedi. O s\u0131rada bor\u00e7 \u00f6deme i\u015flemi i\u00e7in yan\u0131nda olan bir diyaliz merkezi sahibi Servet Aky\u0131l isimli vatanda\u015f\u0131n bunu fark etmesiyle, kendisine \u2018Kriz ge\u00e7iriyorsun, hastaneye git\u2019 uyar\u0131s\u0131yla son anda yap\u0131lan m\u00fcdahale ile hayata tutundu.<\/p>\n<p>\u201cKalp krizlerinde ilk iki saat i\u00e7erisinde kalp damarlar\u0131n\u0131n a\u00e7\u0131lmas\u0131 gerekiyor\u201d<\/p>\n<p>Tedavi alt\u0131na al\u0131nan Ali Gevanc\u0131\u2019n\u0131n sa\u011fl\u0131k durumuyla ilgili a\u00e7\u0131klama yapan Memorial Diyarbak\u0131r Hastanesi\u2019nde kardiyoloji b\u00f6l\u00fcm\u00fcnde g\u00f6revli Do\u00e7. Dr. Serkan Akda\u011f, hastan\u0131n d\u00fcn ak\u015fam saat 18.00 sular\u0131nda g\u00f6\u011f\u00fcs a\u011fr\u0131s\u0131 geli\u015fmesi \u00fczerine acil servise ba\u015fvurdu\u011funu, kendilerinin saat 18.40 gibi anjiyoya ald\u0131klar\u0131n\u0131 s\u00f6yledi. Hastay\u0131 akut kalp krizi \u015f\u00fcphesiyle anjiyoya ald\u0131klar\u0131n\u0131, ana damar\u0131n y\u00fczde 99\u2019u takal\u0131 oldu\u011funu belirten Do\u00e7. Dr. Akda\u011f, \u201cDamara m\u00fcdahale ettik, damar\u0131 stent y\u00f6ntemiyle a\u00e7t\u0131k yakla\u015f\u0131k 15 dakika s\u00fcren bir i\u015flemle. Hastam\u0131z toparlad\u0131 bug\u00fcn itibariyle krizi atlatt\u0131 birazdan taburcu edece\u011fiz. Hastam\u0131z\u0131n sevindirici taraf\u0131 \u015fu kalp hi\u00e7 etkilenmedi bu hadiseden. Bunun da en b\u00fcy\u00fck nedeni h\u0131zl\u0131 gelmi\u015f olmas\u0131, zaman kayb\u0131 olu\u015fturmam\u0131\u015f olmas\u0131. Bu bizim i\u00e7in \u00e7ok k\u0131ymetli. Kalp krizlerinde ilk iki saat i\u00e7erisinde kalp damarlar\u0131n\u0131n a\u00e7\u0131lmas\u0131 gerekiyor. Her ge\u00e7en dakikan\u0131n, saniyenin \u00f6nemi var bizim i\u00e7in. Hastam\u0131z\u0131n zaman\u0131nda gelmesi, zaman\u0131nda m\u00fcdahale edilmesi \u00e7ok manidard\u0131 bizim i\u00e7in ve \u00f6l\u00fcm dahi her t\u00fcrl\u00fc riskleri minimanize ediyor h\u0131zl\u0131 davranma olay\u0131\u201d dedi.<\/p>\n<p>\u201cKalp krizinin ya\u015f\u0131 d\u00fc\u015ft\u00fc, 30\u2019lu, 20\u2019li ya\u015flarda hastalar\u0131m\u0131z var\u201d<\/p>\n<p>G\u00f6\u011f\u00fcs a\u011fr\u0131s\u0131 olursa, \u015fiddetli g\u00f6\u011f\u00fcs a\u011fr\u0131s\u0131 olursa \u00f6zellikle g\u00f6\u011f\u00fcs \u00f6n b\u00f6lgesinde g\u00f6bek \u00e7izgisiyle alt \u00e7ene aras\u0131nda en k\u0131sa zamanda acil bir merkeze ba\u015fvurulmas\u0131 gerekti\u011fini a\u00e7\u0131klayan Do\u00e7. Dr. Akda\u011f, \u201cBunu \u00f6nemseyin, hele ki yo\u011fun i\u015f stresi ortam\u0131nda \u00e7al\u0131\u015fan hastalar\u0131m\u0131z, insanlar\u0131m\u0131z bunu \u00e7ok \u00f6nemsemeleri gerekir. Kalp krizinin ya\u015f\u0131 d\u00fc\u015ft\u00fc, ya\u015fa aldanmay\u0131n 30\u2019lu, 20\u2019li ya\u015flarda hastalar\u0131m\u0131z var art\u0131k maalesef. Bir di\u011fer fakt\u00f6rde sigara fakt\u00f6r\u00fc. Hastam\u0131z\u0131n kolesterol trisigitelleri normal, sigara fakt\u00f6r\u00fc var sadece. Tansiyon \u015fekerde yok hastam\u0131zda. Hastam\u0131z\u0131n bu tablodan dolay\u0131, bu tablonun olu\u015fmas\u0131ndaki en b\u00fcy\u00fck etken sigara, sigara fakt\u00f6r\u00fc. Bir kez daha buradan mesaj vermek istiyoruz. L\u00fctfen sigaray\u0131 b\u0131rak\u0131n, sigaray\u0131 b\u0131rak\u0131n ya\u015fama tutunun diyoruz t\u00fcm halk\u0131m\u0131za, t\u00fcm insanlar\u0131m\u0131za. Hastam\u0131zda bug\u00fcn itibariyle sigaray\u0131 b\u0131rakaca\u011f\u0131na s\u00f6z verdi bize. \u0130n\u015fallah bir daha i\u00e7meyecek. Tek nedeni de\u011fil ama en b\u00fcy\u00fck nede sigarayd\u0131 bu hadise ya\u015fanmas\u0131nda. Tabi buna i\u015f fakt\u00f6r\u00fc i\u015f stresi de \u00e7ok \u00e7ok \u00f6nemli. Diyarbak\u0131r\u2019day\u0131z \u00e7ok s\u0131cak g\u00fcnler ge\u00e7iriyoruz dikkat edece\u011fiz. \u00d6zellikle 11- 16 aras\u0131 \u00e7ok fazla d\u0131\u015far\u0131da gezmemeye \u00e7al\u0131\u015faca\u011f\u0131z\u201d diye konu\u015ftu.<\/p>\n<p>Kalp krizi ge\u00e7iren Ali Gevanc\u0131 ise d\u00fcn ak\u015fam saatlerinde g\u00f6\u011f\u00fcs b\u00f6lgesinde \u015fiddetli bir a\u011fr\u0131yla kar\u015f\u0131la\u015ft\u0131\u011f\u0131n\u0131 ama \u00e7ok da dikkate almad\u0131\u011f\u0131n\u0131 ifade etti. Dikkate almamas\u0131n\u0131n sebebi de klimadan veyahut da farkl\u0131 bir sebepten dolay\u0131 bir a\u011fr\u0131 diye d\u00fc\u015f\u00fcnd\u00fc\u011f\u00fcn\u00fc dile getiren Gevanc\u0131, s\u00f6zlerini \u015f\u00f6yle s\u00fcrd\u00fcrd\u00fc:<\/p>\n<p>\u201c\u00c7ok da dikkate almaman\u0131n sebebi ihmal asl\u0131nda, birazda ihmal oldu\u011funu \u015fuanda anlayabiliyorum. \u0130\u015f yerinde bir m\u00fc\u015fterimizin \u00e7ok dikkatli her halde beni s\u00fczmesinden kaynakl\u0131. \u00d6zellikle telkinleri do\u011frultusunda ben i\u015fin ciddiyetini anlam\u0131\u015f oldum. M\u00fc\u015fterimizin telkiniyle ben zaman\u0131nda doktora ba\u015fvurdum. Ama \u00e7ok seri bir \u015fekilde hastaneye intikalden sonra kriz ge\u00e7irmi\u015f oldu\u011fumuzu anlad\u0131k. Sa\u011f olsun hastanemiz ve doktorlar\u0131m\u0131z\u0131n \u00e7ok h\u0131zl\u0131 m\u00fcdahalesinden sonra \u015f\u00fck\u00fcrler olsun sa\u011fl\u0131k durumum \u00e7ok \u00e7ok iyi. Di\u011fer de\u011ferlerimin \u00e7ok d\u00fczg\u00fcn olmas\u0131na ra\u011fmen kalp krizi ge\u00e7irme riskimin sigaraya ba\u011fl\u0131 oldu\u011funu doktorumdan \u00f6\u011frendikten sonra kesinlikle sigaray\u0131 i\u00e7meyece\u011fime, b\u00fct\u00fcn hastalara sigaran\u0131n ne kadar zararl\u0131 oldu\u011funu en iyi \u00f6rne\u011fi oldu\u011fumu buradan herkese hat\u0131rlatmak istiyorum.\u201d<\/p>\n","protected":false},"excerpt":{"rendered":"<p>D\u0130YARBAKIR\u2019DA KALP KR\u0130Z\u0130 GE\u00c7\u0130REN 53 YA\u015eINDAK\u0130 AL\u0130 GEVANCI, BOR\u00c7 \u00d6DEMEK \u0130\u00c7\u0130N YANINA G\u0130DEN D\u0130YAL\u0130Z MERKEZ\u0130 SAH\u0130B\u0130 SERVET AKYIL \u0130S\u0130ML\u0130 SA\u011eLIK\u00c7ININ KEND\u0130S\u0130N\u0130 \u2018KR\u0130Z GE\u00c7\u0130R\u0130YORSUN, HASTANEYE G\u0130T\u2019 D\u0130YE UYARMASIYLA HAYATA TUTUNDU.<\/p>\n","protected":false},"author":1,"featured_media":0,"comment_status":"closed","ping_status":"open","sticky":false,"template":"","format":"standard","meta":{"jetpack_post_was_ever_published":false,"_jetpack_newsletter_access":"","_jetpack_dont_email_post_to_subs":false,"_jetpack_newsletter_tier_id":0,"_jetpack_memberships_contains_paywalled_content":false,"_jetpack_memberships_contains_paid_content":false,"footnotes":"","jetpack_publicize_message":"","jetpack_publicize_feature_enabled":true,"jetpack_social_post_already_shared":true,"jetpack_social_options":{"image_generator_settings":{"template":"highway","default_image_id":0,"font":"","enabled":false},"version":2}},"categories":[1],"tags":[1834,28325,12723,1062,848,2120,2121,477,7991,3264],"class_list":["post-169840","post","type-post","status-publish","format-standard","hentry","category-genel","tag-bulunan","tag-etmedi","tag-fark","tag-gecirdi","tag-hayatini","tag-kalp","tag-krizi","tag-kurtardi","tag-saglikci","tag-yaninda"],"jetpack_publicize_connections":[],"jetpack_featured_media_url":"","jetpack_sharing_enabled":true,"jetpack_shortlink":"https:\/\/wp.me\/paKIfm-Ibm","_links":{"self":[{"href":"http:\/\/www.tvturk.com\/index.php\/wp-json\/wp\/v2\/posts\/169840","targetHints":{"allow":["GET"]}}],"collection":[{"href":"http:\/\/www.tvturk.com\/index.php\/wp-json\/wp\/v2\/posts"}],"about":[{"href":"http:\/\/www.tvturk.com\/index.php\/wp-json\/wp\/v2\/types\/post"}],"author":[{"embeddable":true,"href":"http:\/\/www.tvturk.com\/index.php\/wp-json\/wp\/v2\/users\/1"}],"replies":[{"embeddable":true,"href":"http:\/\/www.tvturk.com\/index.php\/wp-json\/wp\/v2\/comments?post=169840"}],"version-history":[{"count":0,"href":"http:\/\/www.tvturk.com\/index.php\/wp-json\/wp\/v2\/posts\/169840\/revisions"}],"wp:attachment":[{"href":"http:\/\/www.tvturk.com\/index.php\/wp-json\/wp\/v2\/media?parent=169840"}],"wp:term":[{"taxonomy":"category","embeddable":true,"href":"http:\/\/www.tvturk.com\/index.php\/wp-json\/wp\/v2\/categories?post=169840"},{"taxonomy":"post_tag","embeddable":true,"href":"http:\/\/www.tvturk.com\/index.php\/wp-json\/wp\/v2\/tags?post=169840"}],"curies":[{"name":"wp","href":"https:\/\/api.w.org\/{rel}","templated":true}]}}