{"id":169844,"date":"2019-06-15T13:12:20","date_gmt":"2019-06-15T10:12:20","guid":{"rendered":"http:\/\/www.tvturk.com\/index.php\/kibris-gazilerine-45-yil-sonra-madalya-verildi\/"},"modified":"2019-06-15T13:12:20","modified_gmt":"2019-06-15T10:12:20","slug":"kibris-gazilerine-45-yil-sonra-madalya-verildi","status":"publish","type":"post","link":"http:\/\/www.tvturk.com\/index.php\/kibris-gazilerine-45-yil-sonra-madalya-verildi\/","title":{"rendered":"K\u0131br\u0131s Gazilerine 45 y\u0131l sonra madalya verildi"},"content":{"rendered":"<p>Burhaniye il\u00e7esinde, K\u0131br\u0131s Bar\u0131\u015f Harekat\u0131n\u0131n 45. y\u0131l\u0131nda 10 K\u0131br\u0131s gazisine madalya verildi.<\/p>\n<p>Kuzey K\u0131br\u0131s T\u00fcrk Cumhuriyeti, harekat\u0131n 45\u2019nc\u0131 y\u0131l\u0131nda K\u0131br\u0131s Gazileri i\u00e7in madalya g\u00f6nderdi. Burhaniye\u2019deki 10 gazinin madalyas\u0131 da Kaymakaml\u0131k Toplant\u0131 Salonunda t\u00f6renle verildi. T\u00f6rende birer konu\u015fma yapan Vali Vekili \u015e\u00fckr\u00fc Kara ve Burhaniye Kaymakam\u0131 H\u00fcseyin \u00d6ner, yurt savunmas\u0131 ve gazilik \u00fczerinde dururken, K\u0131br\u0131s gazilerini kutlad\u0131.<\/p>\n<p>Madalya alan gaziler de b\u00fcy\u00fck mutluluk ya\u015fad\u0131. Madalyas\u0131n\u0131 alan 74 ya\u015f\u0131ndaki Abdullah U\u011fur, \u201c\u00dclkemizin bekas\u0131 ve Yavru vatan\u0131n bekas\u0131 i\u00e7in her zaman \u00fczerimize d\u00fc\u015feni yapmaya haz\u0131r\u0131z. Her zaman da haz\u0131r olaca\u011f\u0131z. Bundan sonraki neslinde gene buna haz\u0131r olaca\u011f\u0131n\u0131 d\u00fc\u015f\u00fcn\u00fcyorum. T\u00fcrkiye Cumhuriyeti ve K\u0131br\u0131s T\u00fcrk Cumhuriyetinin il ele bet payidar kalaca\u011f\u0131n\u0131 s\u00f6ylemek isterim\u201d dedi. 85 ya\u015f\u0131ndaki Emekli Astsubay Do\u011fan Eser de,\u201d Bu g\u00fcn madalyalar\u0131m\u0131z\u0131 ald\u0131k. Biz oraya madalya i\u00e7in gitmedik. K\u0131br\u0131s\u2019\u0131 kazanmak bizim i\u00e7in onur meselesiydi. Devlet b\u00fcy\u00fcklerimizden K\u0131br\u0131s\u2019\u0131 tan\u0131tmak i\u00e7in \u00e7ok daha fazla gayret bekliyoruz\u201d dedi.<\/p>\n<p>Gazilere madalyalar\u0131n\u0131 takdim eden Bal\u0131kesir Vali Vekili \u015e\u00fckr\u00fc Kara da, \u201dK\u0131br\u0131s Bar\u0131\u015f Harekat\u0131 gazilerimizin madalyalar\u0131n\u0131 gecikmeli de olsa vermenin k\u0131vanc\u0131n\u0131 ya\u015f\u0131yoruz. Bu vesileyle, Burhaniye il\u00e7emizde bize g\u00f6sterilen ilgi ve gazilerimizin buradaki madalyalar\u0131n\u0131 takdim etmek bizim i\u00e7in bir onur. \u015eeref meselesi oldu. Onur duyduk. Kendilerine sa\u011fl\u0131kl\u0131 ve uzun bir \u00f6m\u00fcr diliyoruz. Bu vatan i\u00e7in verdikleri m\u00fccadele i\u00e7in de kendilerine \u015f\u00fckranlar\u0131m\u0131z\u0131 sunuyoruz. Aileleriyle bundan sonraki hayatlar\u0131nda sa\u011fl\u0131kl\u0131 \u00f6m\u00fcrler diliyoruz\u201d dedi.<\/p>\n","protected":false},"excerpt":{"rendered":"<p>MADALYA T\u00d6REN\u0130<\/p>\n","protected":false},"author":1,"featured_media":0,"comment_status":"closed","ping_status":"open","sticky":false,"template":"","format":"standard","meta":{"jetpack_post_was_ever_published":false,"_jetpack_newsletter_access":"","_jetpack_dont_email_post_to_subs":false,"_jetpack_newsletter_tier_id":0,"_jetpack_memberships_contains_paywalled_content":false,"_jetpack_memberships_contains_paid_content":false,"footnotes":"","jetpack_publicize_message":"","jetpack_publicize_feature_enabled":true,"jetpack_social_post_already_shared":true,"jetpack_social_options":{"image_generator_settings":{"template":"highway","default_image_id":0,"font":"","enabled":false},"version":2}},"categories":[1],"tags":[33891,7566,3800,2022,634,231],"class_list":["post-169844","post","type-post","status-publish","format-standard","hentry","category-genel","tag-gazilerine","tag-kibris","tag-madalya","tag-sonra","tag-verildi","tag-yil"],"jetpack_publicize_connections":[],"jetpack_featured_media_url":"","jetpack_sharing_enabled":true,"jetpack_shortlink":"https:\/\/wp.me\/paKIfm-Ibq","_links":{"self":[{"href":"http:\/\/www.tvturk.com\/index.php\/wp-json\/wp\/v2\/posts\/169844","targetHints":{"allow":["GET"]}}],"collection":[{"href":"http:\/\/www.tvturk.com\/index.php\/wp-json\/wp\/v2\/posts"}],"about":[{"href":"http:\/\/www.tvturk.com\/index.php\/wp-json\/wp\/v2\/types\/post"}],"author":[{"embeddable":true,"href":"http:\/\/www.tvturk.com\/index.php\/wp-json\/wp\/v2\/users\/1"}],"replies":[{"embeddable":true,"href":"http:\/\/www.tvturk.com\/index.php\/wp-json\/wp\/v2\/comments?post=169844"}],"version-history":[{"count":0,"href":"http:\/\/www.tvturk.com\/index.php\/wp-json\/wp\/v2\/posts\/169844\/revisions"}],"wp:attachment":[{"href":"http:\/\/www.tvturk.com\/index.php\/wp-json\/wp\/v2\/media?parent=169844"}],"wp:term":[{"taxonomy":"category","embeddable":true,"href":"http:\/\/www.tvturk.com\/index.php\/wp-json\/wp\/v2\/categories?post=169844"},{"taxonomy":"post_tag","embeddable":true,"href":"http:\/\/www.tvturk.com\/index.php\/wp-json\/wp\/v2\/tags?post=169844"}],"curies":[{"name":"wp","href":"https:\/\/api.w.org\/{rel}","templated":true}]}}