{"id":169876,"date":"2019-06-15T14:20:19","date_gmt":"2019-06-15T11:20:19","guid":{"rendered":"http:\/\/www.tvturk.com\/index.php\/kadinlar-tam-altin-icin-yaristi\/"},"modified":"2019-06-15T14:20:19","modified_gmt":"2019-06-15T11:20:19","slug":"kadinlar-tam-altin-icin-yaristi","status":"publish","type":"post","link":"http:\/\/www.tvturk.com\/index.php\/kadinlar-tam-altin-icin-yaristi\/","title":{"rendered":"Kad\u0131nlar tam alt\u0131n i\u00e7in yar\u0131\u015ft\u0131"},"content":{"rendered":"<p>Antalya\u2019n\u0131n Ka\u015f il\u00e7esinde bu y\u0131l 22\u2019ncisi d\u00fczenlenen Uluslararas\u0131 Likya Ka\u015f K\u00fclt\u00fcr ve Sanat Festivali kapsam\u0131nda Yemek Yar\u0131\u015fmas\u0131 ger\u00e7ekle\u015ftirildi.<\/p>\n<p>Festival kapsam\u0131nda bu y\u0131l 5\u2019incisi d\u00fczenlenen yemek yar\u0131\u015fmas\u0131, zeytinya\u011fl\u0131 yemek ve s\u0131cak yemek kategorisinde yap\u0131ld\u0131. 17 ki\u015finin kat\u0131ld\u0131\u011f\u0131 yar\u0131\u015fmada j\u00fcrinin yapt\u0131\u011f\u0131 de\u011ferlendirme sonucuna g\u00f6re, zeytinya\u011fl\u0131 yemekte \u015e\u00fckran Mavi\u015f, s\u0131cak yemekte Zehra G\u00fcm\u00fc\u015f birinci oldu. Yar\u0131\u015fman\u0131n ard\u0131ndan haz\u0131rlanan yemekler izleyenlere ikram edildi.<\/p>\n<p>Yar\u0131\u015fma sonunda birinciler tam alt\u0131n, ikinciler yar\u0131m alt\u0131n ve \u00fc\u00e7\u00fcnc\u00fcler ise \u00e7eyrek alt\u0131n ile \u00f6d\u00fcllendirildi. Belediye Ba\u015fkan\u0131 Mutlu Uluta\u015f yapt\u0131\u011f\u0131 a\u00e7\u0131klamada, Uluslararas\u0131 Likya Ka\u015f K\u00fclt\u00fcr ve Sanat Festivali kapsam\u0131nda yap\u0131lan etkinlikle geleneksel T\u00fcrk ve Ka\u015f mutfa\u011f\u0131n\u0131 yans\u0131tan yemeklerin sergilendi\u011fini s\u00f6yledi.<\/p>\n<p>T\u00fcrk ve Ka\u015f mutfa\u011f\u0131n\u0131n gelecek ku\u015faklara aktarabilmek ad\u0131na burada sergilenmesinin \u00f6nemini belirten ba\u015fkan Uluta\u015f, &#8220;Bu lezzetlerin gelecek y\u0131llarda da gelecek nesillerde de ayn\u0131 tatlar\u0131n al\u0131nabilmesi ad\u0131na, bu t\u00fcr yar\u0131\u015fmalar\u0131n artarak devam etmesi laz\u0131m. T\u00fcrk mutfa\u011f\u0131 ger\u00e7ekten \u00e7ok g\u00fczel bir mutfak. D\u00fcnyan\u0131n neresine giderseniz gidin bu lezzetleri ar\u0131yoruz.&#8221; dedi.<\/p>\n<p>Zeytinya\u011fl\u0131 yemekte birinci olan \u015e\u00fckran Mavi\u015f, bu g\u00fczel tatlar\u0131 gelecek ku\u015faklara aktarmak amac\u0131yla yar\u0131\u015fmaya kat\u0131ld\u0131\u011f\u0131n\u0131 belirtti.<\/p>\n","protected":false},"excerpt":{"rendered":"<p>ANTALYA\u2019NIN KA\u015e \u0130L\u00c7ES\u0130NDE BU YIL 22&#8217;NC\u0130S\u0130 D\u00dcZENLENEN ULUSLARARASI L\u0130KYA KA\u015e K\u00dcLT\u00dcR VE SANAT FEST\u0130VAL\u0130 KAPSAMINDA YEMEK YARI\u015eMASI GER\u00c7EKLE\u015eT\u0130R\u0130LD\u0130.<\/p>\n","protected":false},"author":1,"featured_media":0,"comment_status":"closed","ping_status":"open","sticky":false,"template":"","format":"standard","meta":{"jetpack_post_was_ever_published":false,"_jetpack_newsletter_access":"","_jetpack_dont_email_post_to_subs":false,"_jetpack_newsletter_tier_id":0,"_jetpack_memberships_contains_paywalled_content":false,"_jetpack_memberships_contains_paid_content":false,"footnotes":"","jetpack_publicize_message":"","jetpack_publicize_feature_enabled":true,"jetpack_social_post_already_shared":true,"jetpack_social_options":{"image_generator_settings":{"template":"highway","default_image_id":0,"font":"","enabled":false},"version":2}},"categories":[1],"tags":[596,44,3104,629,7830],"class_list":["post-169876","post","type-post","status-publish","format-standard","hentry","category-genel","tag-altin","tag-icin","tag-kadinlar","tag-tam","tag-yaristi"],"jetpack_publicize_connections":[],"jetpack_featured_media_url":"","jetpack_sharing_enabled":true,"jetpack_shortlink":"https:\/\/wp.me\/paKIfm-IbW","_links":{"self":[{"href":"http:\/\/www.tvturk.com\/index.php\/wp-json\/wp\/v2\/posts\/169876","targetHints":{"allow":["GET"]}}],"collection":[{"href":"http:\/\/www.tvturk.com\/index.php\/wp-json\/wp\/v2\/posts"}],"about":[{"href":"http:\/\/www.tvturk.com\/index.php\/wp-json\/wp\/v2\/types\/post"}],"author":[{"embeddable":true,"href":"http:\/\/www.tvturk.com\/index.php\/wp-json\/wp\/v2\/users\/1"}],"replies":[{"embeddable":true,"href":"http:\/\/www.tvturk.com\/index.php\/wp-json\/wp\/v2\/comments?post=169876"}],"version-history":[{"count":0,"href":"http:\/\/www.tvturk.com\/index.php\/wp-json\/wp\/v2\/posts\/169876\/revisions"}],"wp:attachment":[{"href":"http:\/\/www.tvturk.com\/index.php\/wp-json\/wp\/v2\/media?parent=169876"}],"wp:term":[{"taxonomy":"category","embeddable":true,"href":"http:\/\/www.tvturk.com\/index.php\/wp-json\/wp\/v2\/categories?post=169876"},{"taxonomy":"post_tag","embeddable":true,"href":"http:\/\/www.tvturk.com\/index.php\/wp-json\/wp\/v2\/tags?post=169876"}],"curies":[{"name":"wp","href":"https:\/\/api.w.org\/{rel}","templated":true}]}}