{"id":169886,"date":"2019-06-15T14:33:00","date_gmt":"2019-06-15T11:33:00","guid":{"rendered":"http:\/\/www.tvturk.com\/index.php\/makarali-yay-erkek-takimi-dunya-ikincisi-oldu\/"},"modified":"2019-06-15T14:33:00","modified_gmt":"2019-06-15T11:33:00","slug":"makarali-yay-erkek-takimi-dunya-ikincisi-oldu","status":"publish","type":"post","link":"http:\/\/www.tvturk.com\/index.php\/makarali-yay-erkek-takimi-dunya-ikincisi-oldu\/","title":{"rendered":"Makaral\u0131 Yay Erkek Tak\u0131m\u0131, d\u00fcnya ikincisi oldu"},"content":{"rendered":"<p>Hollanda\u2019da d\u00fczenlenen 2019 Ok\u00e7uluk A\u00e7\u0131k Hava D\u00fcnya \u015eampiyonas\u0131\u2019nda Makaral\u0131 Yay Erkek Tak\u0131m\u0131, G\u00fcney Kore\u2019ye 235-233 yenilerek ikinci oldu.<\/p>\n<p>Hollanda\u2019n\u0131n s\u2019Hertogenbosch \u015fehrinde devam eden 2019 Ok\u00e7uluk A\u00e7\u0131k Hava D\u00fcnya \u015eampiyonas\u0131\u2019nda Evren \u00c7a\u011f\u0131ran, Muhammed Yetim ve S\u00fcleyman Araz\u2019dan olu\u015fan Makaral\u0131 Yay Erkek Tak\u0131m\u0131, finalde G\u00fcney Kore ile kar\u015f\u0131la\u015ft\u0131. Milliler. rakibine 235-233 ma\u011flup oldu ve turnuvay\u0131 ikinci olarak tamamlad\u0131. T\u00fcrkiye Ok\u00e7uluk Federasyonu\u2019nun yap\u0131lan a\u00e7\u0131klamada, g\u00fcm\u00fc\u015f madalya kazanan sporcu ve antren\u00f6rler tebrik edildi.<\/p>\n","protected":false},"excerpt":{"rendered":"<p>HOLLANDA&#8217;DA D\u00dcZENLENEN 2019 OK\u00c7ULUK A\u00c7IK HAVA D\u00dcNYA \u015eAMP\u0130YONASI&#8217;NDA MAKARALI YAY ERKEK TAKIMI, G\u00dcNEY KORE&#8217;YE 235-233 YEN\u0130LEREK \u0130K\u0130NC\u0130 OLDU.<\/p>\n","protected":false},"author":1,"featured_media":0,"comment_status":"closed","ping_status":"open","sticky":false,"template":"","format":"standard","meta":{"jetpack_post_was_ever_published":false,"_jetpack_newsletter_access":"","_jetpack_dont_email_post_to_subs":false,"_jetpack_newsletter_tier_id":0,"_jetpack_memberships_contains_paywalled_content":false,"_jetpack_memberships_contains_paid_content":false,"footnotes":"","jetpack_publicize_message":"","jetpack_publicize_feature_enabled":true,"jetpack_social_post_already_shared":true,"jetpack_social_options":{"image_generator_settings":{"template":"highway","default_image_id":0,"font":"","enabled":false},"version":2}},"categories":[657],"tags":[349,1320,454,40878,77,1462,35997],"class_list":["post-169886","post","type-post","status-publish","format-standard","hentry","category-spor","tag-dunya","tag-erkek","tag-ikincisi","tag-makarali","tag-oldu","tag-takimi","tag-yay"],"jetpack_publicize_connections":[],"jetpack_featured_media_url":"","jetpack_sharing_enabled":true,"jetpack_shortlink":"https:\/\/wp.me\/paKIfm-Ic6","_links":{"self":[{"href":"http:\/\/www.tvturk.com\/index.php\/wp-json\/wp\/v2\/posts\/169886","targetHints":{"allow":["GET"]}}],"collection":[{"href":"http:\/\/www.tvturk.com\/index.php\/wp-json\/wp\/v2\/posts"}],"about":[{"href":"http:\/\/www.tvturk.com\/index.php\/wp-json\/wp\/v2\/types\/post"}],"author":[{"embeddable":true,"href":"http:\/\/www.tvturk.com\/index.php\/wp-json\/wp\/v2\/users\/1"}],"replies":[{"embeddable":true,"href":"http:\/\/www.tvturk.com\/index.php\/wp-json\/wp\/v2\/comments?post=169886"}],"version-history":[{"count":0,"href":"http:\/\/www.tvturk.com\/index.php\/wp-json\/wp\/v2\/posts\/169886\/revisions"}],"wp:attachment":[{"href":"http:\/\/www.tvturk.com\/index.php\/wp-json\/wp\/v2\/media?parent=169886"}],"wp:term":[{"taxonomy":"category","embeddable":true,"href":"http:\/\/www.tvturk.com\/index.php\/wp-json\/wp\/v2\/categories?post=169886"},{"taxonomy":"post_tag","embeddable":true,"href":"http:\/\/www.tvturk.com\/index.php\/wp-json\/wp\/v2\/tags?post=169886"}],"curies":[{"name":"wp","href":"https:\/\/api.w.org\/{rel}","templated":true}]}}