{"id":169908,"date":"2019-06-15T15:10:24","date_gmt":"2019-06-15T12:10:24","guid":{"rendered":"http:\/\/www.tvturk.com\/index.php\/cumhurbaskani-basdanismani-yalcin-topcu-millet-ne-derse-o-olacak\/"},"modified":"2019-06-15T15:10:24","modified_gmt":"2019-06-15T12:10:24","slug":"cumhurbaskani-basdanismani-yalcin-topcu-millet-ne-derse-o-olacak","status":"publish","type":"post","link":"http:\/\/www.tvturk.com\/index.php\/cumhurbaskani-basdanismani-yalcin-topcu-millet-ne-derse-o-olacak\/","title":{"rendered":"Cumhurba\u015fkan\u0131 Ba\u015fdan\u0131\u015fman\u0131 Yal\u00e7\u0131n Top\u00e7u: \u201cMillet ne derse o olacak\u201d"},"content":{"rendered":"<p>Cumhurba\u015fkan\u0131 Ba\u015fdan\u0131\u015fman\u0131 ve Stratejik D\u00fc\u015f\u00fcnce Enstit\u00fcs\u00fc (SDE) Y\u00fcksek \u0130sti\u015fare ve Dan\u0131\u015fma Kurulu \u00fcyesi Yal\u00e7\u0131n Top\u00e7u, \u201c\u015eaibesiz bir se\u00e7im sonucu, halk\u0131n sand\u0131kta verece\u011fi karar ne olursa olsun herkesin ba\u015f\u0131n\u0131n \u00fcst\u00fcnde olacakt\u0131r. Millet ne derse o olacak\u201d dedi.<\/p>\n<p>Cumhurba\u015fkan\u0131 Ba\u015fdan\u0131\u015fman\u0131 ve Stratejik D\u00fc\u015f\u00fcnce Enstit\u00fcs\u00fc (SDE) Y\u00fcksek \u0130sti\u015fare ve Dan\u0131\u015fma Kurulu \u00fcyesi Yal\u00e7\u0131n Top\u00e7u Ankara\u2019n\u0131n Bala il\u00e7esi Karahamzal\u0131 k\u00f6y\u00fcnde SDE\u2019nin geleneksel hale getirdi\u011fi \u201cCumartesi kahvalt\u0131s\u0131\u201d toplant\u0131s\u0131na kat\u0131ld\u0131.<\/p>\n<p>Toplant\u0131 \u00e7\u0131k\u0131\u015f\u0131 bas\u0131n mensuplar\u0131n\u0131n \u0130stanbul se\u00e7imleri ile ilgili sorular\u0131n\u0131 yan\u0131tlayan Top\u00e7u \u201cHer se\u00e7im d\u00f6neminde oldu\u011fu gibi bu se\u00e7imde de, T\u00fcrkiye\u2019nin d\u00fc\u015fman\u0131 olan ter\u00f6r \u00f6rg\u00fctlerinin y\u00f6neticileri, silahl\u0131lar\u0131, kalemlileri ve bunlara ilaveten g\u00fcya kom\u015fumuz, g\u00fcya dost ve m\u00fcttefikimiz olan \u00fclkelerin medyalar\u0131, gazetecileri, yazarlar\u0131, siyaset\u00e7ileri ana muhalefet partisinin, \u2018bu iktidar gitsin, bu Erdo\u011fan gitsin de ne olursa olsun\u2019 anlay\u0131\u015f\u0131ndan da istifade ederek siyasi istikrars\u0131zl\u0131k i\u00e7in bir f\u0131rsat olarak g\u00f6rmekteler\u201d de\u011ferlendirmesinde bulundu.<\/p>\n<p>S\u00f6zlerine \u201c\u00d6ncelikle bug\u00fcn karde\u015f Azerbaycan\u2019\u0131n Milli Kurtulu\u015f G\u00fcn\u00fc. Bu vesilesiyle, \u2018bir millet ikiz karde\u015f\u2019 oldu\u011fumuz Azerbaycan halk\u0131n\u0131 y\u00fcrekten kutluyorum. Azerbaycan Cumhuriyeti\u2019nin b\u00fcy\u00fck \u00f6nderi Haydar Aliyev\u2019i de rahmetle ve sayg\u0131yla an\u0131yorum\u201d diye ba\u015flayan Top\u00e7u \u015funlar\u0131 ekledi:<\/p>\n<p>\u201cSe\u00e7im i\u00e7in, yabanc\u0131 ba\u015fkentlerin, ter\u00f6r \u00f6rg\u00fct\u00fc yanda\u015flar\u0131n\u0131n siyasi e\u015fba\u015fkanlar\u0131n\u0131n g\u00f6sterdi\u011fi gayrete ve ilgiye bakt\u0131\u011f\u0131m\u0131zda bu se\u00e7imin, sadece belediye ba\u015fkan\u0131 se\u00e7imi olman\u0131n \u00e7ok \u00f6tesinde anlam ve \u00f6nem ta\u015f\u0131d\u0131\u011f\u0131n\u0131 anl\u0131yoruz. Vatanda\u015flar\u0131m\u0131z her se\u00e7imde yapt\u0131\u011f\u0131n\u0131 yap\u0131p, \u00fclkenin siyasi istikrar\u0131, istiklali ve istikbali i\u00e7in 23 Haziran\u2019da sand\u0131\u011fa giderek, ya Cumhur \u0130ttifak\u0131\u2019n\u0131n aday\u0131na oy verip birli\u011fe, dirli\u011fe, huzura, devam diyecek; ya da malum \u00e7evrelerin ve e\u015fba\u015fkanlar\u0131n dedi\u011fini yap\u0131p s\u00f6zde \u2018demokrasi g\u00fc\u00e7leri\u2019 aday\u0131na oy verip, 25 sene \u00f6nceki \u00e7\u00f6p da\u011flar\u0131na, \u00e7amura, su kesintilerine; kokusu \u0130SK\u0130\u2019den, ihaneti \u0130SPARK\u2019tan \u00e7\u0131kmas\u0131 beklenen i\u015flere, birli\u011fimizi, dirli\u011fimizi istemeyen kesimlere fark\u0131nda olmadan yol verecek. Ben tercihin Cumhur \u0130ttifak\u0131\u2019ndan yana olaca\u011f\u0131 kanaatindeyim.\u201d<\/p>\n<p>\u201cMillet ne derse o olacak\u201d<\/p>\n<p>T\u00fcrkiye Cumhuriyeti Devletinin, demokratik, laik ve sosyal bir hukuk devleti oldu\u011funun alt\u0131n\u0131 \u00e7izen Top\u00e7u, Cumhurba\u015fkan\u0131 Recep Tayyip Erdo\u011fan\u2019\u0131n \u201cGidelim millete, milli irade nas\u0131l bir karar veriyorsa \u2018ba\u015f\u0131m\u0131z g\u00f6z\u00fcm\u00fcz \u00fcst\u00fcne\u2019 deriz, onu kabulleniriz olay bu kadar basit\u201d s\u00f6zlerini hat\u0131rlatarak, \u201c\u015eaibesiz bir se\u00e7im sonucu, halk\u0131n sand\u0131kta verece\u011fi karar ne olursa olsun herkesin ba\u015f\u0131n\u0131n \u00fcst\u00fcnde olacakt\u0131r. Millet ne derse o olacak. Bizim s\u00f6zlerimiz, se\u00e7ime kadar demokrasinin verdi\u011fi hak \u00e7er\u00e7evesinde bu konudaki g\u00f6r\u00fc\u015flerimizi ifade etme bab\u0131ndand\u0131r\u201d diye konu\u015ftu.<\/p>\n<p>Programa Top\u00e7u\u2019nun yan\u0131 s\u0131ra Bala Kaymakam\u0131 Mithat Can Kutluca, SDE Ba\u015fkan\u0131 Muhammet Sava\u015f Kafkasyal\u0131, Kazakistan Ankara B\u00fcy\u00fckel\u00e7isi Abzal Saparbekul\u0131, Pakistan Ankara B\u00fcy\u00fckel\u00e7isi Syrus Sajjad Qazi, Bala \u0130l\u00e7e Jandarma Komutan\u0131 S\u00fcmer Emin, SDE Ba\u015fkan Yard\u0131mc\u0131lar\u0131 Alper Tan ve Sinan Kavuk\u00e7u, SDE Ekonomi ve Finans Koordinat\u00f6r\u00fc Prof. Dr. Abuzer P\u0131nar, SDE Uluslararas\u0131 \u0130li\u015fkiler ve D\u0131\u015f Politika Koordinat\u00f6r\u00fc Do\u00e7. Dr. Erkin Ekrem, SDE Savunma ve G\u00fcvenlik Koordinat\u00f6r\u00fc E. Kd. Alb. Mithat I\u015f\u0131k, SDE \u0130\u00e7 Politika ve Hukuk Koordinat\u00f6r\u00fc Prof. Dr. Tevfik Erdem, SDE Medya ve Sivil Toplum Koordinat\u00f6r\u00fc B\u00fclent Eranda\u00e7, T\u0130KA Balkanlar ve Do\u011fu Avrupa Daire Ba\u015fkan\u0131 Dr. Mahmut \u00c7evik, T\u0130KA Eski Ba\u015fkan Yard\u0131mc\u0131s\u0131 Ali Maskan, Emniyet \u0130stihbarat Dairesi Eski Ba\u015fkan\u0131 B\u00fclent Orako\u011flu, Cumhurba\u015fkanl\u0131\u011f\u0131 \u0130nsan Kaynaklar\u0131 Daire Ba\u015fkan\u0131 Bedrettin \u00d6zmen, Yarg\u0131da Birlik Derne\u011fi Ba\u015fkan\u0131 Birol K\u0131rmaz, SDAV Ba\u015fkan\u0131 Selahattin Yener, SDE Ba\u015fkanl\u0131k Asistan\u0131 Ebrar \u00d6zel, SDAV Y\u00f6netim Kurulu \u00dcyesi Mehmet Bahaddin Durmaz, SDE Uluslararas\u0131 \u0130li\u015fkiler ve D\u0131\u015f Politika uzman\u0131 Dr. Hatice \u00c7elik kat\u0131ld\u0131.<\/p>\n","protected":false},"excerpt":{"rendered":"<p>CUMHURBA\u015eKANI BA\u015eDANI\u015eMANI VE STRATEJ\u0130K D\u00dc\u015e\u00dcNCE ENST\u0130T\u00dcS\u00dc (SDE) Y\u00dcKSEK \u0130ST\u0130\u015eARE VE DANI\u015eMA KURULU \u00dcYES\u0130 YAL\u00c7IN TOP\u00c7U, \u201c\u015eA\u0130BES\u0130Z B\u0130R SE\u00c7\u0130M SONUCU, HALKIN SANDIKTA VERECE\u011e\u0130 KARAR NE OLURSA OLSUN HERKES\u0130N BA\u015eININ \u00dcST\u00dcNDE OLACAKTIR. M\u0130LLET NE DERSE O OLACAK\u201d DED\u0130.<\/p>\n","protected":false},"author":1,"featured_media":0,"comment_status":"closed","ping_status":"open","sticky":false,"template":"","format":"standard","meta":{"jetpack_post_was_ever_published":false,"_jetpack_newsletter_access":"","_jetpack_dont_email_post_to_subs":false,"_jetpack_newsletter_tier_id":0,"_jetpack_memberships_contains_paywalled_content":false,"_jetpack_memberships_contains_paid_content":false,"footnotes":"","jetpack_publicize_message":"","jetpack_publicize_feature_enabled":true,"jetpack_social_post_already_shared":true,"jetpack_social_options":{"image_generator_settings":{"template":"highway","default_image_id":0,"font":"","enabled":false},"version":2}},"categories":[1],"tags":[13536,503,17968,3276,1189,13537,4888],"class_list":["post-169908","post","type-post","status-publish","format-standard","hentry","category-genel","tag-basdanismani","tag-cumhurbaskani","tag-derse","tag-millet","tag-olacak","tag-topcu","tag-yalcin"],"jetpack_publicize_connections":[],"jetpack_featured_media_url":"","jetpack_sharing_enabled":true,"jetpack_shortlink":"https:\/\/wp.me\/paKIfm-Ics","_links":{"self":[{"href":"http:\/\/www.tvturk.com\/index.php\/wp-json\/wp\/v2\/posts\/169908","targetHints":{"allow":["GET"]}}],"collection":[{"href":"http:\/\/www.tvturk.com\/index.php\/wp-json\/wp\/v2\/posts"}],"about":[{"href":"http:\/\/www.tvturk.com\/index.php\/wp-json\/wp\/v2\/types\/post"}],"author":[{"embeddable":true,"href":"http:\/\/www.tvturk.com\/index.php\/wp-json\/wp\/v2\/users\/1"}],"replies":[{"embeddable":true,"href":"http:\/\/www.tvturk.com\/index.php\/wp-json\/wp\/v2\/comments?post=169908"}],"version-history":[{"count":0,"href":"http:\/\/www.tvturk.com\/index.php\/wp-json\/wp\/v2\/posts\/169908\/revisions"}],"wp:attachment":[{"href":"http:\/\/www.tvturk.com\/index.php\/wp-json\/wp\/v2\/media?parent=169908"}],"wp:term":[{"taxonomy":"category","embeddable":true,"href":"http:\/\/www.tvturk.com\/index.php\/wp-json\/wp\/v2\/categories?post=169908"},{"taxonomy":"post_tag","embeddable":true,"href":"http:\/\/www.tvturk.com\/index.php\/wp-json\/wp\/v2\/tags?post=169908"}],"curies":[{"name":"wp","href":"https:\/\/api.w.org\/{rel}","templated":true}]}}