{"id":169930,"date":"2019-06-15T15:53:22","date_gmt":"2019-06-15T12:53:22","guid":{"rendered":"http:\/\/www.tvturk.com\/index.php\/ozel-harekata-taze-kan-komiser-yardimcilari-mezun-oldu\/"},"modified":"2019-06-15T15:53:22","modified_gmt":"2019-06-15T12:53:22","slug":"ozel-harekata-taze-kan-komiser-yardimcilari-mezun-oldu","status":"publish","type":"post","link":"http:\/\/www.tvturk.com\/index.php\/ozel-harekata-taze-kan-komiser-yardimcilari-mezun-oldu\/","title":{"rendered":"\u00d6zel Harekat\u2019a taze kan: Komiser Yard\u0131mc\u0131lar\u0131 mezun oldu"},"content":{"rendered":"<p>Polis Akademisi Polis Amirleri E\u011fitim Merkezi M\u00fcd\u00fcrl\u00fc\u011f\u00fc (PAM) 4. D\u00f6nem \u0130lk Derece \u00d6zel Harekat Bran\u015fl\u0131 Amirlik Mezuniyet t\u00f6reni Ankara\u2019n\u0131n G\u00f6lba\u015f\u0131 il\u00e7esinde bulunan Polis Akademisi\u2019nde renkli g\u00f6r\u00fcnt\u00fcler e\u015fli\u011finde ger\u00e7ekle\u015ftirildi.<\/p>\n<p>Polis Akademisi Ba\u015fkanl\u0131\u011f\u0131\u2019na ba\u011fl\u0131 PAM  b\u00fcnyesinde e\u011fitim g\u00f6ren \u00f6zel harek\u00e2t polisleri komiser yard\u0131mc\u0131s\u0131 olarak mezun oldu.  19 Kas\u0131m 2018 tarihinde ilk derece amirlik e\u011fitim program\u0131 \u00e7er\u00e7evesinde e\u011fitime al\u0131nan polislere \u201c\u00d6zel Harekat Uygulamalar\u0131, Adli Mevzuat Bilgisi ve Su\u00e7 Soru\u015fturmalar\u0131, Genel Protokol ve Mesleki Yaz\u0131\u015fma Bilgisi, \u0130ktisat Teorisi, \u00c7a\u011fda\u015f Siyasal \u0130deolojiler, \u0130nsan Haklar\u0131, Toplumsal Hareketler Ve Kitle Psikolojisi, Anayasal D\u00fczen ve \u0130dari Yap\u0131, Anayasal D\u00fczen, Radikalizm \u015eiddet ve Ter\u00f6r, G\u00fcvenlik Y\u00f6netimi Ve Liderlik, T\u00fcrkiye Ekonomisi, Kriminoloji gibi uzmanl\u0131k dersleri verildi. Program\u0131 ba\u015far\u0131 ile 497 erkek Komiser Yard\u0131mc\u0131s\u0131 bitirdi.  T\u00f6rene Emniyet Genel M\u00fcd\u00fcr\u00fc Celal Uzunkaya, Jandarma Genel Komutan\u0131 Arif \u00c7etin, Polis Akademisi Ba\u015fkan\u0131 Y\u0131lmaz \u00c7olak, PAM M\u00fcd\u00fcr\u00fc Or\u00e7un \u0130mdi ile mezun olan Komiser Yard\u0131mc\u0131lar\u0131 aileleri kat\u0131ld\u0131. Mezuniyet t\u00f6reninde d\u00f6nem 1\u2019incisi Komiser Yard\u0131mc\u0131s\u0131 Sezer \u00d6calan ya\u015f k\u00fct\u00fc\u011f\u00fcne plaket \u00e7akt\u0131. \u00d6calan yapt\u0131\u011f\u0131 konu\u015fmada, \u201cHer\u015feyin en g\u00fczeline laik olan milletimize canla ba\u015fla hizmet edece\u011fiz\u201d dedi.<\/p>\n<p>\u201cDevletimizin k\u0131lcal damarlar\u0131na s\u0131zm\u0131\u015f hainlerle u\u011fra\u015f\u0131yoruz\u201d<\/p>\n<p>Emniyet Genel M\u00fcd\u00fcr\u00fc Celal Uzunkaya, mezuniyet t\u00f6reninde yapt\u0131\u011f\u0131 konu\u015fmada, \u201cAziz milletimizin huzur ve g\u00fcvenli\u011fi i\u00e7in \u00e7al\u0131\u015fan te\u015fkilat\u0131m\u0131z, mazisinden ald\u0131\u011f\u0131 ilham ve tarih bilinci ile yo\u011frulmu\u015f, ge\u00e7mi\u015fle gelecek aras\u0131nda k\u00f6pr\u00fc olu\u015fturan fikri ve ilmi de\u011ferlerle donat\u0131lm\u0131\u015f, iyi yeti\u015ftirilmi\u015f, devletine sad\u0131k, milletine ba\u011fl\u0131, vazifesi u\u011fruna g\u00f6z\u00fcn\u00fc k\u0131rpmadan can\u0131n\u0131 feda etmekten \u00e7ekinmeyen bir anlay\u0131\u015fla kendisine teslim edilen bu kutsal de\u011ferleri ve mukaddes emanetleri korumakta, bir taraftan devletin \u015fefkatli elini bir yandan da g\u00fcc\u00fcn\u00fc ve otoritesini temin ve tesis etmek \u00fczere verilen t\u00fcm g\u00f6revleri b\u00fcy\u00fck bir \u00f6zveriyle yerine getirmektedir. Polisimiz; devletimizin bekas\u0131na, milletimizin birlik ve dirli\u011fine, \u00fclkemizin b\u00fct\u00fcnl\u00fc\u011f\u00fcne kast eden ve hainlikte, al\u00e7akl\u0131kta s\u0131n\u0131r tan\u0131mayan her t\u00fcrl\u00fc ihanet \u015febekelerine ve \u015fer odaklar\u0131na kar\u015f\u0131 icab\u0131nda vatan, bayrak, cumhuriyet ve vazife u\u011fruna seve seve can\u0131n\u0131 feda etmekten asla \u00e7ekinmemektedir. \u00dclke olarak on y\u0131llardan beri bir\u00e7ok ter\u00f6r \u00f6rg\u00fct\u00fcn\u00fcn pek \u00e7ok cepheden ayr\u0131 ayr\u0131 veya ayn\u0131 anda her t\u00fcrl\u00fc sald\u0131r\u0131lar\u0131na maruz kal\u0131rken, bir yandan da \u00f6zellikle devletimizin k\u0131lcal damarlar\u0131na kadar s\u0131zm\u0131\u015f olan hainlerle u\u011fra\u015f\u0131yoruz\u201d diye konu\u015ftu.<\/p>\n<p>1982 y\u0131l\u0131nda \u00d6zel Harekat\u2019\u0131n temellerinin at\u0131ld\u0131\u011f\u0131n\u0131 hat\u0131rlatan Uzunkaya, \u201cKuruldu\u011fu g\u00fcnden bug\u00fcne ba\u015fta ter\u00f6r \u00f6rg\u00fctleri olmak \u00fczere bir\u00e7ok alanda kritik g\u00f6revler \u00fcstlenerek, devletimize ve milletimize zarar verebilecek her t\u00fcrl\u00fc \u015fer oda\u011f\u0131 ile m\u00fccadele etmekte ve polisimizin pek \u00e7ok alanda elde etti\u011fi ba\u015far\u0131lar\u0131n\u0131 da ta\u00e7land\u0131rmaktad\u0131r. Vatan ve millet s\u00f6z konusu oldu\u011funda neler yapabileceklerini g\u00f6steren bu yi\u011fitler, Hendek, \u00c7ukur operasyonlar\u0131nda, Afrin\u2019de ve daha bir\u00e7ok ulusal ve uluslararas\u0131 g\u00f6revlerde ezilenlerin, mazlumlar\u0131n ve yard\u0131ma muhta\u00e7lar\u0131n yan\u0131nda, hainlerin ise kar\u015f\u0131s\u0131nda olmu\u015ftur ve olmaya devam edecektir\u201ds\u00f6zlerini kulland\u0131.<\/p>\n<p>\u201cFET\u00d6\u2019den temizledik\u201d<\/p>\n<p>Polis Akademisi Ba\u015fkan\u0131 Y\u0131lmaz \u00c7olak da yapt\u0131\u011f\u0131 konu\u015fmada, \u201cBug\u00fcn mesle\u011fine polis memuru olarak g\u00f6rev yapan ve onlar\u0131n aras\u0131ndan se\u00e7ti\u011fimiz 497 Komiser Yard\u0131mc\u0131s\u0131n\u0131 mezun edip k\u00f6kl\u00fc emniyet te\u015fkilat\u0131 saflar\u0131na kat\u0131yoruz. Vatan\u0131m\u0131za milletimize hay\u0131rl\u0131 u\u011furlu olsun. Kurumsal ve zihniyet olarak yenilendik ve g\u00fc\u00e7lendik. 2014 y\u0131l\u0131ndan beri akademimizi FET\u00d6\u2019den temizledik hemde yeniden yap\u0131land\u0131k ve daha g\u00fc\u00e7l\u00fc bir \u015fekilde yolumuza devam ettik. FET\u00d6 ve PKK ter\u00f6r \u00f6rg\u00fctleri ile daha aktif m\u00fccadele edebilen devletine sad\u0131k, milletine hizmetkar vatan\u0131 u\u011fruna can\u0131n\u0131 feda etmek i\u00e7in g\u00f6z\u00fcn\u00fc k\u0131rpmayan bir kurum haline getirip daha da k\u00f6kle\u015ftirdik\u201d \u015feklinde konu\u015ftu.<\/p>\n<p>\u00d6zel Harekat\u2019tan ipli g\u00f6steri<\/p>\n<p>Konu\u015fmalar\u0131n ard\u0131ndan, 4 \u00f6zel harekat\u00e7\u0131 helikopterden ip sark\u0131tarak mezuniyet alan\u0131na indi ve Emniyet Genel M\u00fcd\u00fcr\u00fc Uzunkaya\u2019ya T\u00fcrk Bayra\u011f\u0131 taktim etti. Ba\u015fka bir helikopterden ise \u00f6zel harekat\u00e7\u0131lar g\u00f6steride bulundu. T\u00f6ren konfeti ve k\u0131rm\u0131z\u0131 beyaz T\u00fcrk balonlar\u0131n\u0131n havaya u\u00e7urulmas\u0131yla son buldu. Komiser Yard\u0131mc\u0131lar\u0131 t\u00f6ren alan\u0131nda ailelerine kavu\u015ftu, kimileri duygusal anlar ya\u015fad\u0131.<\/p>\n","protected":false},"excerpt":{"rendered":"<p>POL\u0130S AKADEM\u0130S\u0130 POL\u0130S AM\u0130RLER\u0130 E\u011e\u0130T\u0130M MERKEZ\u0130 M\u00dcD\u00dcRL\u00dc\u011e\u00dc (PAM) 4. D\u00d6NEM \u0130LK DERECE \u00d6ZEL HAREKAT BRAN\u015eLI AM\u0130RL\u0130K MEZUN\u0130YET T\u00d6REN\u0130 ANKARA\u2019NIN G\u00d6LBA\u015eI \u0130L\u00c7ES\u0130NDE BULUNAN POL\u0130S AKADEM\u0130S\u0130\u2019NDE RENKL\u0130 G\u00d6R\u00dcNT\u00dcLER E\u015eL\u0130\u011e\u0130NDE GER\u00c7EKLE\u015eT\u0130R\u0130LD\u0130.<\/p>\n","protected":false},"author":1,"featured_media":0,"comment_status":"closed","ping_status":"open","sticky":false,"template":"","format":"standard","meta":{"jetpack_post_was_ever_published":false,"_jetpack_newsletter_access":"","_jetpack_dont_email_post_to_subs":false,"_jetpack_newsletter_tier_id":0,"_jetpack_memberships_contains_paywalled_content":false,"_jetpack_memberships_contains_paid_content":false,"footnotes":"","jetpack_publicize_message":"","jetpack_publicize_feature_enabled":true,"jetpack_social_post_already_shared":true,"jetpack_social_options":{"image_generator_settings":{"template":"highway","default_image_id":0,"font":"","enabled":false},"version":2}},"categories":[1],"tags":[1073,40888,202,1803,8906,77,7812,12270],"class_list":["post-169930","post","type-post","status-publish","format-standard","hentry","category-genel","tag-ozel","tag-harekata","tag-kan","tag-komiser","tag-mezun","tag-oldu","tag-taze","tag-yardimcilari"],"jetpack_publicize_connections":[],"jetpack_featured_media_url":"","jetpack_sharing_enabled":true,"jetpack_shortlink":"https:\/\/wp.me\/paKIfm-IcO","_links":{"self":[{"href":"http:\/\/www.tvturk.com\/index.php\/wp-json\/wp\/v2\/posts\/169930","targetHints":{"allow":["GET"]}}],"collection":[{"href":"http:\/\/www.tvturk.com\/index.php\/wp-json\/wp\/v2\/posts"}],"about":[{"href":"http:\/\/www.tvturk.com\/index.php\/wp-json\/wp\/v2\/types\/post"}],"author":[{"embeddable":true,"href":"http:\/\/www.tvturk.com\/index.php\/wp-json\/wp\/v2\/users\/1"}],"replies":[{"embeddable":true,"href":"http:\/\/www.tvturk.com\/index.php\/wp-json\/wp\/v2\/comments?post=169930"}],"version-history":[{"count":0,"href":"http:\/\/www.tvturk.com\/index.php\/wp-json\/wp\/v2\/posts\/169930\/revisions"}],"wp:attachment":[{"href":"http:\/\/www.tvturk.com\/index.php\/wp-json\/wp\/v2\/media?parent=169930"}],"wp:term":[{"taxonomy":"category","embeddable":true,"href":"http:\/\/www.tvturk.com\/index.php\/wp-json\/wp\/v2\/categories?post=169930"},{"taxonomy":"post_tag","embeddable":true,"href":"http:\/\/www.tvturk.com\/index.php\/wp-json\/wp\/v2\/tags?post=169930"}],"curies":[{"name":"wp","href":"https:\/\/api.w.org\/{rel}","templated":true}]}}