{"id":170027,"date":"2019-06-15T19:32:17","date_gmt":"2019-06-15T16:32:17","guid":{"rendered":"http:\/\/www.tvturk.com\/index.php\/turk-bayragi-gokyuzunde-dalgalandi\/"},"modified":"2019-06-15T19:32:17","modified_gmt":"2019-06-15T16:32:17","slug":"turk-bayragi-gokyuzunde-dalgalandi","status":"publish","type":"post","link":"http:\/\/www.tvturk.com\/index.php\/turk-bayragi-gokyuzunde-dalgalandi\/","title":{"rendered":"T\u00fcrk Bayra\u011f\u0131 g\u00f6ky\u00fcz\u00fcnde dalgaland\u0131"},"content":{"rendered":"<p>Jandarma Te\u015fkilat\u0131n\u0131n 180. kurulu\u015f y\u0131l d\u00f6n\u00fcm\u00fc kutlamalar\u0131 kapsam\u0131nda jandarma ve sporseverler g\u00f6ky\u00fcz\u00fcnde T\u00fcrk Bayra\u011f\u0131 dalgaland\u0131rarak jandarma te\u015fkilat\u0131n\u0131n y\u0131l d\u00f6n\u00fcm\u00fcn\u00fc kutlad\u0131.<\/p>\n<p>Jandarma Te\u015fkilat\u0131n\u0131n 180. kurulu\u015f y\u0131l d\u00f6n\u00fcm\u00fc etkinlikleri kapsam\u0131nda Ali Da\u011f\u0131\u2019nda yama\u00e7 para\u015f\u00fct\u00fc g\u00f6sterileri d\u00fczenlendi. Ad\u0131yaman Anka Sportif ve Havac\u0131l\u0131k Kul\u00fcb\u00fcne ba\u011fl\u0131 sporcular ve askeri personeller jandarma i\u00e7in g\u00f6ky\u00fcz\u00fcnde s\u00fcz\u00fcld\u00fc. Ad\u0131yaman \u0130l Jandarma Komutan\u0131 Albay Ercan Atasoy da kez yama\u00e7 para\u015f\u00fct\u00fc u\u00e7u\u015fu ger\u00e7ekle\u015ftirdi. Uzman pilot e\u015fli\u011finde tandem (\u00e7ift ki\u015filik) u\u00e7u\u015f yapan Albay Atasoy, heyecanl\u0131 oldu\u011funu s\u00f6yledi. Albay Atasoy, tandem u\u00e7u\u015fu ba\u015far\u0131l\u0131 bir \u015fekilde ger\u00e7ekle\u015ftirdi. G\u00f6ky\u00fcz\u00fcnde s\u00fcz\u00fclen sporcular, T\u00fcrk Bayra\u011f\u0131 ile jandarma komutanl\u0131\u011f\u0131 bayra\u011f\u0131n\u0131 g\u00f6ky\u00fcz\u00fcnde dalgaland\u0131rd\u0131. Olduk\u00e7a heyecanl\u0131 anlar\u0131n ya\u015fand\u0131\u011f\u0131 etkinli\u011fe, \u0130l Jandarma Komutan\u0131 Albay Ercan Atasoy, e\u015fi \u00dcnzile Atasoy, k\u0131z\u0131 \u0130rem Sultan Atasoy, Ad\u0131yaman Anka Sportif ve Havac\u0131l\u0131k Kul\u00fcb\u00fc Ba\u015fkan\u0131 Mustafa \u00c7elik, askeri personeller, sporcular ve \u00e7ok say\u0131da vatanda\u015f kat\u0131ld\u0131.<\/p>\n<p>Etkinlikte konu\u015fan \u0130l Jandarma Komutan\u0131 Albay Ercan Atasoy, \u201cJandarman\u0131n kurulu\u015f y\u0131l d\u00f6n\u00fcm\u00fc m\u00fcnasebetiyle burada toplanm\u0131\u015f bulunmaktay\u0131z. Yama\u00e7 para\u015f\u00fct\u00fc etkinlikleri kapsam\u0131nda \u00e7e\u015fitli kul\u00fcpler var burada g\u00fczel bir uygulama oluyor. Ad\u0131yaman\u2019\u0131n g\u00fcvenli\u011fini ve kamu d\u00fczenini sa\u011flamak maksad\u0131yla 24 saat esas\u0131na dayal\u0131 olarak jandarma te\u015fkilat\u0131 Ad\u0131yaman halk\u0131n\u0131n hizmetinde \u015fuana kadar \u00fcst\u00fcn g\u00f6rev anlay\u0131\u015f\u0131 i\u00e7erisinde faaliyetlerini s\u00fcrd\u00fcr\u00fcyor. Bundan sonrada in\u015fallah g\u00f6revlerini en iyi \u015fekilde yapmaya devam edecekler. Burada kat\u0131l\u0131mc\u0131lar\u0131n hepsine te\u015fekk\u00fcr ediyorum\u201d dedi.<\/p>\n<p>Asker e\u015fi olmaktan b\u00fcy\u00fck bir onur ve gurur duydu\u011funu vurgulayan Jandarma Albay Ercan Atasoy\u2019un e\u015fi \u00dcnzile Atasoy ise \u201cJandarma Te\u015fkilat\u0131n\u0131n 180. Kurulu\u015f Y\u0131l D\u00f6n\u00fcm\u00fc sebebiyle yap\u0131lan etkinlikler vesilesiyle Ali Da\u011f\u0131\u2019nday\u0131z. Bizler asker e\u015fleri olarak e\u015flerimizin her zaman yan\u0131nday\u0131z, arkas\u0131nday\u0131z. 24 Saate dayal\u0131 mesaileri var bildi\u011finiz gibi. Bizler onlar\u0131n en b\u00fcy\u00fck destek\u00e7isi olarak yard\u0131mc\u0131 olmaya \u00e7al\u0131\u015f\u0131yoruz her konuda. Onlarla gurur duyuyoruz ger\u00e7ekten. E\u015fimle ve b\u00fct\u00fcn askeri personelin jandarma g\u00fcn\u00fc kutlu olsun diyorum\u201d \u015feklinde konu\u015ftu.<\/p>\n<p>Jandarma Albay Ercan Atasoy\u2019un k\u0131z\u0131 \u0130rem Sultan ise konu\u015fmas\u0131nda, \u201c\u00c7ok gururluyuz, k\u0131z\u0131y\u0131m. Babam ba\u015fta olmak \u00fczere t\u00fcm silahl\u0131 kuvvetlerinin \u00fcyeleriyle, askerleriyle \u00e7ok gurur duyuyorum. \u0130n\u015fallah bu bayrak hi\u00e7bir zaman inmeyecek, her zaman onlar\u0131n yan\u0131nda olaca\u011f\u0131z\u201d ifadelerini kulland\u0131.<\/p>\n<p>Ad\u0131yaman Anka Sportif ve Havac\u0131l\u0131k Kul\u00fcb\u00fc Ba\u015fkan\u0131 Mustafa \u00c7elik ise \u201cJandarmam\u0131z\u0131n 180. Kurulu\u015f Y\u0131l D\u00f6n\u00fcm\u00fc var. Jandarma te\u015fkilat\u0131 en ba\u015f\u0131ndan beri bizlerin onuru, gururu ve korucumuz. Bu kurulu\u015f y\u0131l d\u00f6n\u00fcm\u00fcnde onlar\u0131n yan\u0131nda olmasayd\u0131k \u00e7ok k\u00f6t\u00fc olurduk, bizleri davet ettiler, etkinli\u011fi tepede yapal\u0131m dediler, bizlerde kabul ettik. \u00c7ok mutlu, \u00e7ok gurur duyarak onlara i\u015ftirak ettik. Bundan sonra her zaman birlikte olmaya \u00e7al\u0131\u015faca\u011f\u0131z. Jandarma Ad\u0131yaman b\u00f6lgesinde ger\u00e7ekten \u00f6zverili \u00e7al\u0131\u015fmalar\u0131yla g\u00fcvenli\u011fi sa\u011flayan halkla i\u00e7 i\u00e7e olan bir kurulu\u015f. Bizler aileden oldu\u011fumuzu g\u00f6stermek ad\u0131na kendi ailemizle kat\u0131ld\u0131k bug\u00fcn. Kendi \u00e7ocuklar\u0131m\u0131z\u0131 da ald\u0131k geldik, sadece kanatlar\u0131m\u0131z\u0131 al\u0131p gelmedik. Buradaki anlam ve \u00f6nem, biz bir b\u00fct\u00fcn\u00fcz. Biz bir aileyiz, hep birlikte g\u00f6ky\u00fcz\u00fcnde, yery\u00fcz\u00fcnde hep beraber olaca\u011f\u0131z. Jandarmam\u0131z\u0131n kurulu\u015f y\u0131l d\u00f6n\u00fcm\u00fcn\u00fc kutluyorum\u201d diye konu\u015ftu.<\/p>\n","protected":false},"excerpt":{"rendered":"<p>JANDARMA TE\u015eK\u0130LATININ 180. KURULU\u015e YIL D\u00d6N\u00dcM\u00dc KUTLAMALARI KAPSAMINDA JANDARMA VE SPORSEVERLER G\u00d6KY\u00dcZ\u00dcNDE T\u00dcRK BAYRA\u011eI DALGALANDIRARAK JANDARMA TE\u015eK\u0130LATININ YIL D\u00d6N\u00dcM\u00dcN\u00dc KUTLADI.<\/p>\n","protected":false},"author":1,"featured_media":0,"comment_status":"closed","ping_status":"open","sticky":false,"template":"","format":"standard","meta":{"jetpack_post_was_ever_published":false,"_jetpack_newsletter_access":"","_jetpack_dont_email_post_to_subs":false,"_jetpack_newsletter_tier_id":0,"_jetpack_memberships_contains_paywalled_content":false,"_jetpack_memberships_contains_paid_content":false,"footnotes":"","jetpack_publicize_message":"","jetpack_publicize_feature_enabled":true,"jetpack_social_post_already_shared":true,"jetpack_social_options":{"image_generator_settings":{"template":"highway","default_image_id":0,"font":"","enabled":false},"version":2}},"categories":[1],"tags":[5177,40921,25416,957],"class_list":["post-170027","post","type-post","status-publish","format-standard","hentry","category-genel","tag-bayragi","tag-dalgalandi","tag-gokyuzunde","tag-turk"],"jetpack_publicize_connections":[],"jetpack_featured_media_url":"","jetpack_sharing_enabled":true,"jetpack_shortlink":"https:\/\/wp.me\/paKIfm-Ien","_links":{"self":[{"href":"http:\/\/www.tvturk.com\/index.php\/wp-json\/wp\/v2\/posts\/170027","targetHints":{"allow":["GET"]}}],"collection":[{"href":"http:\/\/www.tvturk.com\/index.php\/wp-json\/wp\/v2\/posts"}],"about":[{"href":"http:\/\/www.tvturk.com\/index.php\/wp-json\/wp\/v2\/types\/post"}],"author":[{"embeddable":true,"href":"http:\/\/www.tvturk.com\/index.php\/wp-json\/wp\/v2\/users\/1"}],"replies":[{"embeddable":true,"href":"http:\/\/www.tvturk.com\/index.php\/wp-json\/wp\/v2\/comments?post=170027"}],"version-history":[{"count":0,"href":"http:\/\/www.tvturk.com\/index.php\/wp-json\/wp\/v2\/posts\/170027\/revisions"}],"wp:attachment":[{"href":"http:\/\/www.tvturk.com\/index.php\/wp-json\/wp\/v2\/media?parent=170027"}],"wp:term":[{"taxonomy":"category","embeddable":true,"href":"http:\/\/www.tvturk.com\/index.php\/wp-json\/wp\/v2\/categories?post=170027"},{"taxonomy":"post_tag","embeddable":true,"href":"http:\/\/www.tvturk.com\/index.php\/wp-json\/wp\/v2\/tags?post=170027"}],"curies":[{"name":"wp","href":"https:\/\/api.w.org\/{rel}","templated":true}]}}