{"id":170037,"date":"2019-06-15T20:10:10","date_gmt":"2019-06-15T17:10:10","guid":{"rendered":"http:\/\/www.tvturk.com\/index.php\/nenad-lalovic-istanbulda\/"},"modified":"2019-06-15T20:10:10","modified_gmt":"2019-06-15T17:10:10","slug":"nenad-lalovic-istanbulda","status":"publish","type":"post","link":"http:\/\/www.tvturk.com\/index.php\/nenad-lalovic-istanbulda\/","title":{"rendered":"Nenad Lalovic \u0130stanbul\u2019da"},"content":{"rendered":"<p>D\u00fcnya G\u00fcre\u015f Birli\u011fi (UWW) Ba\u015fkan\u0131 Nenad Lalovi\u00e7, \u0130stanbul\u2019da T\u00fcrkiye G\u00fcre\u015f Federasyonu Ba\u015fkan\u0131 Musa Ayd\u0131n ile bir araya geldi.<\/p>\n<p>D\u00fcnya G\u00fcre\u015f Birli\u011fi (UWW) Ba\u015fkan\u0131 Nenad Lalovi\u00e7, \u0130stanbul\u2019a geldi. Ba\u015fkan Lalovi\u00e7\u2019i \u0130stanbul\u2019da UWW Y\u00f6netim Kurulu \u00dcyesi Maria Rodika Yak\u015fi ile T\u00fcrkiye G\u00fcre\u015f Federasyonu (TGF) Ba\u015fkan\u0131 Musa Ayd\u0131n kar\u015f\u0131lad\u0131.<\/p>\n<p>&#8220;T\u00fcrk g\u00fcre\u015fi emin ellerde&#8221;<\/p>\n<p>T\u00fcrk g\u00fcre\u015finin son Avrupa \u015eampiyonas\u0131\u2019na damga vurdu\u011funu belirterek, TGF Ba\u015fkan\u0131 Musa Ayd\u0131n hakk\u0131nda da \u00f6vg\u00fc dolu s\u00f6zler s\u00f6yleyen UWW Ba\u015fkan\u0131 Lalovi\u00e7, \u201cArt\u0131k T\u00fcrk g\u00fcre\u015fi sizinle yeniden eski g\u00fcnlerine kavu\u015ftu. G\u00f6reve geldi\u011finiz g\u00fcnden bu yana ba\u015far\u0131lar\u0131n\u0131z s\u00fcrekli art\u0131yor. T\u00fcrk g\u00fcre\u015finin bu \u00e7\u0131k\u0131\u015f\u0131 bizleri de mutlu ediyor. \u015eunu net bir \u015fekilde ifade etmek isterim ki, T\u00fcrk g\u00fcre\u015fi emin ellerde. Sizleri g\u00f6n\u00fclden kutluyorum\u201d dedi.<\/p>\n<p>Nenad Lalovi\u00e7 ve T\u00fcrkiye G\u00fcre\u015f Federasyonu Ba\u015fkan\u0131 Musa Ayd\u0131n daha sonra T\u00fcrk ve d\u00fcnya g\u00fcre\u015finin son durumu hakk\u0131nda g\u00f6r\u00fc\u015f al\u0131\u015fveri\u015finde bulundular.<\/p>\n","protected":false},"excerpt":{"rendered":"<p>D\u00dcNYA G\u00dcRE\u015e B\u0130RL\u0130\u011e\u0130 (UWW) BA\u015eKANI NENAD LALOV\u0130\u00c7, \u0130STANBUL&#8217;DA T\u00dcRK\u0130YE G\u00dcRE\u015e FEDERASYONU BA\u015eKANI MUSA AYDIN \u0130LE B\u0130R ARAYA GELD\u0130.<\/p>\n","protected":false},"author":1,"featured_media":0,"comment_status":"closed","ping_status":"open","sticky":false,"template":"","format":"standard","meta":{"jetpack_post_was_ever_published":false,"_jetpack_newsletter_access":"","_jetpack_dont_email_post_to_subs":false,"_jetpack_newsletter_tier_id":0,"_jetpack_memberships_contains_paywalled_content":false,"_jetpack_memberships_contains_paid_content":false,"footnotes":"","jetpack_publicize_message":"","jetpack_publicize_feature_enabled":true,"jetpack_social_post_already_shared":true,"jetpack_social_options":{"image_generator_settings":{"template":"highway","default_image_id":0,"font":"","enabled":false},"version":2}},"categories":[657],"tags":[1268,40924,12943],"class_list":["post-170037","post","type-post","status-publish","format-standard","hentry","category-spor","tag-istanbulda","tag-lalovic","tag-nenad"],"jetpack_publicize_connections":[],"jetpack_featured_media_url":"","jetpack_sharing_enabled":true,"jetpack_shortlink":"https:\/\/wp.me\/paKIfm-Iex","_links":{"self":[{"href":"http:\/\/www.tvturk.com\/index.php\/wp-json\/wp\/v2\/posts\/170037","targetHints":{"allow":["GET"]}}],"collection":[{"href":"http:\/\/www.tvturk.com\/index.php\/wp-json\/wp\/v2\/posts"}],"about":[{"href":"http:\/\/www.tvturk.com\/index.php\/wp-json\/wp\/v2\/types\/post"}],"author":[{"embeddable":true,"href":"http:\/\/www.tvturk.com\/index.php\/wp-json\/wp\/v2\/users\/1"}],"replies":[{"embeddable":true,"href":"http:\/\/www.tvturk.com\/index.php\/wp-json\/wp\/v2\/comments?post=170037"}],"version-history":[{"count":0,"href":"http:\/\/www.tvturk.com\/index.php\/wp-json\/wp\/v2\/posts\/170037\/revisions"}],"wp:attachment":[{"href":"http:\/\/www.tvturk.com\/index.php\/wp-json\/wp\/v2\/media?parent=170037"}],"wp:term":[{"taxonomy":"category","embeddable":true,"href":"http:\/\/www.tvturk.com\/index.php\/wp-json\/wp\/v2\/categories?post=170037"},{"taxonomy":"post_tag","embeddable":true,"href":"http:\/\/www.tvturk.com\/index.php\/wp-json\/wp\/v2\/tags?post=170037"}],"curies":[{"name":"wp","href":"https:\/\/api.w.org\/{rel}","templated":true}]}}