{"id":170051,"date":"2019-06-15T22:01:44","date_gmt":"2019-06-15T19:01:44","guid":{"rendered":"http:\/\/www.tvturk.com\/index.php\/turizm-ve-sanat-festivali-yoruk-gocu-ve-kortejle-basladi\/"},"modified":"2019-06-15T22:01:44","modified_gmt":"2019-06-15T19:01:44","slug":"turizm-ve-sanat-festivali-yoruk-gocu-ve-kortejle-basladi","status":"publish","type":"post","link":"http:\/\/www.tvturk.com\/index.php\/turizm-ve-sanat-festivali-yoruk-gocu-ve-kortejle-basladi\/","title":{"rendered":"Turizm ve Sanat Festivali, Y\u00f6r\u00fck g\u00f6\u00e7\u00fc ve kortejle ba\u015flad\u0131"},"content":{"rendered":"<p>Antalya\u2019n\u0131n Alanya il\u00e7esinde 19.\u2019su d\u00fczenlenen Uluslararas\u0131 Turizm ve Sanat Festivali, temsili Y\u00f6r\u00fck g\u00f6\u00e7\u00fc ve kortejle ba\u015flad\u0131. Mehteran e\u015fli\u011finde, \u00e7e\u015fitli dans ve sanat okullar\u0131ndan kat\u0131lanlar\u0131n kost\u00fcmleriyle g\u00f6steriler sundu\u011fu kortej, yabanc\u0131 turistlerden de b\u00fcy\u00fck ilgi g\u00f6rd\u00fc.<\/p>\n<p>Alanya Belediyesi taraf\u0131ndan d\u00fczenlenen 19. Alanya Uluslararas\u0131 Turizm ve Sanat Festivali, temsili Y\u00f6r\u00fck g\u00f6\u00e7\u00fc ve kortej y\u00fcr\u00fcy\u00fc\u015f\u00fcyle ba\u015flad\u0131. Atat\u00fcrk An\u0131t\u0131 \u00f6n\u00fcnden ba\u015flayan kortej y\u00fcr\u00fcy\u00fc\u015f\u00fcne Gazipa\u015fa Kaymakam\u0131 Ali Sakar, Alanya Belediye Ba\u015fkan\u0131 Adem Murat Y\u00fccel, MHP Antalya Milletvekili Abdurrahman Ba\u015fkan, Alanya \u0130l\u00e7e Emniyet M\u00fcd\u00fcr\u00fc Alper Avc\u0131, Alanya \u0130l\u00e7e Jandarma Komutan\u0131  Yarbay Serkan Akbaba siyasi parti temsilcileri, protokol \u00fcyeleri, sivil toplum kurulu\u015flar\u0131, vatanda\u015f ve yerle\u015fik yabanc\u0131lar ile tatilciler kat\u0131ld\u0131. Mehteran tak\u0131m\u0131yla \u00e7e\u015fitli dans ve sanat okullar\u0131ndan kat\u0131lanlar\u0131n kost\u00fcmleri ve g\u00f6sterileriyle dikkati \u00e7ekti\u011fi kortej, yabanc\u0131 turistlerden de b\u00fcy\u00fck ilgi g\u00f6rd\u00fc. Animasyon g\u00f6sterilerinin yan\u0131nda develerle temsili Y\u00f6r\u00fck g\u00f6\u00e7\u00fcn\u00fcn de canland\u0131r\u0131ld\u0131\u011f\u0131 kortej ve Bu y\u0131lki teman\u0131n Osmanl\u0131, \u00e7ini ve Rus y\u0131l\u0131 olarak belirlendi\u011fi festivalin al\u0131\u015f kortejinde animasyon g\u00f6sterilerinin yan\u0131nda develerle temsili Y\u00f6r\u00fck g\u00f6\u00e7\u00fcn\u00fcn de canland\u0131r\u0131ld\u0131\u011f\u0131 kortej, karde\u015f \u00fclkelerden geleneksel k\u0131yafetli insanlar, dans\u00e7\u0131lar tarihi K\u0131z\u0131lkule \u00f6n\u00fcne kadar m\u00fczik e\u015fli\u011finde y\u00fcr\u00fcd\u00fc.  Burada olu\u015fturulan alanda ise \u2018Osmanl\u0131\u2019dan esintiler\u2019 defilesi d\u00fczenlendi.<\/p>\n<p>Festival bug\u00fcn DJ Burak Yeter\u2019in performans\u0131n\u0131n ard\u0131ndan B\u00fclent Ersoy konseriyle devam edecek. Festival kapsam\u0131nda 16 Haziran\u2019da Pascal Nouma ile Yal\u0131n, 17 Haziran\u2019da ise Dj Haluk Sar\u0131ta\u015f ve Ajda Pekkan sahne alacak.<\/p>\n","protected":false},"excerpt":{"rendered":"<p>ANTALYA\u2019NIN ALANYA \u0130L\u00c7ES\u0130NDE 19.&#8217;SU D\u00dcZENLENEN ULUSLARARASI TUR\u0130ZM VE SANAT FEST\u0130VAL\u0130, TEMS\u0130L\u0130 Y\u00d6R\u00dcK G\u00d6\u00c7\u00dc VE KORTEJLE BA\u015eLADI. MEHTERAN E\u015eL\u0130\u011e\u0130NDE, \u00c7E\u015e\u0130TL\u0130 DANS VE SANAT OKULLARINDAN KATILANLARIN KOST\u00dcMLER\u0130YLE G\u00d6STER\u0130LER SUNDU\u011eU KORTEJ, YABANCI TUR\u0130STLERDEN DE B\u00dcY\u00dcK \u0130LG\u0130 G\u00d6RD\u00dc.<\/p>\n","protected":false},"author":1,"featured_media":0,"comment_status":"closed","ping_status":"open","sticky":false,"template":"","format":"standard","meta":{"jetpack_post_was_ever_published":false,"_jetpack_newsletter_access":"","_jetpack_dont_email_post_to_subs":false,"_jetpack_newsletter_tier_id":0,"_jetpack_memberships_contains_paywalled_content":false,"_jetpack_memberships_contains_paid_content":false,"footnotes":"","jetpack_publicize_message":"","jetpack_publicize_feature_enabled":true,"jetpack_social_post_already_shared":true,"jetpack_social_options":{"image_generator_settings":{"template":"highway","default_image_id":0,"font":"","enabled":false},"version":2}},"categories":[1],"tags":[55,3400,13210,29859,4854,2184,16676],"class_list":["post-170051","post","type-post","status-publish","format-standard","hentry","category-genel","tag-basladi","tag-festivali","tag-gocu","tag-kortejle","tag-sanat","tag-turizm","tag-yoruk"],"jetpack_publicize_connections":[],"jetpack_featured_media_url":"","jetpack_sharing_enabled":true,"jetpack_shortlink":"https:\/\/wp.me\/paKIfm-IeL","_links":{"self":[{"href":"http:\/\/www.tvturk.com\/index.php\/wp-json\/wp\/v2\/posts\/170051","targetHints":{"allow":["GET"]}}],"collection":[{"href":"http:\/\/www.tvturk.com\/index.php\/wp-json\/wp\/v2\/posts"}],"about":[{"href":"http:\/\/www.tvturk.com\/index.php\/wp-json\/wp\/v2\/types\/post"}],"author":[{"embeddable":true,"href":"http:\/\/www.tvturk.com\/index.php\/wp-json\/wp\/v2\/users\/1"}],"replies":[{"embeddable":true,"href":"http:\/\/www.tvturk.com\/index.php\/wp-json\/wp\/v2\/comments?post=170051"}],"version-history":[{"count":0,"href":"http:\/\/www.tvturk.com\/index.php\/wp-json\/wp\/v2\/posts\/170051\/revisions"}],"wp:attachment":[{"href":"http:\/\/www.tvturk.com\/index.php\/wp-json\/wp\/v2\/media?parent=170051"}],"wp:term":[{"taxonomy":"category","embeddable":true,"href":"http:\/\/www.tvturk.com\/index.php\/wp-json\/wp\/v2\/categories?post=170051"},{"taxonomy":"post_tag","embeddable":true,"href":"http:\/\/www.tvturk.com\/index.php\/wp-json\/wp\/v2\/tags?post=170051"}],"curies":[{"name":"wp","href":"https:\/\/api.w.org\/{rel}","templated":true}]}}