{"id":170055,"date":"2019-06-15T22:27:54","date_gmt":"2019-06-15T19:27:54","guid":{"rendered":"http:\/\/www.tvturk.com\/index.php\/hollandada-islam-karsiti-eylem-yapan-wagensvelde-tepki\/"},"modified":"2019-06-15T22:27:54","modified_gmt":"2019-06-15T19:27:54","slug":"hollandada-islam-karsiti-eylem-yapan-wagensvelde-tepki","status":"publish","type":"post","link":"http:\/\/www.tvturk.com\/index.php\/hollandada-islam-karsiti-eylem-yapan-wagensvelde-tepki\/","title":{"rendered":"Hollanda\u2019da \u0130slam kar\u015f\u0131t\u0131 eylem yapan Wagensveld\u2019e tepki"},"content":{"rendered":"<p>\u0130slam ve g\u00f6\u00e7men d\u00fc\u015fman\u0131 PEGIDA hareketi lideri Edwin Wagensveld\u2019in Hollanda\u2019n\u0131n Eindhoven kentindeki El Furkan Camisi \u00f6n\u00fcnde izinsiz afi\u015f da\u011f\u0131tmas\u0131 \u00fczerine \u00e7evredekiler Wagensveld ve arkada\u015flar\u0131na tepki g\u00f6sterdi.<\/p>\n<p>\u0130slam ve g\u00f6\u00e7men d\u00fc\u015fman\u0131 PEGIDA hareketi lideri Edwin Wagensveld  ve destek\u00e7ileri \u0130slam kar\u015f\u0131t\u0131 eylemlerine bir yenisini eklemek i\u00e7in, Eindhoven kentinde daha \u00e7ok Fasl\u0131lar\u0131n gitti\u011fi El Furkan Camisi \u00f6n\u00fcnde izinsiz afi\u015f da\u011f\u0131tt\u0131.  Kendilerini &#8220;Bat\u0131\u2019n\u0131n \u0130slamla\u015fmas\u0131na kar\u015f\u0131 vatansever Avrupal\u0131lar&#8221; olarak tan\u0131mlayan \u0130slam kar\u015f\u0131t\u0131 grub ile semt sakini bir Hollandal\u0131 aras\u0131nda \u00e7\u0131kan kavga sonras\u0131 grup \u00fcyeleri b\u00f6lgeden ka\u00e7arken grubun lideri Wagensveld polise s\u0131\u011f\u0131narak b\u00f6lgeden uzakla\u015ft\u0131r\u0131ld\u0131. Olayda kimsenin g\u00f6zalt\u0131na al\u0131nmad\u0131\u011f\u0131 kaydedildi.<\/p>\n","protected":false},"excerpt":{"rendered":"<p>\u0130SLAM VE G\u00d6\u00c7MEN D\u00dc\u015eMANI PEGIDA HAREKET\u0130 L\u0130DER\u0130 EDW\u0130N WAGENSVELD\u2019\u0130N HOLLANDA\u2019NIN E\u0130NDHOVEN KENT\u0130NDEK\u0130 EL FURKAN CAM\u0130S\u0130 \u00d6N\u00dcNDE \u0130Z\u0130NS\u0130Z AF\u0130\u015e DA\u011eITMASI \u00dcZER\u0130NE \u00c7EVREDEK\u0130LER WAGENSVELD VE ARKADA\u015eLARINA TEPK\u0130 G\u00d6STERD\u0130.<\/p>\n","protected":false},"author":1,"featured_media":0,"comment_status":"closed","ping_status":"open","sticky":false,"template":"","format":"standard","meta":{"jetpack_post_was_ever_published":false,"_jetpack_newsletter_access":"","_jetpack_dont_email_post_to_subs":false,"_jetpack_newsletter_tier_id":0,"_jetpack_memberships_contains_paywalled_content":false,"_jetpack_memberships_contains_paid_content":false,"footnotes":"","jetpack_publicize_message":"","jetpack_publicize_feature_enabled":true,"jetpack_social_post_already_shared":true,"jetpack_social_options":{"image_generator_settings":{"template":"highway","default_image_id":0,"font":"","enabled":false},"version":2}},"categories":[10],"tags":[2198,20580,4840,12272,961,40931,1420],"class_list":["post-170055","post","type-post","status-publish","format-standard","hentry","category-dunya","tag-eylem","tag-hollandada","tag-islam","tag-karsiti","tag-tepki","tag-wagensvelde","tag-yapan"],"jetpack_publicize_connections":[],"jetpack_featured_media_url":"","jetpack_sharing_enabled":true,"jetpack_shortlink":"https:\/\/wp.me\/paKIfm-IeP","_links":{"self":[{"href":"http:\/\/www.tvturk.com\/index.php\/wp-json\/wp\/v2\/posts\/170055","targetHints":{"allow":["GET"]}}],"collection":[{"href":"http:\/\/www.tvturk.com\/index.php\/wp-json\/wp\/v2\/posts"}],"about":[{"href":"http:\/\/www.tvturk.com\/index.php\/wp-json\/wp\/v2\/types\/post"}],"author":[{"embeddable":true,"href":"http:\/\/www.tvturk.com\/index.php\/wp-json\/wp\/v2\/users\/1"}],"replies":[{"embeddable":true,"href":"http:\/\/www.tvturk.com\/index.php\/wp-json\/wp\/v2\/comments?post=170055"}],"version-history":[{"count":0,"href":"http:\/\/www.tvturk.com\/index.php\/wp-json\/wp\/v2\/posts\/170055\/revisions"}],"wp:attachment":[{"href":"http:\/\/www.tvturk.com\/index.php\/wp-json\/wp\/v2\/media?parent=170055"}],"wp:term":[{"taxonomy":"category","embeddable":true,"href":"http:\/\/www.tvturk.com\/index.php\/wp-json\/wp\/v2\/categories?post=170055"},{"taxonomy":"post_tag","embeddable":true,"href":"http:\/\/www.tvturk.com\/index.php\/wp-json\/wp\/v2\/tags?post=170055"}],"curies":[{"name":"wp","href":"https:\/\/api.w.org\/{rel}","templated":true}]}}