{"id":170069,"date":"2019-06-16T09:00:08","date_gmt":"2019-06-16T06:00:08","guid":{"rendered":"http:\/\/www.tvturk.com\/index.php\/yagmur-altinda-ataturk-ve-istiklal-yolu-yuruyusu-devam-ediyor\/"},"modified":"2019-06-16T09:00:08","modified_gmt":"2019-06-16T06:00:08","slug":"yagmur-altinda-ataturk-ve-istiklal-yolu-yuruyusu-devam-ediyor","status":"publish","type":"post","link":"http:\/\/www.tvturk.com\/index.php\/yagmur-altinda-ataturk-ve-istiklal-yolu-yuruyusu-devam-ediyor\/","title":{"rendered":"Ya\u011fmur alt\u0131nda Atat\u00fcrk ve \u0130stiklal Yolu Y\u00fcr\u00fcy\u00fc\u015f\u00fc devam ediyor"},"content":{"rendered":"<p>Kurtulu\u015f Sava\u015f\u0131\u2019nda cepheye cephane ve erzak ta\u015f\u0131nan tarihi \u0130stiklal Yolu\u2019nun 95 kilometrelik \u0130nebolu-Kastamonu g\u00fczergah\u0131ndaki geleneksel y\u00fcr\u00fcy\u00fc\u015f\u00fcn \u00fc\u00e7\u00fcnc\u00fc g\u00fcn\u00fc ya\u011f\u0131\u015f alt\u0131nda tamamland\u0131. Y\u00fcr\u00fcy\u00fc\u015f\u00e7\u00fcler, zor \u015fartlar alt\u0131nda 74 kilometre y\u00fcr\u00fcyerek \u015eehit \u015eerife Bac\u0131\u2019n\u0131n memleketi Seydiler il\u00e7esine ula\u015ft\u0131.<\/p>\n<p>Kastamonu Valili\u011finin himayesinde bu y\u0131l 14\u2019\u00fcnc\u00fcs\u00fc d\u00fczenlenen \u2018Atat\u00fcrk ve \u0130stiklal Yolu Y\u00fcr\u00fcy\u00fc\u015f\u00fc\u2019 \u0130nebolu T\u00fcrk Oca\u011f\u0131 \u00f6n\u00fcnde d\u00fczenlenen t\u00f6renin ard\u0131ndan 350 ki\u015filik kafile, y\u00fcr\u00fcy\u00fc\u015f\u00fcn \u00fc\u00e7\u00fcnc\u00fc g\u00fcn\u00fcnde zor \u015fartlar alt\u0131nda 74 kilometre yol y\u00fcr\u00fcyerek Seydiler il\u00e7esine ula\u015ft\u0131. Burada kurulan \u00e7ad\u0131rlarda geceyi ge\u00e7irecek olan y\u00fcr\u00fcy\u00fc\u015f\u00e7\u00fclere Seydiler Belediyesi taraf\u0131ndan ak\u015fam yeme\u011fi ikram edildi. Geceyi Seydiler\u2019de ge\u00e7irecek olan kafile, sabah saatlerinde Kastamonu\u2019ya do\u011fru y\u00fcr\u00fcy\u00fc\u015fe devam edecek. Y\u00fcr\u00fcy\u00fc\u015f\u00fcn 4\u2019\u00fcnc\u00fc ve son g\u00fcn\u00fcnde 21 kilometre daha y\u00fcr\u00fcyecek olan y\u00fcr\u00fcy\u00fc\u015f\u00e7\u00fcler, Kastamonu\u2019da askeri k\u0131\u015fla \u00f6n\u00fcnde kar\u015f\u0131lanacak.<\/p>\n<p>Y\u00fcr\u00fcy\u00fc\u015f\u00e7\u00fcler, y\u00fcr\u00fcy\u00fc\u015f\u00fcn ilk g\u00fcn\u00fcnde 22 kilometre y\u00fcr\u00fcyerek \u00c7uha Doru\u011funda kamp yapt\u0131. Y\u00fcr\u00fcy\u00fc\u015f\u00fcn ikinci g\u00fcn\u00fcnde tekrar hareket eden y\u00fcr\u00fcy\u00fc\u015f\u00e7\u00fcler, sa\u011fanak ya\u011f\u0131\u015f alt\u0131nda 24 kilometre daha y\u00fcr\u00fcyerek K\u00fcre il\u00e7esine ula\u015ft\u0131. Burada da gece konaklayan y\u00fcr\u00fcy\u00fc\u015f\u00e7\u00fcler, y\u00fcr\u00fcy\u00fc\u015f\u00fcn \u00fc\u00e7\u00fcnc\u00fc g\u00fcn\u00fcnde de 28 kilometre y\u00fcr\u00fcyerek Seydiler il\u00e7esine geldi. Y\u00fcr\u00fcy\u00fc\u015f\u00e7\u00fcler, geceyi burada kamp yaparak ge\u00e7irecek.<\/p>\n<p>Y\u00fcr\u00fcy\u00fc\u015fe Kastamonu\u2019dan kat\u0131lan Beyhan \u015eahbazo\u011flu, \u00f6nemli olan\u0131n bu yolda y\u00fcr\u00fcmek de\u011fil, \u00f6nemli olan\u0131n bu maneviyat\u0131 ya\u015famak oldu\u011funu belirterek, \u201cBizler de bunun i\u00e7in buraday\u0131z. \u0130n\u015fallah bu yolu da y\u00fcr\u00fcyerek tamamlayaca\u011f\u0131z. \u015eehit \u015eerife Bac\u0131\u2019n\u0131n da yolunda devam edece\u011fiz in\u015fallah\u201d dedi.<\/p>\n<p>Yine y\u00fcr\u00fcy\u00fc\u015fe Kastamonu\u2019dan kat\u0131lan \u015eeyma \u015eahbazo\u011flu ise \u201c\u015eu anda biz \u00e7ok daha iyi standartlarda bu y\u00fcr\u00fcy\u00fc\u015f\u00fc ger\u00e7ekle\u015ftiriyoruz. Fakat 100 y\u0131l \u00f6ncesi bu \u015fartlar yoktu ve insanlar bunu \u00e7ok zor bir \u015fekilde ba\u015fard\u0131. Biz, onlar kadar hissedemeyece\u011fiz bu duyguyu, bu zorluklar\u0131n daha fazlas\u0131n\u0131 ya\u015fayamayaca\u011f\u0131z. Fakat bir nebze olsun onlar\u0131 anlayabilmek ad\u0131na buraday\u0131z\u201d diye konu\u015ftu.<\/p>\n","protected":false},"excerpt":{"rendered":"<p>KURTULU\u015e SAVA\u015eI\u2019NDA CEPHEYE CEPHANE VE ERZAK TA\u015eINAN TAR\u0130H\u0130 \u0130ST\u0130KLAL YOLU\u2019NDA Y\u00dcR\u00dcY\u00dc\u015e\u00c7\u00dcLER, ZOR \u015eARTLAR ALTINDA 74 K\u0130LOMETRE Y\u00dcR\u00dcYEREK \u015eEH\u0130T \u015eER\u0130FE BACI\u2019NIN MEMLEKET\u0130 SEYD\u0130LER \u0130L\u00c7ES\u0130NE ULA\u015eTI.<\/p>\n","protected":false},"author":1,"featured_media":0,"comment_status":"closed","ping_status":"open","sticky":false,"template":"","format":"standard","meta":{"jetpack_post_was_ever_published":false,"_jetpack_newsletter_access":"","_jetpack_dont_email_post_to_subs":false,"_jetpack_newsletter_tier_id":0,"_jetpack_memberships_contains_paywalled_content":false,"_jetpack_memberships_contains_paid_content":false,"footnotes":"","jetpack_publicize_message":"","jetpack_publicize_feature_enabled":true,"jetpack_social_post_already_shared":true,"jetpack_social_options":{"image_generator_settings":{"template":"highway","default_image_id":0,"font":"","enabled":false},"version":2}},"categories":[656],"tags":[3114,381,522,523,14044,1366,1262,1983],"class_list":["post-170069","post","type-post","status-publish","format-standard","hentry","category-kultur-sanat","tag-altinda","tag-ataturk","tag-devam","tag-ediyor","tag-istiklal","tag-yagmur","tag-yolu","tag-yuruyusu"],"jetpack_publicize_connections":[],"jetpack_featured_media_url":"","jetpack_sharing_enabled":true,"jetpack_shortlink":"https:\/\/wp.me\/paKIfm-If3","_links":{"self":[{"href":"http:\/\/www.tvturk.com\/index.php\/wp-json\/wp\/v2\/posts\/170069","targetHints":{"allow":["GET"]}}],"collection":[{"href":"http:\/\/www.tvturk.com\/index.php\/wp-json\/wp\/v2\/posts"}],"about":[{"href":"http:\/\/www.tvturk.com\/index.php\/wp-json\/wp\/v2\/types\/post"}],"author":[{"embeddable":true,"href":"http:\/\/www.tvturk.com\/index.php\/wp-json\/wp\/v2\/users\/1"}],"replies":[{"embeddable":true,"href":"http:\/\/www.tvturk.com\/index.php\/wp-json\/wp\/v2\/comments?post=170069"}],"version-history":[{"count":0,"href":"http:\/\/www.tvturk.com\/index.php\/wp-json\/wp\/v2\/posts\/170069\/revisions"}],"wp:attachment":[{"href":"http:\/\/www.tvturk.com\/index.php\/wp-json\/wp\/v2\/media?parent=170069"}],"wp:term":[{"taxonomy":"category","embeddable":true,"href":"http:\/\/www.tvturk.com\/index.php\/wp-json\/wp\/v2\/categories?post=170069"},{"taxonomy":"post_tag","embeddable":true,"href":"http:\/\/www.tvturk.com\/index.php\/wp-json\/wp\/v2\/tags?post=170069"}],"curies":[{"name":"wp","href":"https:\/\/api.w.org\/{rel}","templated":true}]}}