{"id":170097,"date":"2019-06-16T09:46:14","date_gmt":"2019-06-16T06:46:14","guid":{"rendered":"http:\/\/www.tvturk.com\/index.php\/mahkumder-tarafindan-pilav-gunu-programi-duzenlendi\/"},"modified":"2019-06-16T09:46:14","modified_gmt":"2019-06-16T06:46:14","slug":"mahkumder-tarafindan-pilav-gunu-programi-duzenlendi","status":"publish","type":"post","link":"http:\/\/www.tvturk.com\/index.php\/mahkumder-tarafindan-pilav-gunu-programi-duzenlendi\/","title":{"rendered":"MAHKUMDER taraf\u0131ndan \u201cPilav G\u00fcn\u00fc\u201d program\u0131 d\u00fczenlendi"},"content":{"rendered":"<p>Mahkumlara ve Muhta\u00e7lara Yard\u0131m Derne\u011fi (Mahkumder) taraf\u0131ndan Pilav G\u00fcn\u00fc etkinli\u011fi d\u00fczenlendi.<\/p>\n<p>Mahkumlara ve yard\u0131ma muhta\u00e7 insanlara yard\u0131m etmek amac\u0131yla kurulan Mahkumlara ve Muhta\u00e7lara Yard\u0131m Derne\u011fi (Mahkumder) taraf\u0131ndan Yakuplu\u2019da pilav g\u00fcn\u00fc d\u00fczenlendi. D\u00fczenlenen programa \u0130hlas Vakf\u0131 M\u00fctevelli Heyeti Ba\u015fkan\u0131 Ahmet Tuncer Akal\u0131n, AK Parti \u0130stanbul Milletvekili \u015eamil Ayr\u0131m Beylikd\u00fcz\u00fc Kaymakam\u0131 Mehmet Okur, \u00fcnl\u00fc yazar Hayati \u0130nan\u00e7, AK Parti Beylikd\u00fcz\u00fc \u0130l\u00e7e Ba\u015fkan\u0131 Dilaver Sarg\u0131n, Mahkumder Ba\u015fkan\u0131 L\u00fctfullah Uzun ve Mahkumder Ba\u015fkan Yard\u0131mc\u0131s\u0131 Elvan K\u00fc\u00e7\u00fck\u2019\u00fcn yan\u0131 s\u0131ra \u00e7ok say\u0131da davetli kat\u0131ld\u0131. D\u00fczenlenen program Kur\u2019an-\u0131 Kerim tilaveti ile ba\u015flad\u0131.<\/p>\n<p>\u201c\u00c7ok \u00f6zel bir \u015fey yakalam\u0131\u015fs\u0131n\u0131z\u201d<\/p>\n<p>AK Parti \u0130stanbul Milletvekili \u015eamil Ayr\u0131m Mahkumder\u2019in ba\u015far\u0131s\u0131na dikkat \u00e7ekerek &#8220;Siz \u00e7ok \u00f6zel bir \u015fey yakalam\u0131\u015fs\u0131n\u0131z. Hapishaneden gelen mektuplar\u0131 de\u011ferlendirerek onlar\u0131n ihtiyac\u0131na y\u00f6nelik onlar\u0131 kazanmaya y\u00f6nelik bir proje y\u00fcr\u00fctm\u00fc\u015fs\u00fcn\u00fcz. Asl\u0131nda bunu geli\u015ftirmek laz\u0131m. Benim bildi\u011fim kadar\u0131yla sadece 50 binin \u00fczerinde uyu\u015fturucu sat\u0131c\u0131s\u0131 hapishanelerde. Hapishanelerimiz t\u0131ka basa dolu. Biraz  \u00f6nce \u00e7ok g\u00fczel s\u00f6ylediniz. Hapishane girdi\u011fi zaman bir su\u00e7 makinesi olarak \u00e7\u0131kmas\u0131na raz\u0131 olamay\u0131z. Elbette ki e\u011fitimleri \u00e7ok \u00f6nemli\u201d \u015feklinde konu\u015ftu.<\/p>\n<p>Beylikd\u00fcz\u00fc Kaymakam\u0131 Okur ise sivil toplum kurulu\u015flar\u0131n\u0131n \u00f6nemine at\u0131fta bulunarak, \u201cHer \u015feyi devlet olarak yeti\u015fmek imkans\u0131z. Tabii cezaevinin kendi \u015fartlar\u0131 da var. Oradaki cezaevindeki mahkumlar\u0131n kendilerine y\u00f6nelik ihtiya\u00e7lar\u0131 da. Dolay\u0131s\u0131 ile b\u00f6yle sivil toplum \u00f6rg\u00fctleri de g\u00fczel bir g\u00f6rev yaparak ihtiya\u00e7lar\u0131 kar\u015f\u0131lama noktas\u0131nda \u00f6nemli bir ihtiyac\u0131 gideriyorlar. Ger\u00e7ekten g\u00fczel bir hizmet yap\u0131l\u0131yor. Bu derne\u011fi kuranlara, bu dernekte \u00e7al\u0131\u015fan y\u00f6netim kurulu \u00fcyelerine bu derne\u011fe destek veren b\u00fct\u00fcn herkese, ben hem \u015fahs\u0131m ad\u0131na te\u015fekk\u00fcr ediyorum\u201d dedi.<\/p>\n<p>Programda bir konu\u015fma yapan \u0130hlas Vakf\u0131 m\u00fctevelli heyeti Ba\u015fkan\u0131 Akal\u0131n ise, hay\u0131r i\u015flemenin \u00f6nemini hat\u0131rlatarak, &#8220;Biz burada bir vizyonun uygulanmas\u0131 hususunda Mahkumder ile ayn\u0131 hassasiyetlerde oldu\u011fumuzu sevin\u00e7le g\u00f6r\u00fcyoruz. Bu da rahmetli Enver \u00d6ren kurucumuzun \u2018M\u00fcsl\u00fcman \u00fclkesinin kanunlar\u0131na kar\u015f\u0131 su\u00e7 i\u015flemez Allah\u2019u Tealan\u0131n emirlerini yerine getirir g\u00fcnah i\u015flemez\u2019 prensibidir. Mahkumlar konusu, su\u00e7 i\u015fleyip mahkum olduktan sonra bir daha su\u00e7 i\u015flememek  konusunda bir d\u00f6nem olarak ele al\u0131nmas\u0131 \u00e7ok \u00f6nemli. Bug\u00fcn 15 milyon \u00f6\u011frenciyi devletimiz bir yerde yeti\u015ftirmeye \u00e7al\u0131\u015f\u0131yor. Ama 400 bin mahkumu da ayn\u0131 hassasiyet ve programlar ile mahkum olmu\u015f bir kimseyi k\u00fclt\u00fcrel yap\u0131s\u0131 e\u011fitim yap\u0131s\u0131 ve di\u011fer alg\u0131lar\u0131 ile ay\u0131rarak onlara psikologlar ile sosyologlar ile \u00f6\u011fretmenler ile sahip \u00e7\u0131kmas\u0131 ve bu vatanda\u015f kitlesinin rehabilitesi i\u00e7in hangi y\u00f6netim olursa olsun ele almas\u0131 ve \u00f6ne almas\u0131 mecburiyettir. Bunu burada say\u0131n milletvekilimize bir temsilci olarak arz etmenin bir f\u0131rsat oldu\u011funu d\u00fc\u015f\u00fcn\u00fcyorum\u201d dedi.<\/p>\n<p>Mahkumder Ba\u015fkan\u0131 L\u00fctfullah Uzun ise &#8220;\u0130nsanlara yard\u0131m etmek g\u00fczel ama en muhta\u00e7 olana yard\u0131m etmek tabii ki daha da g\u00fczel. Biz bu maksat ile bir araya geldik. Bug\u00fcn de pilav g\u00fcn\u00fcm\u00fcz vesilesiyle topland\u0131k ama ger\u00e7ekten 9 senedir hizmetteyiz. Az sonra kurumsal yap\u0131lanmam\u0131z ile ilgili a\u00e7\u0131klamay\u0131 g\u00f6sterece\u011fiz. Daha \u00f6nce ba\u015fka dernekler ile \u00e7al\u0131\u015ft\u0131k. O derneklerde bize yard\u0131mc\u0131 olan dernek ba\u015fkanlar\u0131na ayr\u0131ca te\u015fekk\u00fcr  ediyoruz. Biz dernek olal\u0131m me\u015fhur olal\u0131m derdinde de\u011filiz.  Biz istiyoruz ki bug\u00fcn bize birisi mektup yazm\u0131\u015f bu mektubu biz bug\u00fcn de\u011fil de yar\u0131n g\u00f6nderirsek mahcup oluruz. K\u0131yamet g\u00fcn\u00fc yakam\u0131za yap\u0131\u015f\u0131p \u2018 Ben size inand\u0131m beni \u00e7aresiz b\u0131rakt\u0131n\u2019 demesin diye ne pahas\u0131na olursa olsun o mektubun kolisini yapmaya \u00e7al\u0131\u015f\u0131yoruz\u201d diye konu\u015ftu.<\/p>\n<p>Program\u0131n sonunda ise Yazar \u0130nan\u00e7 taraf\u0131ndan, edebi hikayeler anlat\u0131ld\u0131.<\/p>\n","protected":false},"excerpt":{"rendered":"<p>MAHKUMLARA VE MUHTA\u00c7LARA YARDIM DERNE\u011e\u0130 (MAHKUMDER) TARAFINDAN P\u0130LAV G\u00dcN\u00dc ETK\u0130NL\u0130\u011e\u0130 D\u00dcZENLEND\u0130.<\/p>\n","protected":false},"author":1,"featured_media":0,"comment_status":"closed","ping_status":"open","sticky":false,"template":"","format":"standard","meta":{"jetpack_post_was_ever_published":false,"_jetpack_newsletter_access":"","_jetpack_dont_email_post_to_subs":false,"_jetpack_newsletter_tier_id":0,"_jetpack_memberships_contains_paywalled_content":false,"_jetpack_memberships_contains_paid_content":false,"footnotes":"","jetpack_publicize_message":"","jetpack_publicize_feature_enabled":true,"jetpack_social_post_already_shared":true,"jetpack_social_options":{"image_generator_settings":{"template":"highway","default_image_id":0,"font":"","enabled":false},"version":2}},"categories":[1],"tags":[2202,85,40941,6574,1999,765],"class_list":["post-170097","post","type-post","status-publish","format-standard","hentry","category-genel","tag-duzenlendi","tag-gunu","tag-mahkumder","tag-pilav","tag-programi","tag-tarafindan"],"jetpack_publicize_connections":[],"jetpack_featured_media_url":"","jetpack_sharing_enabled":true,"jetpack_shortlink":"https:\/\/wp.me\/paKIfm-Ifv","_links":{"self":[{"href":"http:\/\/www.tvturk.com\/index.php\/wp-json\/wp\/v2\/posts\/170097","targetHints":{"allow":["GET"]}}],"collection":[{"href":"http:\/\/www.tvturk.com\/index.php\/wp-json\/wp\/v2\/posts"}],"about":[{"href":"http:\/\/www.tvturk.com\/index.php\/wp-json\/wp\/v2\/types\/post"}],"author":[{"embeddable":true,"href":"http:\/\/www.tvturk.com\/index.php\/wp-json\/wp\/v2\/users\/1"}],"replies":[{"embeddable":true,"href":"http:\/\/www.tvturk.com\/index.php\/wp-json\/wp\/v2\/comments?post=170097"}],"version-history":[{"count":0,"href":"http:\/\/www.tvturk.com\/index.php\/wp-json\/wp\/v2\/posts\/170097\/revisions"}],"wp:attachment":[{"href":"http:\/\/www.tvturk.com\/index.php\/wp-json\/wp\/v2\/media?parent=170097"}],"wp:term":[{"taxonomy":"category","embeddable":true,"href":"http:\/\/www.tvturk.com\/index.php\/wp-json\/wp\/v2\/categories?post=170097"},{"taxonomy":"post_tag","embeddable":true,"href":"http:\/\/www.tvturk.com\/index.php\/wp-json\/wp\/v2\/tags?post=170097"}],"curies":[{"name":"wp","href":"https:\/\/api.w.org\/{rel}","templated":true}]}}