{"id":170111,"date":"2019-06-16T10:23:06","date_gmt":"2019-06-16T07:23:06","guid":{"rendered":"http:\/\/www.tvturk.com\/index.php\/eyupsultanda-karadeniz-festivali\/"},"modified":"2019-06-16T10:23:06","modified_gmt":"2019-06-16T07:23:06","slug":"eyupsultanda-karadeniz-festivali","status":"publish","type":"post","link":"http:\/\/www.tvturk.com\/index.php\/eyupsultanda-karadeniz-festivali\/","title":{"rendered":"Ey\u00fcpsultan\u2019da, Karadeniz Festivali"},"content":{"rendered":"<p>Ey\u00fcpsultan\u2019da d\u00fczenlenen Karadeniz festivali renkli g\u00f6r\u00fcnt\u00fclere sahne oldu. Festivalde, Karadeniz m\u00fczi\u011finin yan\u0131 s\u0131ra vatanda\u015flara y\u00f6resel lezzetler de ikram edildi. Belediye Ba\u015fkan\u0131 Deniz K\u00f6ken\u2019de vatanda\u015flarla birlikte horon oynad\u0131.<\/p>\n<p>Ey\u00fcpsultan Belediyesi, taraf\u0131ndan Osmanl\u0131 Park Sosyal Tesisleri\u2019nde  d\u00fczenlenen Karadeniz Festivali renkli g\u00f6r\u00fcnt\u00fclere sahne oldu. Festivale, \u0130\u00e7i\u015fleri Bakan\u0131 S\u00fcleyman Soylu, Ey\u00fcpsultan Belediye Ba\u015fkan\u0131 Deniz K\u00f6ken, Rize Belediye Ba\u015fkan\u0131 Rahmi Metin, Dernek ba\u015fkanlar\u0131, karadenizli sanat\u00e7\u0131lar ve \u00e7ok say\u0131da vatanda\u015f kat\u0131ld\u0131. Festivalde, vatanda\u015flar Karadeniz eserleriyle unutulmaz  bir gece ya\u015fad\u0131. Festivalde y\u00f6resel lezzetler de vatanda\u015flar\u0131n be\u011fenisine sunuldu.<\/p>\n<p>Ba\u015fkan Deniz K\u00f6ken, kemen\u00e7e ve tulum e\u015fli\u011finde Karadenizli vatanda\u015flarla birlikte horon oynad\u0131. Festivalde, misafirlere Karadeniz\u2019in e\u015fsiz k\u00fclt\u00fcr\u00fcyle haz\u0131rlanan y\u00f6resel lezzetler lahana \u00e7orbas\u0131, m\u0131s\u0131r ekme\u011fi, ke\u015fkek ile d\u00f6ner ve helva ikram\u0131 yap\u0131ld\u0131. Gelen misafirlere ikramlar\u0131 Ba\u015fkan K\u00f6ken elleriyle da\u011f\u0131tt\u0131.<\/p>\n<p>\u201c5 bin ki\u015filik organizasyon yap\u0131ld\u0131\u201d<\/p>\n<p>Ey\u00fcpsultan Belediye Ba\u015fkan\u0131 Deniz K\u00f6ken, \u201cGe\u00e7en hafta Balkan Festivali yapt\u0131k. Bu bu hafta da Karadeniz Festivali yap\u0131yoruz. Kat\u0131l\u0131m \u00e7ok y\u00fcksek. Her tarafta ayr\u0131 bir \u00e7al\u0131\u015fma var. Bura da helva da\u011f\u0131t\u0131rken arka tarafta da ke\u015fkek var. \u00d6n tarafta da e\u011flence var. Osmanl\u0131 Park art\u0131k Ey\u00fcpsultan\u2019\u0131n Park\u0131 Anadolu\u2019ya d\u00f6n\u00fc\u015ft\u00fcr\u00fcyor. Burada yakla\u015f\u0131k 5 bin ki\u015filik bir organizasyon yap\u0131l\u0131yor\u201d dedi.<\/p>\n","protected":false},"excerpt":{"rendered":"<p>EY\u00dcPSULTAN&#8217;DA D\u00dcZENLENEN KARADEN\u0130Z FEST\u0130VAL\u0130 RENKL\u0130 G\u00d6R\u00dcNT\u00dcLERE SAHNE OLDU. FEST\u0130VALDE, KARADEN\u0130Z M\u00dcZ\u0130\u011e\u0130N\u0130N YANI SIRA VATANDA\u015eLARA Y\u00d6RESEL LEZZETLER DE \u0130KRAM ED\u0130LD\u0130. BELED\u0130YE BA\u015eKANI DEN\u0130Z K\u00d6KEN&#8217;DE VATANDA\u015eLARLA B\u0130RL\u0130KTE HORON OYNADI.<\/p>\n","protected":false},"author":1,"featured_media":0,"comment_status":"closed","ping_status":"open","sticky":false,"template":"","format":"standard","meta":{"jetpack_post_was_ever_published":false,"_jetpack_newsletter_access":"","_jetpack_dont_email_post_to_subs":false,"_jetpack_newsletter_tier_id":0,"_jetpack_memberships_contains_paywalled_content":false,"_jetpack_memberships_contains_paid_content":false,"footnotes":"","jetpack_publicize_message":"","jetpack_publicize_feature_enabled":true,"jetpack_social_post_already_shared":true,"jetpack_social_options":{"image_generator_settings":{"template":"highway","default_image_id":0,"font":"","enabled":false},"version":2}},"categories":[1],"tags":[11000,3400,4220],"class_list":["post-170111","post","type-post","status-publish","format-standard","hentry","category-genel","tag-eyupsultanda","tag-festivali","tag-karadeniz"],"jetpack_publicize_connections":[],"jetpack_featured_media_url":"","jetpack_sharing_enabled":true,"jetpack_shortlink":"https:\/\/wp.me\/paKIfm-IfJ","_links":{"self":[{"href":"http:\/\/www.tvturk.com\/index.php\/wp-json\/wp\/v2\/posts\/170111","targetHints":{"allow":["GET"]}}],"collection":[{"href":"http:\/\/www.tvturk.com\/index.php\/wp-json\/wp\/v2\/posts"}],"about":[{"href":"http:\/\/www.tvturk.com\/index.php\/wp-json\/wp\/v2\/types\/post"}],"author":[{"embeddable":true,"href":"http:\/\/www.tvturk.com\/index.php\/wp-json\/wp\/v2\/users\/1"}],"replies":[{"embeddable":true,"href":"http:\/\/www.tvturk.com\/index.php\/wp-json\/wp\/v2\/comments?post=170111"}],"version-history":[{"count":0,"href":"http:\/\/www.tvturk.com\/index.php\/wp-json\/wp\/v2\/posts\/170111\/revisions"}],"wp:attachment":[{"href":"http:\/\/www.tvturk.com\/index.php\/wp-json\/wp\/v2\/media?parent=170111"}],"wp:term":[{"taxonomy":"category","embeddable":true,"href":"http:\/\/www.tvturk.com\/index.php\/wp-json\/wp\/v2\/categories?post=170111"},{"taxonomy":"post_tag","embeddable":true,"href":"http:\/\/www.tvturk.com\/index.php\/wp-json\/wp\/v2\/tags?post=170111"}],"curies":[{"name":"wp","href":"https:\/\/api.w.org\/{rel}","templated":true}]}}