{"id":170125,"date":"2019-06-16T10:49:10","date_gmt":"2019-06-16T07:49:10","guid":{"rendered":"http:\/\/www.tvturk.com\/index.php\/yksnin-ikinci-etabi-basladi\/"},"modified":"2019-06-16T10:49:10","modified_gmt":"2019-06-16T07:49:10","slug":"yksnin-ikinci-etabi-basladi","status":"publish","type":"post","link":"http:\/\/www.tvturk.com\/index.php\/yksnin-ikinci-etabi-basladi\/","title":{"rendered":"YKS\u2019nin ikinci etab\u0131 ba\u015flad\u0131"},"content":{"rendered":"<p>T\u00fcrkiye genelinde bug\u00fcn ger\u00e7ekle\u015ftirilen Y\u00fcksek\u00f6\u011fretim Kurumlar\u0131 S\u0131nav\u0131\u2019n\u0131n (YKS) ikinci etab\u0131 ba\u015flad\u0131. S\u0131nav saatinin yakla\u015fmas\u0131yla beraber adaylar girerken, ehliyetiyle s\u0131nava gelen bir aday i\u00e7eriye al\u0131nmad\u0131.<\/p>\n<p>T\u00fcrkiye genelinde bug\u00fcn Y\u00fcksek\u00f6\u011fretim Kurumlar\u0131 S\u0131nav\u0131\u2019n\u0131n ikinci etab\u0131 ger\u00e7ekle\u015ftiriliyor. Saat 10.15\u2019te olan s\u0131nav saatinin yakla\u015fmas\u0131yla beraber adaylar s\u0131nav yerlerine geldi. \u0130stanbul \u00dcniversitesi Beyaz\u0131t kamp\u00fcs\u00fc ile \u015ei\u015fli\u2019deki Ma\u00e7ka Mesleki ve Teknik Anadolu Lisesinde ger\u00e7ekle\u015fen s\u0131nava gelen adaylar i\u00e7eriye girdi. Ancak s\u0131nava girmek i\u00e7in gelen aday Yi\u011fitcan Y\u0131lmaz, ehliyetiyle s\u0131nava geldi\u011fi gerek\u00e7esiyle al\u0131nmad\u0131.<\/p>\n<p>\u201cBug\u00fcn farkl\u0131l\u0131k olsun diye ehliyetimle geldim ama giremedim\u201d<\/p>\n<p>Bunun \u00fczerine gen\u00e7 kap\u0131dan d\u00f6nen Y\u0131lmaz, \u201cBen d\u00fcn kimlikle geldim de, ehliyetle giremedim. Demek ki olaca\u011f\u0131 varm\u0131\u015f olmu\u015f. D\u00fcn kimlikle geldim, bug\u00fcn farkl\u0131l\u0131k olsun diye ehliyetimle geldim. Ehliyetle geldim, gelirken de \u00e7ok badireler atlatt\u0131m. Motosikletle geliyordum, kask takmad\u0131m, okulun k\u00f6\u015fesinde polisler vard\u0131 ama \u00e7evirmediler. R\u00fcyamda motosikletimi ba\u011fl\u0131yordu. Ben de motosikleti ara sokaklara park ettim \u00f6yle geldim. \u00c7ok ilgin\u00e7 \u015feyler ya\u015fad\u0131m. S\u0131nava giren herkese ba\u015far\u0131lar diliyorum\u201d dedi.<\/p>\n","protected":false},"excerpt":{"rendered":"<p>T\u00dcRK\u0130YE GENEL\u0130NDE BUG\u00dcN GER\u00c7EKLE\u015eT\u0130R\u0130LEN Y\u00dcKSEK\u00d6\u011eRET\u0130M KURUMLARI SINAVI\u2019NIN (YKS) \u0130K\u0130NC\u0130 ETABI BA\u015eLADI. SINAV SAAT\u0130N\u0130N YAKLA\u015eMASIYLA BERABER ADAYLAR G\u0130RERKEN, EHL\u0130YET\u0130YLE SINAVA GELEN B\u0130R ADAY \u0130\u00c7ER\u0130YE ALINMADI.<\/p>\n","protected":false},"author":1,"featured_media":0,"comment_status":"closed","ping_status":"open","sticky":false,"template":"","format":"standard","meta":{"jetpack_post_was_ever_published":false,"_jetpack_newsletter_access":"","_jetpack_dont_email_post_to_subs":false,"_jetpack_newsletter_tier_id":0,"_jetpack_memberships_contains_paywalled_content":false,"_jetpack_memberships_contains_paid_content":false,"footnotes":"","jetpack_publicize_message":"","jetpack_publicize_feature_enabled":true,"jetpack_social_post_already_shared":true,"jetpack_social_options":{"image_generator_settings":{"template":"highway","default_image_id":0,"font":"","enabled":false},"version":2}},"categories":[1],"tags":[55,18083,2087,40831],"class_list":["post-170125","post","type-post","status-publish","format-standard","hentry","category-genel","tag-basladi","tag-etabi","tag-ikinci","tag-yksnin"],"jetpack_publicize_connections":[],"jetpack_featured_media_url":"","jetpack_sharing_enabled":true,"jetpack_shortlink":"https:\/\/wp.me\/paKIfm-IfX","_links":{"self":[{"href":"http:\/\/www.tvturk.com\/index.php\/wp-json\/wp\/v2\/posts\/170125","targetHints":{"allow":["GET"]}}],"collection":[{"href":"http:\/\/www.tvturk.com\/index.php\/wp-json\/wp\/v2\/posts"}],"about":[{"href":"http:\/\/www.tvturk.com\/index.php\/wp-json\/wp\/v2\/types\/post"}],"author":[{"embeddable":true,"href":"http:\/\/www.tvturk.com\/index.php\/wp-json\/wp\/v2\/users\/1"}],"replies":[{"embeddable":true,"href":"http:\/\/www.tvturk.com\/index.php\/wp-json\/wp\/v2\/comments?post=170125"}],"version-history":[{"count":0,"href":"http:\/\/www.tvturk.com\/index.php\/wp-json\/wp\/v2\/posts\/170125\/revisions"}],"wp:attachment":[{"href":"http:\/\/www.tvturk.com\/index.php\/wp-json\/wp\/v2\/media?parent=170125"}],"wp:term":[{"taxonomy":"category","embeddable":true,"href":"http:\/\/www.tvturk.com\/index.php\/wp-json\/wp\/v2\/categories?post=170125"},{"taxonomy":"post_tag","embeddable":true,"href":"http:\/\/www.tvturk.com\/index.php\/wp-json\/wp\/v2\/tags?post=170125"}],"curies":[{"name":"wp","href":"https:\/\/api.w.org\/{rel}","templated":true}]}}